{"id":53160,"date":"2020-06-29T11:31:53","date_gmt":"2020-06-29T17:31:53","guid":{"rendered":"http:\/\/elcronistadigital.com\/?p=53160"},"modified":"2020-06-29T11:37:30","modified_gmt":"2020-06-29T17:37:30","slug":"oms-afirma-que-pandemia-de-covid-19-se-esta-acelerando","status":"publish","type":"post","link":"https:\/\/elcronistadigital.com\/?p=53160","title":{"rendered":"OMS afirma que pandemia de Covid-19 se est\u00e1 acelerando"},"content":{"rendered":"<p><span style=\"color: #003366;\"><strong><a href=\"https:\/\/elcronistadigital.com\/wp-content\/uploads\/2020\/06\/ap2.jpg\"><img loading=\"lazy\" decoding=\"async\" class=\"alignleft size-full wp-image-53161\" alt=\"ap\" src=\"https:\/\/elcronistadigital.com\/wp-content\/uploads\/2020\/06\/ap2.jpg\" width=\"400\" height=\"216\" srcset=\"https:\/\/elcronistadigital.com\/wp-content\/uploads\/2020\/06\/ap2.jpg 400w, https:\/\/elcronistadigital.com\/wp-content\/uploads\/2020\/06\/ap2-300x162.jpg 300w, https:\/\/elcronistadigital.com\/wp-content\/uploads\/2020\/06\/ap2-342x184.jpg 342w\" sizes=\"auto, (max-width: 400px) 100vw, 400px\" \/><\/a>Sputnik<\/strong><\/span><\/p>\n<p>Mosc\u00fa.- La propagaci\u00f3n del nuevo coronavirus se est\u00e1 acelerando en todo el mundo, pese a que algunos pa\u00edses han logrado avances para frenarla, advirti\u00f3 el director general de la Organizaci\u00f3n Mundial de la Salud (OMS), Tedros Adhanom Ghebreyesus.<\/p>\n<p>\u00abTodos queremos que esto termine, todos queremos seguir con nuestras vidas, pero la dura realidad es que esto ni siquiera est\u00e1 cerca de terminar, aunque muchos pa\u00edses han logrado algunos avances, a nivel mundial la pandemia se est\u00e1 acelerando\u00bb, dijo Ghebreyesus.<\/p>\n<p>A lo largo del mundo, seg\u00fan los \u00faltimos datos de la OMS, se han detectado m\u00e1s de 10,02 millones de casos de infecci\u00f3n por el pat\u00f3geno, incluidos m\u00e1s de 499.900 decesos.<\/p>\n","protected":false},"excerpt":{"rendered":"<p>Sputnik Mosc\u00fa.- La propagaci\u00f3n del nuevo coronavirus se est\u00e1 acelerando en todo el mundo, pese a que algunos pa\u00edses han logrado avances para frenarla, advirti\u00f3 el director general de la Organizaci\u00f3n Mundial de la Salud (OMS), Tedros Adhanom Ghebreyesus. \u00abTodos queremos que esto termine, todos queremos seguir con nuestras vidas, pero la dura realidad es [&hellip;]<\/p>\n","protected":false},"author":1,"featured_media":53161,"comment_status":"open","ping_status":"open","sticky":false,"template":"","format":"standard","meta":{"om_disable_all_campaigns":false,"_monsterinsights_skip_tracking":false,"_monsterinsights_sitenote_active":false,"_monsterinsights_sitenote_note":"","_monsterinsights_sitenote_category":0,"footnotes":""},"categories":[3524],"tags":[],"class_list":["post-53160","post","type-post","status-publish","format-standard","has-post-thumbnail","hentry","category-noticas"],"aioseo_notices":[],"_links":{"self":[{"href":"https:\/\/elcronistadigital.com\/index.php?rest_route=\/wp\/v2\/posts\/53160","targetHints":{"allow":["GET"]}}],"collection":[{"href":"https:\/\/elcronistadigital.com\/index.php?rest_route=\/wp\/v2\/posts"}],"about":[{"href":"https:\/\/elcronistadigital.com\/index.php?rest_route=\/wp\/v2\/types\/post"}],"author":[{"embeddable":true,"href":"https:\/\/elcronistadigital.com\/index.php?rest_route=\/wp\/v2\/users\/1"}],"replies":[{"embeddable":true,"href":"https:\/\/elcronistadigital.com\/index.php?rest_route=%2Fwp%2Fv2%2Fcomments&post=53160"}],"version-history":[{"count":1,"href":"https:\/\/elcronistadigital.com\/index.php?rest_route=\/wp\/v2\/posts\/53160\/revisions"}],"predecessor-version":[{"id":53162,"href":"https:\/\/elcronistadigital.com\/index.php?rest_route=\/wp\/v2\/posts\/53160\/revisions\/53162"}],"wp:featuredmedia":[{"embeddable":true,"href":"https:\/\/elcronistadigital.com\/index.php?rest_route=\/wp\/v2\/media\/53161"}],"wp:attachment":[{"href":"https:\/\/elcronistadigital.com\/index.php?rest_route=%2Fwp%2Fv2%2Fmedia&parent=53160"}],"wp:term":[{"taxonomy":"category","embeddable":true,"href":"https:\/\/elcronistadigital.com\/index.php?rest_route=%2Fwp%2Fv2%2Fcategories&post=53160"},{"taxonomy":"post_tag","embeddable":true,"href":"https:\/\/elcronistadigital.com\/index.php?rest_route=%2Fwp%2Fv2%2Ftags&post=53160"}],"curies":[{"name":"wp","href":"https:\/\/api.w.org\/{rel}","templated":true}]}}