{"id":53282,"date":"2020-07-23T08:43:46","date_gmt":"2020-07-23T14:43:46","guid":{"rendered":"http:\/\/elcronistadigital.com\/?p=53282"},"modified":"2020-07-23T08:43:46","modified_gmt":"2020-07-23T14:43:46","slug":"canal-6-transmite-teleserie-taiwanesa-16-veranos","status":"publish","type":"post","link":"https:\/\/elcronistadigital.com\/?p=53282","title":{"rendered":"Canal 6 transmite teleserie taiwanesa \u201c16 Veranos\u201d"},"content":{"rendered":"<p><a href=\"https:\/\/elcronistadigital.com\/wp-content\/uploads\/2020\/07\/as35.jpg\"><img loading=\"lazy\" decoding=\"async\" class=\"alignleft size-full wp-image-53283\" alt=\"as\" src=\"https:\/\/elcronistadigital.com\/wp-content\/uploads\/2020\/07\/as35.jpg\" width=\"400\" height=\"300\" srcset=\"https:\/\/elcronistadigital.com\/wp-content\/uploads\/2020\/07\/as35.jpg 400w, https:\/\/elcronistadigital.com\/wp-content\/uploads\/2020\/07\/as35-300x225.jpg 300w, https:\/\/elcronistadigital.com\/wp-content\/uploads\/2020\/07\/as35-342x256.jpg 342w, https:\/\/elcronistadigital.com\/wp-content\/uploads\/2020\/07\/as35-60x45.jpg 60w, https:\/\/elcronistadigital.com\/wp-content\/uploads\/2020\/07\/as35-150x113.jpg 150w, https:\/\/elcronistadigital.com\/wp-content\/uploads\/2020\/07\/as35-269x201.jpg 269w\" sizes=\"auto, (max-width: 400px) 100vw, 400px\" \/><\/a>El 21 de julio en el Centro Nicarag\u00fcense de Ense\u00f1anza Audiovisual y Cinematogr\u00e1fica (CNEAC), el embajador de la Rep\u00fablica de China (Taiw\u00e1n) Jaime Chin Mu Wu y el director general de Canal 6, Aar\u00f3n Peralta, llevaron a cabo la firma del convenio de transmisi\u00f3n de la teleserie taiwanesa \u201c16 Veranos\u201d.<\/p>\n<p>En la actividad particip\u00f3 la codirectora de la Cinemateca Nacional, Idania Castillo, funcionarios de Canal 6 y miembros de la Embajada.<\/p>\n<p>Peralta se\u00f1al\u00f3 que para el Canal 6 es un honor poder transmitir otra gran producci\u00f3n taiwanesa, despu\u00e9s de los excelentes resultados que se han obtenido con las otras dos telenovelas. Remarc\u00f3 que este es el inicio de muchos proyectos que se estar\u00e1n desarrollando con Taiw\u00e1n para la sana recreaci\u00f3n de la ciudadan\u00eda nicarag\u00fcense.<\/p>\n<p>Agradeci\u00f3 en nombre de todos los televidentes del pa\u00eds el continuo respaldo del gobierno de Taiw\u00e1n al mejoramiento de la educaci\u00f3n audiovisual en Nicaragua, y sobre el incansable apoyo en el \u00e1mbito de la salud para beneficio de la poblaci\u00f3n.<\/p>\n<p>Por su parte, el embajador Wu record\u00f3 que con el Canal 6 se mantienen excelentes relaciones de cooperaci\u00f3n, tales como el apoyo de programas de televisi\u00f3n educativa, la Expo Feria \u00abNicaragua Fuerza Bendita\u00bb y la ense\u00f1anza del idioma chino mandar\u00edn.<\/p>\n<p>Indic\u00f3 que esta nueva teleserie 16 Veranos est\u00e1 llena de historias de amor que reflejan los pormenores de una de una pareja que atraviesa lo bueno y malo en un lapso de 16 a\u00f1os, pasando por hechos que marcaron la vida de los taiwaneses como el terremoto de 1999 y la pandemia de 2003.<\/p>\n<p>Precis\u00f3 que a trav\u00e9s de la telenovela, los nicarag\u00fcenses podr\u00e1n conocer la idiosincrasia, costumbres y tradiciones de Taiw\u00e1n, y asegur\u00f3 que tendr\u00e1 mucho \u00e9xito en Nicaragua.<\/p>\n<p>En tanto, la codirectora de la Cinemateca expres\u00f3 sentirse muy feliz de que el p\u00fablico nicarag\u00fcense tenga esta gran oportunidad de conocer m\u00e1s sobre la hermosa cultura taiwanesa, a trav\u00e9s de esta premiada teleserie 16 Veranos.<\/p>\n<p>La teleserie \u201c16 Veranos\u201d ha obtenido m\u00faltiples premios, tales como Mejor Serie de Televisi\u00f3n, Mejor Director, Mejor Actriz de Reparto y Mejor Drama Favorito de la Televisi\u00f3n Taiwanesa. Y est\u00e1 en el aire desde el martes 21 de julio en horario estelar de lunes a viernes desde las 8 pm, solamente por Canal 6.<\/p>\n","protected":false},"excerpt":{"rendered":"<p>El 21 de julio en el Centro Nicarag\u00fcense de Ense\u00f1anza Audiovisual y Cinematogr\u00e1fica (CNEAC), el embajador de la Rep\u00fablica de China (Taiw\u00e1n) Jaime Chin Mu Wu y el director general de Canal 6, Aar\u00f3n Peralta, llevaron a cabo la firma del convenio de transmisi\u00f3n de la teleserie taiwanesa \u201c16 Veranos\u201d. En la actividad particip\u00f3 la [&hellip;]<\/p>\n","protected":false},"author":1,"featured_media":53283,"comment_status":"open","ping_status":"open","sticky":false,"template":"","format":"standard","meta":{"om_disable_all_campaigns":false,"_monsterinsights_skip_tracking":false,"_monsterinsights_sitenote_active":false,"_monsterinsights_sitenote_note":"","_monsterinsights_sitenote_category":0,"footnotes":""},"categories":[10,3524],"tags":[],"class_list":["post-53282","post","type-post","status-publish","format-standard","has-post-thumbnail","hentry","category-cultura","category-noticas"],"aioseo_notices":[],"_links":{"self":[{"href":"https:\/\/elcronistadigital.com\/index.php?rest_route=\/wp\/v2\/posts\/53282","targetHints":{"allow":["GET"]}}],"collection":[{"href":"https:\/\/elcronistadigital.com\/index.php?rest_route=\/wp\/v2\/posts"}],"about":[{"href":"https:\/\/elcronistadigital.com\/index.php?rest_route=\/wp\/v2\/types\/post"}],"author":[{"embeddable":true,"href":"https:\/\/elcronistadigital.com\/index.php?rest_route=\/wp\/v2\/users\/1"}],"replies":[{"embeddable":true,"href":"https:\/\/elcronistadigital.com\/index.php?rest_route=%2Fwp%2Fv2%2Fcomments&post=53282"}],"version-history":[{"count":1,"href":"https:\/\/elcronistadigital.com\/index.php?rest_route=\/wp\/v2\/posts\/53282\/revisions"}],"predecessor-version":[{"id":53284,"href":"https:\/\/elcronistadigital.com\/index.php?rest_route=\/wp\/v2\/posts\/53282\/revisions\/53284"}],"wp:featuredmedia":[{"embeddable":true,"href":"https:\/\/elcronistadigital.com\/index.php?rest_route=\/wp\/v2\/media\/53283"}],"wp:attachment":[{"href":"https:\/\/elcronistadigital.com\/index.php?rest_route=%2Fwp%2Fv2%2Fmedia&parent=53282"}],"wp:term":[{"taxonomy":"category","embeddable":true,"href":"https:\/\/elcronistadigital.com\/index.php?rest_route=%2Fwp%2Fv2%2Fcategories&post=53282"},{"taxonomy":"post_tag","embeddable":true,"href":"https:\/\/elcronistadigital.com\/index.php?rest_route=%2Fwp%2Fv2%2Ftags&post=53282"}],"curies":[{"name":"wp","href":"https:\/\/api.w.org\/{rel}","templated":true}]}}