{"id":53288,"date":"2020-07-24T08:51:03","date_gmt":"2020-07-24T14:51:03","guid":{"rendered":"http:\/\/elcronistadigital.com\/?p=53288"},"modified":"2020-07-24T08:51:03","modified_gmt":"2020-07-24T14:51:03","slug":"taiwan-dona-10-ventiladores-pulmonares-al-minsa","status":"publish","type":"post","link":"https:\/\/elcronistadigital.com\/?p=53288","title":{"rendered":"Taiw\u00e1n dona 10 ventiladores pulmonares al Minsa"},"content":{"rendered":"<p><a href=\"https:\/\/elcronistadigital.com\/wp-content\/uploads\/2020\/07\/as37.jpg\"><img loading=\"lazy\" decoding=\"async\" class=\"alignleft size-full wp-image-53289\" alt=\"as\" src=\"https:\/\/elcronistadigital.com\/wp-content\/uploads\/2020\/07\/as37.jpg\" width=\"400\" height=\"221\" srcset=\"https:\/\/elcronistadigital.com\/wp-content\/uploads\/2020\/07\/as37.jpg 400w, https:\/\/elcronistadigital.com\/wp-content\/uploads\/2020\/07\/as37-300x165.jpg 300w, https:\/\/elcronistadigital.com\/wp-content\/uploads\/2020\/07\/as37-342x188.jpg 342w\" sizes=\"auto, (max-width: 400px) 100vw, 400px\" \/><\/a>En la sede del Minsa, el embajador de la Rep\u00fablica de China (Taiw\u00e1n), Jaime Chin-Mu Wu, entreg\u00f3 el 22 de julio una donaci\u00f3n consistente en 10 ventiladores pulmonares a la ministra de Salud, Dra. Martha Reyes, para fortalecer la loable labor de detecci\u00f3n, control y prevenci\u00f3n del Covid-19 en Nicaragua.<\/p>\n<p>En el acto participaron funcionarios del Minsa, Minrex y miembros de la Embajada y de la Misi\u00f3n T\u00e9cnica de Taiw\u00e1n.<\/p>\n<p>El embajador Wu mencion\u00f3 que el lunes viaj\u00f3 junto a la ministra Reyes al municipio de El Viejo, Chinandega, para inaugurar all\u00ed una Casa Materna, y el d\u00eda 21 firm\u00f3 junto al director de Canal 6, un convenio para la transmisi\u00f3n de la teleserie taiwanesa 16 veranos.<\/p>\n<p>Y hoy nuevamente, Taiw\u00e1n est\u00e1 reafirmando su compromiso con la salud y bienestar de las familias nicarag\u00fcenses.<\/p>\n<p>Precis\u00f3 que esta donaci\u00f3n viene a ayudar a que Nicaragua siga ofreciendo una atenci\u00f3n en salud de calidad, oportuna y gratuita a los pacientes de cuidados intensivos y a la poblaci\u00f3n en general.<\/p>\n<p>Record\u00f3 que Taiw\u00e1n ha venido colaborando con Nicaragua desde que se registr\u00f3 el primer caso, con insumos y equipos m\u00e9dicos para apoyar y fortalecer el trabajo de prevenci\u00f3n y control ante el Covid- 19.<\/p>\n<p>Finalmente, destac\u00f3 que estos 10 ventiladores pulmonares reforzar\u00e1n la valiosa labor que diariamente realizan los m\u00e9dicos y enfermeras para llevar alivio a los pacientes.<a href=\"https:\/\/elcronistadigital.com\/wp-content\/uploads\/2020\/07\/as114.jpg\"><img loading=\"lazy\" decoding=\"async\" class=\"alignright size-full wp-image-53290\" alt=\"as1\" src=\"https:\/\/elcronistadigital.com\/wp-content\/uploads\/2020\/07\/as114.jpg\" width=\"400\" height=\"293\" srcset=\"https:\/\/elcronistadigital.com\/wp-content\/uploads\/2020\/07\/as114.jpg 400w, https:\/\/elcronistadigital.com\/wp-content\/uploads\/2020\/07\/as114-300x219.jpg 300w, https:\/\/elcronistadigital.com\/wp-content\/uploads\/2020\/07\/as114-342x250.jpg 342w, https:\/\/elcronistadigital.com\/wp-content\/uploads\/2020\/07\/as114-60x45.jpg 60w, https:\/\/elcronistadigital.com\/wp-content\/uploads\/2020\/07\/as114-90x65.jpg 90w\" sizes=\"auto, (max-width: 400px) 100vw, 400px\" \/><\/a><\/p>\n<p>Mientras tanto, la ministra Reyes resalt\u00f3 que esta donaci\u00f3n es clave para fortalecer la respuesta inmediata ante los casos cr\u00edticos que necesitan la respiraci\u00f3n asistida.<\/p>\n<p>Asimismo dijo que dicho donativo viene a incrementar los esfuerzos del gobierno de mejorar la calidad de la atenci\u00f3n en las \u00e1reas de cuidados intensivos de los hospitales del pa\u00eds. Agradeci\u00f3 al pueblo y gobierno de Taiw\u00e1n por este apoyo solidario, que refuerza la lucha del gobierno para restituir el derecho de los nicarag\u00fcenses a una atenci\u00f3n m\u00e9dica digna.<\/p>\n","protected":false},"excerpt":{"rendered":"<p>En la sede del Minsa, el embajador de la Rep\u00fablica de China (Taiw\u00e1n), Jaime Chin-Mu Wu, entreg\u00f3 el 22 de julio una donaci\u00f3n consistente en 10 ventiladores pulmonares a la ministra de Salud, Dra. Martha Reyes, para fortalecer la loable labor de detecci\u00f3n, control y prevenci\u00f3n del Covid-19 en Nicaragua. En el acto participaron funcionarios [&hellip;]<\/p>\n","protected":false},"author":1,"featured_media":53290,"comment_status":"open","ping_status":"open","sticky":false,"template":"","format":"standard","meta":{"om_disable_all_campaigns":false,"_monsterinsights_skip_tracking":false,"_monsterinsights_sitenote_active":false,"_monsterinsights_sitenote_note":"","_monsterinsights_sitenote_category":0,"footnotes":""},"categories":[3,3524],"tags":[],"class_list":["post-53288","post","type-post","status-publish","format-standard","has-post-thumbnail","hentry","category-nacionales","category-noticas"],"aioseo_notices":[],"_links":{"self":[{"href":"https:\/\/elcronistadigital.com\/index.php?rest_route=\/wp\/v2\/posts\/53288","targetHints":{"allow":["GET"]}}],"collection":[{"href":"https:\/\/elcronistadigital.com\/index.php?rest_route=\/wp\/v2\/posts"}],"about":[{"href":"https:\/\/elcronistadigital.com\/index.php?rest_route=\/wp\/v2\/types\/post"}],"author":[{"embeddable":true,"href":"https:\/\/elcronistadigital.com\/index.php?rest_route=\/wp\/v2\/users\/1"}],"replies":[{"embeddable":true,"href":"https:\/\/elcronistadigital.com\/index.php?rest_route=%2Fwp%2Fv2%2Fcomments&post=53288"}],"version-history":[{"count":1,"href":"https:\/\/elcronistadigital.com\/index.php?rest_route=\/wp\/v2\/posts\/53288\/revisions"}],"predecessor-version":[{"id":53291,"href":"https:\/\/elcronistadigital.com\/index.php?rest_route=\/wp\/v2\/posts\/53288\/revisions\/53291"}],"wp:featuredmedia":[{"embeddable":true,"href":"https:\/\/elcronistadigital.com\/index.php?rest_route=\/wp\/v2\/media\/53290"}],"wp:attachment":[{"href":"https:\/\/elcronistadigital.com\/index.php?rest_route=%2Fwp%2Fv2%2Fmedia&parent=53288"}],"wp:term":[{"taxonomy":"category","embeddable":true,"href":"https:\/\/elcronistadigital.com\/index.php?rest_route=%2Fwp%2Fv2%2Fcategories&post=53288"},{"taxonomy":"post_tag","embeddable":true,"href":"https:\/\/elcronistadigital.com\/index.php?rest_route=%2Fwp%2Fv2%2Ftags&post=53288"}],"curies":[{"name":"wp","href":"https:\/\/api.w.org\/{rel}","templated":true}]}}