{"id":53994,"date":"2020-12-30T08:36:57","date_gmt":"2020-12-30T14:36:57","guid":{"rendered":"http:\/\/elcronistadigital.com\/?p=53994"},"modified":"2020-12-30T08:36:57","modified_gmt":"2020-12-30T14:36:57","slug":"santa-claus-visita-asilo-y-mueren-18-abuelitos-de-covid-en-belgica","status":"publish","type":"post","link":"https:\/\/elcronistadigital.com\/?p=53994","title":{"rendered":"Santa Claus visita asilo y mueren 18 abuelitos de Covid en B\u00e9lgica"},"content":{"rendered":"<p><a href=\"https:\/\/elcronistadigital.com\/wp-content\/uploads\/2020\/12\/al21.jpg\"><img loading=\"lazy\" decoding=\"async\" class=\"alignleft size-full wp-image-53995\" alt=\"al\" src=\"https:\/\/elcronistadigital.com\/wp-content\/uploads\/2020\/12\/al21.jpg\" width=\"400\" height=\"208\" srcset=\"https:\/\/elcronistadigital.com\/wp-content\/uploads\/2020\/12\/al21.jpg 400w, https:\/\/elcronistadigital.com\/wp-content\/uploads\/2020\/12\/al21-300x156.jpg 300w, https:\/\/elcronistadigital.com\/wp-content\/uploads\/2020\/12\/al21-342x177.jpg 342w\" sizes=\"auto, (max-width: 400px) 100vw, 400px\" \/><\/a>Un \u2018Santa Claus\u2019 asintom\u00e1tico ocasion\u00f3 una tragedia en un asilo de B\u00e9lgica, luego de realizar una visita en temporadas decembrinas e infectar a los residentes con Covid-19.<\/p>\n<p>De acuerdo a la informaci\u00f3n, el Santa Claus visit\u00f3 la residencia Hemelrijck ubicada en la localidad de Mol, en el lugar habitan 169 personas de la tercera edad.<\/p>\n<p>El personaje era uno de los hijos de los abuelitos que decidi\u00f3 vestirse de Santa Claus para alegrar a los residentes, sin medir las consecuencias de lo que podr\u00eda suceder.<\/p>\n<p>El Santa Claus visit\u00f3 la residencia a principios de diciembre y a los pocos d\u00edas comenz\u00f3 a tener s\u00edntomas de coronavirus, por lo que se aplic\u00f3 la prueba y sali\u00f3 positivo.<\/p>\n<p>Al mismo tiempo, varios abuelitos comenzaron a mostrar s\u00edntomas de Covid-19, por lo que al realizar la prueba salieron 45 personas positivas.<\/p>\n<p>Al terminar de aplicar las pruebas se tuvieron un total de 120 abuelitos infectados, as\u00ed como 16 empleados que resultaron dar positivo.<\/p>\n<p>Adem\u00e1s de los infectados, se registraron 18 ancianos fallecidos, lo que pondr\u00eda en problemas legales a la empresa por violar las normas establecidas en el pa\u00eds.<\/p>\n","protected":false},"excerpt":{"rendered":"<p>Un \u2018Santa Claus\u2019 asintom\u00e1tico ocasion\u00f3 una tragedia en un asilo de B\u00e9lgica, luego de realizar una visita en temporadas decembrinas e infectar a los residentes con Covid-19. De acuerdo a la informaci\u00f3n, el Santa Claus visit\u00f3 la residencia Hemelrijck ubicada en la localidad de Mol, en el lugar habitan 169 personas de la tercera edad. [&hellip;]<\/p>\n","protected":false},"author":1,"featured_media":53995,"comment_status":"open","ping_status":"open","sticky":false,"template":"","format":"standard","meta":{"om_disable_all_campaigns":false,"_monsterinsights_skip_tracking":false,"_monsterinsights_sitenote_active":false,"_monsterinsights_sitenote_note":"","_monsterinsights_sitenote_category":0,"footnotes":""},"categories":[3524],"tags":[],"class_list":["post-53994","post","type-post","status-publish","format-standard","has-post-thumbnail","hentry","category-noticas"],"aioseo_notices":[],"_links":{"self":[{"href":"https:\/\/elcronistadigital.com\/index.php?rest_route=\/wp\/v2\/posts\/53994","targetHints":{"allow":["GET"]}}],"collection":[{"href":"https:\/\/elcronistadigital.com\/index.php?rest_route=\/wp\/v2\/posts"}],"about":[{"href":"https:\/\/elcronistadigital.com\/index.php?rest_route=\/wp\/v2\/types\/post"}],"author":[{"embeddable":true,"href":"https:\/\/elcronistadigital.com\/index.php?rest_route=\/wp\/v2\/users\/1"}],"replies":[{"embeddable":true,"href":"https:\/\/elcronistadigital.com\/index.php?rest_route=%2Fwp%2Fv2%2Fcomments&post=53994"}],"version-history":[{"count":1,"href":"https:\/\/elcronistadigital.com\/index.php?rest_route=\/wp\/v2\/posts\/53994\/revisions"}],"predecessor-version":[{"id":53996,"href":"https:\/\/elcronistadigital.com\/index.php?rest_route=\/wp\/v2\/posts\/53994\/revisions\/53996"}],"wp:featuredmedia":[{"embeddable":true,"href":"https:\/\/elcronistadigital.com\/index.php?rest_route=\/wp\/v2\/media\/53995"}],"wp:attachment":[{"href":"https:\/\/elcronistadigital.com\/index.php?rest_route=%2Fwp%2Fv2%2Fmedia&parent=53994"}],"wp:term":[{"taxonomy":"category","embeddable":true,"href":"https:\/\/elcronistadigital.com\/index.php?rest_route=%2Fwp%2Fv2%2Fcategories&post=53994"},{"taxonomy":"post_tag","embeddable":true,"href":"https:\/\/elcronistadigital.com\/index.php?rest_route=%2Fwp%2Fv2%2Ftags&post=53994"}],"curies":[{"name":"wp","href":"https:\/\/api.w.org\/{rel}","templated":true}]}}