{"id":54152,"date":"2021-02-17T16:56:47","date_gmt":"2021-02-17T22:56:47","guid":{"rendered":"http:\/\/elcronistadigital.com\/?p=54152"},"modified":"2021-02-17T16:56:47","modified_gmt":"2021-02-17T22:56:47","slug":"taiwan-y-mined-rehabilitan-dos-escuelas-en-chontales","status":"publish","type":"post","link":"https:\/\/elcronistadigital.com\/?p=54152","title":{"rendered":"Taiw\u00e1n y Mined rehabilitan dos escuelas en Chontales"},"content":{"rendered":"<p><a href=\"https:\/\/elcronistadigital.com\/wp-content\/uploads\/2021\/02\/a.jpg\"><img loading=\"lazy\" decoding=\"async\" class=\"alignleft size-full wp-image-54153\" alt=\"a\" src=\"https:\/\/elcronistadigital.com\/wp-content\/uploads\/2021\/02\/a.jpg\" width=\"400\" height=\"300\" srcset=\"https:\/\/elcronistadigital.com\/wp-content\/uploads\/2021\/02\/a.jpg 400w, https:\/\/elcronistadigital.com\/wp-content\/uploads\/2021\/02\/a-300x225.jpg 300w, https:\/\/elcronistadigital.com\/wp-content\/uploads\/2021\/02\/a-342x256.jpg 342w, https:\/\/elcronistadigital.com\/wp-content\/uploads\/2021\/02\/a-60x45.jpg 60w, https:\/\/elcronistadigital.com\/wp-content\/uploads\/2021\/02\/a-150x113.jpg 150w, https:\/\/elcronistadigital.com\/wp-content\/uploads\/2021\/02\/a-269x201.jpg 269w\" sizes=\"auto, (max-width: 400px) 100vw, 400px\" \/><\/a>Este 17 de febrero, en el municipio de Santo Domingo, Chontales, el embajador Jaime Chin-Mu Wu y la ministra de Educaci\u00f3n, Miriam R\u00e1udez Rodr\u00edguez, inauguraron las mejoras que se hicieron a las infraestructuras de las escuelas Los Chinamos y Santo Domingo, como parte del proyecto de \u201cMantenimiento y Reparaci\u00f3n de Centros Escolares\u201d.<\/p>\n<p>Asistieron los directores de los centros educativos, cuerpo docente y estudiantil, funcionarios del Mined, Minsa y miembros de la Embajada de Taiw\u00e1n.<\/p>\n<p>En su intervenci\u00f3n, el embajador Wu transmiti\u00f3 un saludo fraterno a todos los ni\u00f1os, ni\u00f1as y j\u00f3venes nicarag\u00fcenses de parte de los ni\u00f1os, ni\u00f1as y j\u00f3venes de Taiw\u00e1n. Destac\u00f3 que desde el a\u00f1o 2017, Taiw\u00e1n ha venido colaborando con este proyecto y en estos cinco a\u00f1os se han renovado much\u00edsimos centros educativos en todo el territorio nacional.<\/p>\n<p>Se\u00f1al\u00f3 que estas mejoras son obras de amor para ofrecerles a la ni\u00f1ez y juventud nicarag\u00fcense un espacio \u00f3ptimo, en donde puedan estudiar y aprender con dignidad, seguridad y tranquilidad.<\/p>\n<p>Asimismo, coment\u00f3 que el Gobierno de Reconciliaci\u00f3n y Unidad Nacional, a trav\u00e9s del Mined, ha venido invirtiendo grandes recursos en potenciar el desarrollo de los recursos humanos a trav\u00e9s de la educaci\u00f3n, y de esa formar poder alcanzar las l\u00edneas del progreso socioecon\u00f3mico de Nicaragua.<a href=\"https:\/\/elcronistadigital.com\/wp-content\/uploads\/2021\/02\/a1.bmp\"><img decoding=\"async\" class=\"alignright size-full wp-image-54154\" alt=\"a1\" src=\"https:\/\/elcronistadigital.com\/wp-content\/uploads\/2021\/02\/a1.bmp\" \/><\/a><\/p>\n<p>Concluy\u00f3 felicitando a los estudiantes por estos nuevos logros, de contar con nuevas escuelas donde forjaran sus sue\u00f1os.<\/p>\n<p>En tanto, la ministra R\u00e1udez agradeci\u00f3 en nombre del Gobierno de Nicaragua y del sector educativo del municipio esta nueva muestra de amor y solidaridad del pueblo de Taiw\u00e1n para con la poblaci\u00f3n estudiantil del pa\u00eds.<\/p>\n<p>Resalt\u00f3 que con las mejoras realizadas en ambos centros se est\u00e1 beneficiando directamente a cienes de estudiantes de todas las modalidades, que provienen de las siete comunidades que forman parte de este municipio.<\/p>\n<p>Enfatiz\u00f3 que con estas remodelaciones se est\u00e1 cumpliendo con el mandato del gobierno de restituir el derecho a una educaci\u00f3n gratuita y de calidad para toda la ni\u00f1ez y juventud nicarag\u00fcense.<\/p>\n","protected":false},"excerpt":{"rendered":"<p>Este 17 de febrero, en el municipio de Santo Domingo, Chontales, el embajador Jaime Chin-Mu Wu y la ministra de Educaci\u00f3n, Miriam R\u00e1udez Rodr\u00edguez, inauguraron las mejoras que se hicieron a las infraestructuras de las escuelas Los Chinamos y Santo Domingo, como parte del proyecto de \u201cMantenimiento y Reparaci\u00f3n de Centros Escolares\u201d. Asistieron los directores [&hellip;]<\/p>\n","protected":false},"author":1,"featured_media":54154,"comment_status":"open","ping_status":"open","sticky":false,"template":"","format":"standard","meta":{"om_disable_all_campaigns":false,"_monsterinsights_skip_tracking":false,"_monsterinsights_sitenote_active":false,"_monsterinsights_sitenote_note":"","_monsterinsights_sitenote_category":0,"footnotes":""},"categories":[3,3524],"tags":[],"class_list":["post-54152","post","type-post","status-publish","format-standard","has-post-thumbnail","hentry","category-nacionales","category-noticas"],"aioseo_notices":[],"_links":{"self":[{"href":"https:\/\/elcronistadigital.com\/index.php?rest_route=\/wp\/v2\/posts\/54152","targetHints":{"allow":["GET"]}}],"collection":[{"href":"https:\/\/elcronistadigital.com\/index.php?rest_route=\/wp\/v2\/posts"}],"about":[{"href":"https:\/\/elcronistadigital.com\/index.php?rest_route=\/wp\/v2\/types\/post"}],"author":[{"embeddable":true,"href":"https:\/\/elcronistadigital.com\/index.php?rest_route=\/wp\/v2\/users\/1"}],"replies":[{"embeddable":true,"href":"https:\/\/elcronistadigital.com\/index.php?rest_route=%2Fwp%2Fv2%2Fcomments&post=54152"}],"version-history":[{"count":1,"href":"https:\/\/elcronistadigital.com\/index.php?rest_route=\/wp\/v2\/posts\/54152\/revisions"}],"predecessor-version":[{"id":54155,"href":"https:\/\/elcronistadigital.com\/index.php?rest_route=\/wp\/v2\/posts\/54152\/revisions\/54155"}],"wp:featuredmedia":[{"embeddable":true,"href":"https:\/\/elcronistadigital.com\/index.php?rest_route=\/wp\/v2\/media\/54154"}],"wp:attachment":[{"href":"https:\/\/elcronistadigital.com\/index.php?rest_route=%2Fwp%2Fv2%2Fmedia&parent=54152"}],"wp:term":[{"taxonomy":"category","embeddable":true,"href":"https:\/\/elcronistadigital.com\/index.php?rest_route=%2Fwp%2Fv2%2Fcategories&post=54152"},{"taxonomy":"post_tag","embeddable":true,"href":"https:\/\/elcronistadigital.com\/index.php?rest_route=%2Fwp%2Fv2%2Ftags&post=54152"}],"curies":[{"name":"wp","href":"https:\/\/api.w.org\/{rel}","templated":true}]}}