{"id":54164,"date":"2021-02-19T17:52:31","date_gmt":"2021-02-19T23:52:31","guid":{"rendered":"http:\/\/elcronistadigital.com\/?p=54164"},"modified":"2021-02-19T17:52:31","modified_gmt":"2021-02-19T23:52:31","slug":"reconstruyen-casa-materna-de-condega","status":"publish","type":"post","link":"https:\/\/elcronistadigital.com\/?p=54164","title":{"rendered":"Reconstruyen Casa Materna de Condega"},"content":{"rendered":"<p><a href=\"https:\/\/elcronistadigital.com\/wp-content\/uploads\/2021\/02\/aa26.jpg\"><img loading=\"lazy\" decoding=\"async\" class=\"alignleft size-full wp-image-54165\" alt=\"aa\" src=\"https:\/\/elcronistadigital.com\/wp-content\/uploads\/2021\/02\/aa26.jpg\" width=\"400\" height=\"304\" srcset=\"https:\/\/elcronistadigital.com\/wp-content\/uploads\/2021\/02\/aa26.jpg 400w, https:\/\/elcronistadigital.com\/wp-content\/uploads\/2021\/02\/aa26-300x228.jpg 300w, https:\/\/elcronistadigital.com\/wp-content\/uploads\/2021\/02\/aa26-342x259.jpg 342w, https:\/\/elcronistadigital.com\/wp-content\/uploads\/2021\/02\/aa26-60x45.jpg 60w, https:\/\/elcronistadigital.com\/wp-content\/uploads\/2021\/02\/aa26-150x113.jpg 150w\" sizes=\"auto, (max-width: 400px) 100vw, 400px\" \/><\/a>En el municipio de Condega, Estel\u00ed, el embajador Jaime Chin-Mu Wu y la ministra de Salud, Dra. Martha Reyes, inauguraron la reconstrucci\u00f3n y mejoras realizadas en la Casa Materna \u201cMar\u00eda de la Cruz Joya\u201d.<\/p>\n<p>El embajador Wu, durante su alocuci\u00f3n, record\u00f3 que hace algunos a\u00f1os estuvo en este municipio una brigada m\u00e9dica patentizando la solidaridad y el amor del pueblo y gobierno de Taiw\u00e1n para con el pueblo y gobierno de Nicaragua.<\/p>\n<p>\u201cY hoy d\u00eda estamos de nuevo aqu\u00ed para inaugurar las obras de mejoras realizadas en esta importante Casa Materna\u201d, indic\u00f3.<\/p>\n<p>Se\u00f1al\u00f3 que con esta remodelaci\u00f3n se est\u00e1 haciendo realidad una victoria m\u00e1s en el camino hacia la restituci\u00f3n de una atenci\u00f3n digna en salud para las mujeres embarazadas y para la poblaci\u00f3n en general.<\/p>\n<p>Asimismo, destac\u00f3 que el Proyecto de Casas Maternas es emblem\u00e1tico y es promovido por el Gobierno del presidente Daniel Ortega y la vicepresidenta Rosario Murillo, para garantizar la salud y la vida de las mujeres embarazadas y de los neonatos en todo el pa\u00eds.<\/p>\n<p>Por \u00faltimo, felicit\u00f3 al personal de Salud del Minsa y a las parteras por el reconocimiento obtenido a nivel internacional, gracias a su arduo trabajo en pro de las mujeres embarazadas.<\/p>\n<p>En tanto, la ministra Reyes mencion\u00f3 que gracias a la estrategia y la prioridad del Gobierno de Nicaragua de promover y asegurar la salud del pueblo, y al firme apoyo del Gobierno de Taiw\u00e1n, hoy Nicaragua cuenta a nivel nacional con 178 Casas Maternas.<\/p>\n<p>Puntualiz\u00f3 que la inversi\u00f3n realizada en las mejoras de la infraestructura de esta Casa Materna, es de m\u00e1s de 340 mil c\u00f3rdobas, y beneficiar\u00e1 directamente a m\u00e1s de 30 mil habitantes del municipio y sus alrededores.<\/p>\n<p>Agradeci\u00f3 en nombre de la poblaci\u00f3n del municipio al pueblo de Taiw\u00e1n por ayudar a fortalecer y asegurar el acceso a una atenci\u00f3n en salud gratuita y de calidad para a las mujeres en cada rinc\u00f3n del pa\u00eds.<a href=\"https:\/\/elcronistadigital.com\/wp-content\/uploads\/2021\/02\/aa112.jpg\"><img loading=\"lazy\" decoding=\"async\" class=\"alignright size-full wp-image-54166\" alt=\"aa1\" src=\"https:\/\/elcronistadigital.com\/wp-content\/uploads\/2021\/02\/aa112.jpg\" width=\"400\" height=\"303\" srcset=\"https:\/\/elcronistadigital.com\/wp-content\/uploads\/2021\/02\/aa112.jpg 400w, https:\/\/elcronistadigital.com\/wp-content\/uploads\/2021\/02\/aa112-300x227.jpg 300w, https:\/\/elcronistadigital.com\/wp-content\/uploads\/2021\/02\/aa112-342x259.jpg 342w, https:\/\/elcronistadigital.com\/wp-content\/uploads\/2021\/02\/aa112-60x45.jpg 60w, https:\/\/elcronistadigital.com\/wp-content\/uploads\/2021\/02\/aa112-150x113.jpg 150w\" sizes=\"auto, (max-width: 400px) 100vw, 400px\" \/><\/a><\/p>\n<p>En el acto participaron el alcalde municipal, Jairo Arce; el director departamental del Silais de Estel\u00ed, Dr. V\u00edctor Treminio; el director del Hospital Primario, Dr. Gamaliel Arr\u00f3liga; personal m\u00e9dico del Silais; promotores de Fetsalud; autoridades locales; las beneficiaras mujeres embarazadas y miembros de la Embajada de Taiw\u00e1n.<\/p>\n","protected":false},"excerpt":{"rendered":"<p>En el municipio de Condega, Estel\u00ed, el embajador Jaime Chin-Mu Wu y la ministra de Salud, Dra. Martha Reyes, inauguraron la reconstrucci\u00f3n y mejoras realizadas en la Casa Materna \u201cMar\u00eda de la Cruz Joya\u201d. El embajador Wu, durante su alocuci\u00f3n, record\u00f3 que hace algunos a\u00f1os estuvo en este municipio una brigada m\u00e9dica patentizando la solidaridad [&hellip;]<\/p>\n","protected":false},"author":1,"featured_media":54166,"comment_status":"open","ping_status":"open","sticky":false,"template":"","format":"standard","meta":{"om_disable_all_campaigns":false,"_monsterinsights_skip_tracking":false,"_monsterinsights_sitenote_active":false,"_monsterinsights_sitenote_note":"","_monsterinsights_sitenote_category":0,"footnotes":""},"categories":[3,3524],"tags":[],"class_list":["post-54164","post","type-post","status-publish","format-standard","has-post-thumbnail","hentry","category-nacionales","category-noticas"],"aioseo_notices":[],"_links":{"self":[{"href":"https:\/\/elcronistadigital.com\/index.php?rest_route=\/wp\/v2\/posts\/54164","targetHints":{"allow":["GET"]}}],"collection":[{"href":"https:\/\/elcronistadigital.com\/index.php?rest_route=\/wp\/v2\/posts"}],"about":[{"href":"https:\/\/elcronistadigital.com\/index.php?rest_route=\/wp\/v2\/types\/post"}],"author":[{"embeddable":true,"href":"https:\/\/elcronistadigital.com\/index.php?rest_route=\/wp\/v2\/users\/1"}],"replies":[{"embeddable":true,"href":"https:\/\/elcronistadigital.com\/index.php?rest_route=%2Fwp%2Fv2%2Fcomments&post=54164"}],"version-history":[{"count":1,"href":"https:\/\/elcronistadigital.com\/index.php?rest_route=\/wp\/v2\/posts\/54164\/revisions"}],"predecessor-version":[{"id":54167,"href":"https:\/\/elcronistadigital.com\/index.php?rest_route=\/wp\/v2\/posts\/54164\/revisions\/54167"}],"wp:featuredmedia":[{"embeddable":true,"href":"https:\/\/elcronistadigital.com\/index.php?rest_route=\/wp\/v2\/media\/54166"}],"wp:attachment":[{"href":"https:\/\/elcronistadigital.com\/index.php?rest_route=%2Fwp%2Fv2%2Fmedia&parent=54164"}],"wp:term":[{"taxonomy":"category","embeddable":true,"href":"https:\/\/elcronistadigital.com\/index.php?rest_route=%2Fwp%2Fv2%2Fcategories&post=54164"},{"taxonomy":"post_tag","embeddable":true,"href":"https:\/\/elcronistadigital.com\/index.php?rest_route=%2Fwp%2Fv2%2Ftags&post=54164"}],"curies":[{"name":"wp","href":"https:\/\/api.w.org\/{rel}","templated":true}]}}