{"id":54182,"date":"2021-02-24T07:33:58","date_gmt":"2021-02-24T13:33:58","guid":{"rendered":"http:\/\/elcronistadigital.com\/?p=54182"},"modified":"2021-02-24T07:33:58","modified_gmt":"2021-02-24T13:33:58","slug":"rehabilitan-casa-materna-de-waslala","status":"publish","type":"post","link":"https:\/\/elcronistadigital.com\/?p=54182","title":{"rendered":"Rehabilitan Casa Materna de Waslala"},"content":{"rendered":"<p><a href=\"https:\/\/elcronistadigital.com\/wp-content\/uploads\/2021\/02\/aa31.jpg\"><img loading=\"lazy\" decoding=\"async\" class=\"alignleft size-full wp-image-54183\" alt=\"aa\" src=\"https:\/\/elcronistadigital.com\/wp-content\/uploads\/2021\/02\/aa31.jpg\" width=\"400\" height=\"300\" srcset=\"https:\/\/elcronistadigital.com\/wp-content\/uploads\/2021\/02\/aa31.jpg 400w, https:\/\/elcronistadigital.com\/wp-content\/uploads\/2021\/02\/aa31-300x225.jpg 300w, https:\/\/elcronistadigital.com\/wp-content\/uploads\/2021\/02\/aa31-342x256.jpg 342w, https:\/\/elcronistadigital.com\/wp-content\/uploads\/2021\/02\/aa31-60x45.jpg 60w, https:\/\/elcronistadigital.com\/wp-content\/uploads\/2021\/02\/aa31-150x113.jpg 150w, https:\/\/elcronistadigital.com\/wp-content\/uploads\/2021\/02\/aa31-269x201.jpg 269w\" sizes=\"auto, (max-width: 400px) 100vw, 400px\" \/><\/a>La Casa Materna \u201cEl Naranjo\u201d, en Waslala, Matagalpa, fue rehabilitada y reinaugurada recientemente por el ministro consejero de la Embajada de Taiw\u00e1n, Iv\u00e1n Lo y la ministra asesora del Presidente de la Rep\u00fablica para temas de Salud, Dra. Sonia Castro, como parte del \u201cProyecto Mantenimiento y Reparaci\u00f3n de Casas Maternas y Puestos de Salud\u201d.<\/p>\n<p>El Ministro Consejero record\u00f3 que este proyecto inici\u00f3 en octubre de 2017, y hasta la fecha se han rehabilitado m\u00e1s de 50 Casas Maternas y Puestos de Salud en todo el pa\u00eds. Se\u00f1al\u00f3 que este es un proyecto loable e importante para la salud y bienestar de las mujeres embarazadas que viven en las zonas urbanas y rurales del pa\u00eds, el cual tambi\u00e9n ha ayudado a disminuir grandemente las muertes maternas y perinatales.<\/p>\n<p>Puntualiz\u00f3 que en las Casa Maternas, a las mujeres embarazadas se les brinda una respuesta oportuna y eficaz, recibiendo un servicio de salud digno, una alimentaci\u00f3n nutritiva y un alojamiento con calidez humana.<\/p>\n<p>Por \u00faltimo, reiter\u00f3 que Taiw\u00e1n seguir\u00e1 trabajando junto al Minsa para asegurar una atenci\u00f3n en salud gratuita y de calidad para toda la poblaci\u00f3n nicarag\u00fcense.<\/p>\n<p>Por su parte, la Ministra Asesora expres\u00f3 que el proyecto de las Casas Maternas tiene un gran impacto positivo en la vida de las personas y muy particularmente en la vida y salud de las mujeres embarazadas y de sus beb\u00e9s.<\/p>\n<p>Agreg\u00f3 que el municipio de Waslala cuenta con cuatro Casas Maternas, y todas ellas han sido remodeladas y mejoradas con el apoyo incondicional del pueblo y gobierno de Taiw\u00e1n.<\/p>\n<p>Destac\u00f3 que Nicaragua actualmente cuenta con m\u00e1s de 178 Casa Maternas, donde las mujeres embarazadas recibiendo una atenci\u00f3n primaria de calidad las 24 horas del d\u00eda. Finalmente, agradeci\u00f3 en nombre de los pobladores del municipio y del personal de salud, al pueblo de Taiw\u00e1n por su invaluable contribuci\u00f3n para el cuido de la salud de las familias nicarag\u00fcenses.<\/p>\n<p>Al concluir el evento de la Casa Materna, el Ministro Consejero Lo particip\u00f3 en un encuentro municipal de trabajadores de Salud, donde conoci\u00f3 las estrategias que se est\u00e1n desarrollando para ense\u00f1ar a la poblaci\u00f3n a prevenir enfermedades.<\/p>\n<p>En la actividad estuvieron el director del Silais-Matagalpa, Dr. Erasmo Jarqu\u00edn, el alcalde German Vargas; la delegada del Gobierno Regional de la Costa Caribe Norte, Blanca Montenegro; delegados locales; personal m\u00e9dicos del Silais, Fetsalud, mujeres embarazadas beneficiadas y funcionarios de la Embajada de Taiw\u00e1n.<\/p>\n","protected":false},"excerpt":{"rendered":"<p>La Casa Materna \u201cEl Naranjo\u201d, en Waslala, Matagalpa, fue rehabilitada y reinaugurada recientemente por el ministro consejero de la Embajada de Taiw\u00e1n, Iv\u00e1n Lo y la ministra asesora del Presidente de la Rep\u00fablica para temas de Salud, Dra. Sonia Castro, como parte del \u201cProyecto Mantenimiento y Reparaci\u00f3n de Casas Maternas y Puestos de Salud\u201d. El [&hellip;]<\/p>\n","protected":false},"author":1,"featured_media":54183,"comment_status":"open","ping_status":"open","sticky":false,"template":"","format":"standard","meta":{"om_disable_all_campaigns":false,"_monsterinsights_skip_tracking":false,"_monsterinsights_sitenote_active":false,"_monsterinsights_sitenote_note":"","_monsterinsights_sitenote_category":0,"footnotes":""},"categories":[3,3524],"tags":[],"class_list":["post-54182","post","type-post","status-publish","format-standard","has-post-thumbnail","hentry","category-nacionales","category-noticas"],"aioseo_notices":[],"_links":{"self":[{"href":"https:\/\/elcronistadigital.com\/index.php?rest_route=\/wp\/v2\/posts\/54182","targetHints":{"allow":["GET"]}}],"collection":[{"href":"https:\/\/elcronistadigital.com\/index.php?rest_route=\/wp\/v2\/posts"}],"about":[{"href":"https:\/\/elcronistadigital.com\/index.php?rest_route=\/wp\/v2\/types\/post"}],"author":[{"embeddable":true,"href":"https:\/\/elcronistadigital.com\/index.php?rest_route=\/wp\/v2\/users\/1"}],"replies":[{"embeddable":true,"href":"https:\/\/elcronistadigital.com\/index.php?rest_route=%2Fwp%2Fv2%2Fcomments&post=54182"}],"version-history":[{"count":1,"href":"https:\/\/elcronistadigital.com\/index.php?rest_route=\/wp\/v2\/posts\/54182\/revisions"}],"predecessor-version":[{"id":54184,"href":"https:\/\/elcronistadigital.com\/index.php?rest_route=\/wp\/v2\/posts\/54182\/revisions\/54184"}],"wp:featuredmedia":[{"embeddable":true,"href":"https:\/\/elcronistadigital.com\/index.php?rest_route=\/wp\/v2\/media\/54183"}],"wp:attachment":[{"href":"https:\/\/elcronistadigital.com\/index.php?rest_route=%2Fwp%2Fv2%2Fmedia&parent=54182"}],"wp:term":[{"taxonomy":"category","embeddable":true,"href":"https:\/\/elcronistadigital.com\/index.php?rest_route=%2Fwp%2Fv2%2Fcategories&post=54182"},{"taxonomy":"post_tag","embeddable":true,"href":"https:\/\/elcronistadigital.com\/index.php?rest_route=%2Fwp%2Fv2%2Ftags&post=54182"}],"curies":[{"name":"wp","href":"https:\/\/api.w.org\/{rel}","templated":true}]}}