{"id":54210,"date":"2021-02-27T09:41:11","date_gmt":"2021-02-27T15:41:11","guid":{"rendered":"http:\/\/elcronistadigital.com\/?p=54210"},"modified":"2021-02-27T09:41:11","modified_gmt":"2021-02-27T15:41:11","slug":"mexico-nombra-embajador-en-nicaragua","status":"publish","type":"post","link":"https:\/\/elcronistadigital.com\/?p=54210","title":{"rendered":"M\u00e9xico nombra embajador en Nicaragua"},"content":{"rendered":"<p><a href=\"https:\/\/elcronistadigital.com\/wp-content\/uploads\/2021\/02\/aa39.jpg\"><img loading=\"lazy\" decoding=\"async\" class=\"alignleft size-full wp-image-54211\" alt=\"aa\" src=\"https:\/\/elcronistadigital.com\/wp-content\/uploads\/2021\/02\/aa39.jpg\" width=\"400\" height=\"266\" srcset=\"https:\/\/elcronistadigital.com\/wp-content\/uploads\/2021\/02\/aa39.jpg 400w, https:\/\/elcronistadigital.com\/wp-content\/uploads\/2021\/02\/aa39-300x199.jpg 300w, https:\/\/elcronistadigital.com\/wp-content\/uploads\/2021\/02\/aa39-342x227.jpg 342w\" sizes=\"auto, (max-width: 400px) 100vw, 400px\" \/><\/a>La C\u00e1mara de Senadores de M\u00e9xico recibi\u00f3 el jueves el nombramiento que se expidi\u00f3 a favor de Gustavo Alonso Cabrera Rodr\u00edguez, como embajador en la Rep\u00fablica de Nicaragua.<\/p>\n<p>Dicho nombramiento fue remitido a las comisiones unidas de Relaciones Exteriores y de Relaciones Exteriores, Am\u00e9rica Latina y el Caribe.<\/p>\n<p>Junto al de Nicaragua, el Senado de la naci\u00f3n azteca recibi\u00f3 otros tres oficios con los que el Ejecutivo Federal remiti\u00f3 el nombramiento de los nuevos embajadores de M\u00e9xico en el Reino Unido, Alemania y Malasia.<\/p>\n<p>La Mesa Directiva envi\u00f3 los nombramientos para las embajadas del Reino Unido y de Alemania a las comisiones de unidas de Relaciones Exteriores; y, de Relaciones Exteriores, Europa para su dictamen correspondiente. El de la embajada de Malasia a las comisiones Unidas de Relaciones Exteriores y de Relaciones Exteriores, Asia, Pac\u00edfico y \u00c1frica.<\/p>\n","protected":false},"excerpt":{"rendered":"<p>La C\u00e1mara de Senadores de M\u00e9xico recibi\u00f3 el jueves el nombramiento que se expidi\u00f3 a favor de Gustavo Alonso Cabrera Rodr\u00edguez, como embajador en la Rep\u00fablica de Nicaragua. Dicho nombramiento fue remitido a las comisiones unidas de Relaciones Exteriores y de Relaciones Exteriores, Am\u00e9rica Latina y el Caribe. Junto al de Nicaragua, el Senado de [&hellip;]<\/p>\n","protected":false},"author":1,"featured_media":54211,"comment_status":"open","ping_status":"open","sticky":false,"template":"","format":"standard","meta":{"om_disable_all_campaigns":false,"_monsterinsights_skip_tracking":false,"_monsterinsights_sitenote_active":false,"_monsterinsights_sitenote_note":"","_monsterinsights_sitenote_category":0,"footnotes":""},"categories":[3524],"tags":[],"class_list":["post-54210","post","type-post","status-publish","format-standard","has-post-thumbnail","hentry","category-noticas"],"aioseo_notices":[],"_links":{"self":[{"href":"https:\/\/elcronistadigital.com\/index.php?rest_route=\/wp\/v2\/posts\/54210","targetHints":{"allow":["GET"]}}],"collection":[{"href":"https:\/\/elcronistadigital.com\/index.php?rest_route=\/wp\/v2\/posts"}],"about":[{"href":"https:\/\/elcronistadigital.com\/index.php?rest_route=\/wp\/v2\/types\/post"}],"author":[{"embeddable":true,"href":"https:\/\/elcronistadigital.com\/index.php?rest_route=\/wp\/v2\/users\/1"}],"replies":[{"embeddable":true,"href":"https:\/\/elcronistadigital.com\/index.php?rest_route=%2Fwp%2Fv2%2Fcomments&post=54210"}],"version-history":[{"count":1,"href":"https:\/\/elcronistadigital.com\/index.php?rest_route=\/wp\/v2\/posts\/54210\/revisions"}],"predecessor-version":[{"id":54212,"href":"https:\/\/elcronistadigital.com\/index.php?rest_route=\/wp\/v2\/posts\/54210\/revisions\/54212"}],"wp:featuredmedia":[{"embeddable":true,"href":"https:\/\/elcronistadigital.com\/index.php?rest_route=\/wp\/v2\/media\/54211"}],"wp:attachment":[{"href":"https:\/\/elcronistadigital.com\/index.php?rest_route=%2Fwp%2Fv2%2Fmedia&parent=54210"}],"wp:term":[{"taxonomy":"category","embeddable":true,"href":"https:\/\/elcronistadigital.com\/index.php?rest_route=%2Fwp%2Fv2%2Fcategories&post=54210"},{"taxonomy":"post_tag","embeddable":true,"href":"https:\/\/elcronistadigital.com\/index.php?rest_route=%2Fwp%2Fv2%2Ftags&post=54210"}],"curies":[{"name":"wp","href":"https:\/\/api.w.org\/{rel}","templated":true}]}}