{"id":54213,"date":"2021-02-27T10:05:30","date_gmt":"2021-02-27T16:05:30","guid":{"rendered":"http:\/\/elcronistadigital.com\/?p=54213"},"modified":"2021-02-27T10:05:30","modified_gmt":"2021-02-27T16:05:30","slug":"pma-aprueba-us31-3-millones-para-nicaragua","status":"publish","type":"post","link":"https:\/\/elcronistadigital.com\/?p=54213","title":{"rendered":"PMA aprueba US$31.3 millones para Nicaragua"},"content":{"rendered":"<p><span style=\"color: #993300;\"><em><strong><a href=\"https:\/\/elcronistadigital.com\/wp-content\/uploads\/2021\/02\/aa40.jpg\"><img loading=\"lazy\" decoding=\"async\" class=\"alignleft size-full wp-image-54214\" alt=\"aa\" src=\"https:\/\/elcronistadigital.com\/wp-content\/uploads\/2021\/02\/aa40.jpg\" width=\"400\" height=\"185\" srcset=\"https:\/\/elcronistadigital.com\/wp-content\/uploads\/2021\/02\/aa40.jpg 400w, https:\/\/elcronistadigital.com\/wp-content\/uploads\/2021\/02\/aa40-300x138.jpg 300w, https:\/\/elcronistadigital.com\/wp-content\/uploads\/2021\/02\/aa40-342x158.jpg 342w\" sizes=\"auto, (max-width: 400px) 100vw, 400px\" \/><\/a>* El Programa Mundial de Alimentos (PMA), aprob\u00f3 US$ 31.3 millones a fin de apoyar la seguridad alimentaria de Nicaragua.<\/strong><\/em><\/span><\/p>\n<p>El Gobierno de Nicaragua inform\u00f3 el viernes anterior que la Junta Directiva del Programa Mundial de Alimentos (PMA) aprob\u00f3 un incremento en su presupuesto para el per\u00edodo 2019-2022 por 31,3 millones de d\u00f3lares para apoyar la seguridad alimentaria.<\/p>\n<p>Ese incremento presupuestario se da \u00aba ra\u00edz de los fen\u00f3menos meteorol\u00f3gicos y afectaciones provocadas por los huracanes Eta e Iota\u00bb en noviembre pasado, que afectaron principalmente el Caribe nicarag\u00fcense, indic\u00f3 el Ejecutivo citado por Efe.<\/p>\n<p>\u00abLas evaluaciones de los da\u00f1os materiales, la destrucci\u00f3n de medios de subsistencia, en particular en la Costa caribe\u00f1a y el corredor seco centroamericano, pusieron de relieve la vulnerabilidad de nuestro pa\u00eds ante las perturbaciones recurrentes debidas al cambio clim\u00e1tico\u00bb, se\u00f1al\u00f3 el Gobierno.<\/p>\n<p>En coordinaci\u00f3n con el Gobierno, el PMA ampliar\u00e1 las actividades de alimentaci\u00f3n escolar, apoyar\u00e1 los programas nacionales de protecci\u00f3n social basados en actividades productivas, y proporcionar\u00e1 servicios relacionados con la cadena de suministro, indic\u00f3.<\/p>\n<p>Alrededor de 26.000 familias ser\u00e1n destinatarias de un proyecto conjunto del PMA y la Organizaci\u00f3n de las Naciones Unidas para la Alimentaci\u00f3n y la Agricultura (FAO), mediante el cual los beneficiarios recibir\u00e1n activos productivos y los insumos agr\u00edcolas necesarios para reanudar las actividades de plantaci\u00f3n, de acuerdo con la informaci\u00f3n oficial.<\/p>\n<p>El aumento de presupuesto del PMA a Nicaragua responde al compromiso del Gobierno que preside el sandinista Daniel Ortega \u00abde concretar acciones que le permitan la recuperaci\u00f3n y reactivaci\u00f3n econ\u00f3mica, social y ambiental, con el apoyo de organismos y pa\u00edses donantes con los cuales Nicaragua mantiene excelentes relaciones de acompa\u00f1amiento y solidaridad, en tiempos normales y de emergencias como la provocada por los dos huracanes\u00bb, agreg\u00f3.<\/p>\n<p>La Regi\u00f3n Aut\u00f3noma del Caribe Norte, la m\u00e1s pobre y aislada, y de unos 500.000 habitantes, en su mayor\u00eda ind\u00edgenas, fue la zona m\u00e1s afectada por el paso del hurac\u00e1n Eta el 3 de noviembre pasado, y del Iota el 16 del mismo mes, ambos en categor\u00eda 4 en la escala Saffir-Simpson, de un m\u00e1ximo de 5.<\/p>\n<p>El Gobierno de Nicaragua ha estimado en 742 millones de d\u00f3lares las p\u00e9rdidas causadas por los huracanes, que adem\u00e1s dejaron 21 muertos, sin incluir al menos 7 v\u00edctimas, 3 de ellas durante el paso de Eta, que no fueron reconocidas por las autoridades.<\/p>\n","protected":false},"excerpt":{"rendered":"<p>* El Programa Mundial de Alimentos (PMA), aprob\u00f3 US$ 31.3 millones a fin de apoyar la seguridad alimentaria de Nicaragua. El Gobierno de Nicaragua inform\u00f3 el viernes anterior que la Junta Directiva del Programa Mundial de Alimentos (PMA) aprob\u00f3 un incremento en su presupuesto para el per\u00edodo 2019-2022 por 31,3 millones de d\u00f3lares para apoyar [&hellip;]<\/p>\n","protected":false},"author":1,"featured_media":54214,"comment_status":"open","ping_status":"open","sticky":false,"template":"","format":"standard","meta":{"om_disable_all_campaigns":false,"_monsterinsights_skip_tracking":false,"_monsterinsights_sitenote_active":false,"_monsterinsights_sitenote_note":"","_monsterinsights_sitenote_category":0,"footnotes":""},"categories":[3,3524],"tags":[],"class_list":["post-54213","post","type-post","status-publish","format-standard","has-post-thumbnail","hentry","category-nacionales","category-noticas"],"aioseo_notices":[],"_links":{"self":[{"href":"https:\/\/elcronistadigital.com\/index.php?rest_route=\/wp\/v2\/posts\/54213","targetHints":{"allow":["GET"]}}],"collection":[{"href":"https:\/\/elcronistadigital.com\/index.php?rest_route=\/wp\/v2\/posts"}],"about":[{"href":"https:\/\/elcronistadigital.com\/index.php?rest_route=\/wp\/v2\/types\/post"}],"author":[{"embeddable":true,"href":"https:\/\/elcronistadigital.com\/index.php?rest_route=\/wp\/v2\/users\/1"}],"replies":[{"embeddable":true,"href":"https:\/\/elcronistadigital.com\/index.php?rest_route=%2Fwp%2Fv2%2Fcomments&post=54213"}],"version-history":[{"count":1,"href":"https:\/\/elcronistadigital.com\/index.php?rest_route=\/wp\/v2\/posts\/54213\/revisions"}],"predecessor-version":[{"id":54215,"href":"https:\/\/elcronistadigital.com\/index.php?rest_route=\/wp\/v2\/posts\/54213\/revisions\/54215"}],"wp:featuredmedia":[{"embeddable":true,"href":"https:\/\/elcronistadigital.com\/index.php?rest_route=\/wp\/v2\/media\/54214"}],"wp:attachment":[{"href":"https:\/\/elcronistadigital.com\/index.php?rest_route=%2Fwp%2Fv2%2Fmedia&parent=54213"}],"wp:term":[{"taxonomy":"category","embeddable":true,"href":"https:\/\/elcronistadigital.com\/index.php?rest_route=%2Fwp%2Fv2%2Fcategories&post=54213"},{"taxonomy":"post_tag","embeddable":true,"href":"https:\/\/elcronistadigital.com\/index.php?rest_route=%2Fwp%2Fv2%2Ftags&post=54213"}],"curies":[{"name":"wp","href":"https:\/\/api.w.org\/{rel}","templated":true}]}}