{"id":54230,"date":"2021-03-02T10:49:13","date_gmt":"2021-03-02T16:49:13","guid":{"rendered":"http:\/\/elcronistadigital.com\/?p=54230"},"modified":"2021-03-02T10:49:13","modified_gmt":"2021-03-02T16:49:13","slug":"rehabilitacion-naturista-post-covid","status":"publish","type":"post","link":"https:\/\/elcronistadigital.com\/?p=54230","title":{"rendered":"Rehabilitaci\u00f3n naturista Post-Covid"},"content":{"rendered":"<p><span style=\"color: #003366;\"><strong><a href=\"https:\/\/elcronistadigital.com\/wp-content\/uploads\/2021\/03\/aa5.jpg\"><img loading=\"lazy\" decoding=\"async\" class=\"alignleft size-full wp-image-54231\" alt=\"aa\" src=\"https:\/\/elcronistadigital.com\/wp-content\/uploads\/2021\/03\/aa5.jpg\" width=\"400\" height=\"266\" srcset=\"https:\/\/elcronistadigital.com\/wp-content\/uploads\/2021\/03\/aa5.jpg 400w, https:\/\/elcronistadigital.com\/wp-content\/uploads\/2021\/03\/aa5-300x199.jpg 300w, https:\/\/elcronistadigital.com\/wp-content\/uploads\/2021\/03\/aa5-342x227.jpg 342w\" sizes=\"auto, (max-width: 400px) 100vw, 400px\" \/><\/a>Alexis Adarfio Mar\u00edn<\/strong><\/span><\/p>\n<p>I.<\/p>\n<p>Durante el mes de febrero varias noticias de corte cient\u00edfico, que abordaron la era post-covid, fueron \u00abPrimera P\u00e1gina\u00bb en la prensa mundial por las consecuencias que anunciaron para la humanidad.<\/p>\n<p>Se inici\u00f3 el mes con una noticia muy alarmante cuyo fondo era que \u00abpodr\u00eda haber hasta 55 secuelas y 200 s\u00edntomas tras haber contra\u00eddo Covid-19\u00bb.<\/p>\n<p>En p\u00e1ginas del 25 de febrero, fueron rese\u00f1adas las declaraciones ofrecidas en rueda de prensa por el director regional de la OMS para Europa, Hans Henri P. Kluge (https:\/\/www.euro.who.int\/en), donde se advierte por un lado que \u00abuno de cada 10 infectados por COVID-19 sufre secuelas tres meses despu\u00e9s de contraer la enfermedad\u00bb y concluye recomendando: \u00abEl coronavirus ha causado mucho sufrimiento en toda Europea, y los informes son un motivo adicional de preocupaci\u00f3n. Es importante que los pacientes que tienen estos s\u00edntomas sean incluidos como parte de la respuesta al Covid-19 para mitigar algunos de los impactos sanitarios a largo plazo de la pandemia. Este informe deja clara la necesidad de que los responsables pol\u00edticos tomen la iniciativa en esta cuesti\u00f3n\u00bb.<\/p>\n<p>De inmediato, el 26 de febrero, recorri\u00f3 el mundo un alentador reportaje de la agencia The Associated Press (AP) con informaci\u00f3n muy esperanzadora que tuvo eco en la prensa de los pa\u00edses m\u00e1s golpeados por el virus, cuyo titular dice \u00abVenezuela: Terapias alternas combaten secuelas del Covid-19\u00bb y explica una pol\u00edtica de salud con epicentro en Caracas, D.F, auspiciada por Erika Farias, la Alcaldesa de Caracas, que ha asumido la incorporaci\u00f3n de la Salud Natural en el sistema p\u00fablico de salud.<\/p>\n<p>AP destaca la opini\u00f3n de quienes dirigen ese plan maravilloso de rehabilitaci\u00f3n en Venezuela:<\/p>\n<p>a) Febe Raquel Aular, una m\u00e9dica cirujana, especializada en terapias complementarias y coordinadora del Plan para la atenci\u00f3n de pacientes con secuelas del nuevo coronavirus, dijo que \u00abexisten 44 centros de salud de Caracas, donde utilizan la acupuntura y los tratamientos con ventosas, la fisioterapia, los ejercicios respiratorios y los masajes, entre otros\u00bb. En comunicaci\u00f3n telef\u00f3nica la Dra. Aular nos dijo que es la Rehabilitaci\u00f3n Anticovid 3E (ecol\u00f3gica, econ\u00f3mica y efectiva).<\/p>\n<p>b) \u00abLas autoridades tienen el control a trav\u00e9s de la vacunaci\u00f3n y todo el protocolo que tienen para el COVID y nosotros dijimos: vamos a ocuparnos ahora de los efectos secundarios\u00bb, dijo Juan Mario Montecinos, un m\u00e9dico venezolano, tutor del plan, que ense\u00f1a en Europa y en algunos pa\u00edses de Am\u00e9rica Latina muchos estilos de acupuntura, quien desde que comenz\u00f3 la cuarentena en marzo en Venezuela no pudo volver a Espa\u00f1a, donde reside, y desde entonces recorre los centros de rehabilitaci\u00f3n instruyendo a los m\u00e9dicos y dirigiendo pr\u00e1cticas de una docena de t\u00e9cnicas de acupuntura para los pacientes que tuvieron COVID-19.<\/p>\n<p>II.<\/p>\n<p>El Plan para la atenci\u00f3n de pacientes con secuelas del covid-19 en Venezuela contempla 10 recursos terap\u00e9uticos para elevar el sistema inmunol\u00f3gico y recuperar el equilibrio f\u00edsico, ps\u00edquico y emocional de los pacientes.<\/p>\n<p>1. ACUPUNTURA: Es un recurso terap\u00e9utico de la medicina tradicional china y japonesa que consiste en la introducci\u00f3n de agujas muy finas en determinados puntos del cuerpo para tratar diversas enfermedades. La primera vez que se hace referencia a la acupuntura data de textos del a\u00f1o 100 a.C. en la \u00e9poca del Emperador amarillo.<\/p>\n<p>2. MOXIBUSTI\u00d3N : Es un m\u00e9todo que trata y previene enfermedades aplicando calor por medio de conos o puros de MOXA caliente, sobre ciertos puntos de la superficie del cuerpo. De esta forma existe una estimulaci\u00f3n por calor en puntos espec\u00edficos o canales del cuerpo, produce un efecto del fluir de la energ\u00eda de los canales y as\u00ed tratar enfermedades. Su uso data de m\u00e1s de 3000 a\u00f1os en China, la medicina moderna ha realizado numerosas investigaciones y pr\u00e1cticas cl\u00ednicas donde se confirman sus buenos resultados. La moxa est\u00e1 hecha de la planta Artemisa (Artemisia vulgaris) con grandes propiedades medicinales y que ha sido utilizada desde la antig\u00fcedad.<\/p>\n<p>3. VENTOSAS O CUPPING: consiste en la aplicaci\u00f3n de ventosas sobre la piel, con la que se hace el vac\u00edo, (presi\u00f3n negativa) succionando la piel y parte del musculo, de tal modo que se abren los poros y favorece la circulaci\u00f3n sangu\u00ednea y linf\u00e1tica. Las ventosas son elaboradas en cristal y pl\u00e1stico.<\/p>\n<p>4. EQUILIBRIO IONICO: Es un recurso terap\u00e9utico que facilita la desintoxicaci\u00f3n i\u00f3nica del cuerpo, esta terapia promueve la actividad i\u00f3nica del organismo. Consisten en introducir los pies en un recipiente que contiene agua y sal durante 15 minutos. Es segura f\u00e1cil.<\/p>\n<p>5. TERAPIAS RESPIRATORIAS.: Son un conjunto de t\u00e9cnicas que ayudan a los pacientes a mejorar y fortalecer el sistema respiratorio luego de haber presentado patolog\u00edas respiratorias (agudas o cr\u00f3nicas) y especialmente en pacientes PostCovid-19, ya que es uno de los sistemas m\u00e1s afectados.<\/p>\n<p>6. HOMEOPATIA: Es un sistema que se emplea para el tratamiento de enfermedades, basado en el suministro de peque\u00f1as dosis o mediante diluciones. A trav\u00e9s de una pr\u00e1ctica conocida como potenciaci\u00f3n o dinamizaci\u00f3n, el home\u00f3pata diluye una sustancia en agua destilada y luego la agita de manera en\u00e9rgica. Fue creada por Samuel Hahnemann (1755- 1843) m\u00e9dico, farmac\u00f3logo y qu\u00edmico alem\u00e1n.<\/p>\n<p>7. MUSICOTERAPIA: Se refiere a un recurso terap\u00e9utico a trav\u00e9s del uso de m\u00fasica, para generar en el paciente cambios en su estado mental y f\u00edsico que puedan ser observables o subjetivos referidos por el paciente. La musicoterapia es el arte de reunir o ejecutar combinaciones de sonidos para promover cambios en las personas que la escuchan. Sus usos son muy antiguos, los egipcios empleaban la m\u00fasica en el a\u00f1o 1284 a.C con fines curativos.<\/p>\n<p>8. AUTOHEMOTERAPIA (AHT), AUTOVACUNA: Es una terapia inmunomoduladora que consiste en la extracci\u00f3n de sangre venosa y su retorno inmediatamente por v\u00eda intramuscular. Los primeros reportes de Autohemoterapia datan de 1912 a cargo de m\u00e9dico Franc\u00e9s Paul Revaut quien describi\u00f3 la t\u00e9cnica, dos d\u00e9cadas m\u00e1s tardes, el investigador Gaston Lyon (1938) compilo sus observaciones en un libro titulado Terapias Biol\u00f3gicas, la cual se convirti\u00f3 en la referencia bibliogr\u00e1fica m\u00e1s antigua de la autohemoterapia en idioma espa\u00f1ol.<\/p>\n<p>9. MASAJES : Es un m\u00e9todo que aplica maniobras de forma sistem\u00e1tica a las estructuras del cuerpo, mediante una fuerza externa aplicada con las manos, donde se manipulan las capas superficiales y profunda de los m\u00fasculos, con el prop\u00f3sito de mejorar el estado general y local del paciente.<\/p>\n<p>10. FITOTERAPIA: Deriva del griego phyt\u00f3s y therapeia que consiste en el uso de productos de origen vegetal para la prevenci\u00f3n y tratamiento de muchas enfermedades y forma parte de la terapia natural. Aunque su uso es tan antiguo como el hombre en la Tierra, ya que no solo se alimentaba de frutos sino tambi\u00e9n de plantas, utilizaba las mismas para sus procesos de sanaci\u00f3n. El concepto de Fitoterapia fue usado por el m\u00e9dico franc\u00e9s Henri Leclerc en 1913 y public\u00f3 varios manuales de Fitoterapia.<\/p>\n<p>III.<\/p>\n<p>Para lograr los mayores, mejores y m\u00e1s r\u00e1pidos resultados de este Plan para la atenci\u00f3n de pacientes con secuelas del covid-19 en Venezuela se recomienda:<\/p>\n<p>1) Crear en cada municipio un Frente de sobrevivientes del covid-19, bajo el esquema On Line.<\/p>\n<p>2) Constituir un Comit\u00e9 nacional para combatir las secuelas del Covid-19, integrado por Copermenat, FundaArteSana, MPPS, Alcaldesa de Caracas y Gran Misi\u00f3n Hogares de la Patria.<\/p>\n<p>3) Constituir un voluntariado de Natur\u00f3patas y terapeutas \u00abTodos contra el Covid\u00bb para aplicar el Plan en todo el pa\u00eds.<\/p>\n<p>4) Desarrollar un Plan de Formaci\u00f3n Nacional dirigido por el Dr Juan Mario Montecinos, con acreditaci\u00f3n y certificaci\u00f3n de las universidades que imparten programas de Medicinas naturales y terapias complementarias.<\/p>\n<p>5) Iniciar un Programa Piloto con una Sala de Rehabilitaci\u00f3n Integral (SRI) por parroquia en cada estado para atender a los sobrevivientes.<\/p>\n<p>6) Institucionalizar el Plan como un Protocolo oficial del MPPS.<\/p>\n<p>7) Presentar el Plan por ante las oficinas de la Organizaci\u00f3n Panamericana de Salud (OPS) para su validaci\u00f3n e implementaci\u00f3n en nuestro continente.<\/p>\n","protected":false},"excerpt":{"rendered":"<p>Alexis Adarfio Mar\u00edn I. Durante el mes de febrero varias noticias de corte cient\u00edfico, que abordaron la era post-covid, fueron \u00abPrimera P\u00e1gina\u00bb en la prensa mundial por las consecuencias que anunciaron para la humanidad. Se inici\u00f3 el mes con una noticia muy alarmante cuyo fondo era que \u00abpodr\u00eda haber hasta 55 secuelas y 200 s\u00edntomas [&hellip;]<\/p>\n","protected":false},"author":1,"featured_media":54231,"comment_status":"open","ping_status":"open","sticky":false,"template":"","format":"standard","meta":{"om_disable_all_campaigns":false,"_monsterinsights_skip_tracking":false,"_monsterinsights_sitenote_active":false,"_monsterinsights_sitenote_note":"","_monsterinsights_sitenote_category":0,"footnotes":""},"categories":[7],"tags":[],"class_list":["post-54230","post","type-post","status-publish","format-standard","has-post-thumbnail","hentry","category-salud-y-belleza"],"aioseo_notices":[],"_links":{"self":[{"href":"https:\/\/elcronistadigital.com\/index.php?rest_route=\/wp\/v2\/posts\/54230","targetHints":{"allow":["GET"]}}],"collection":[{"href":"https:\/\/elcronistadigital.com\/index.php?rest_route=\/wp\/v2\/posts"}],"about":[{"href":"https:\/\/elcronistadigital.com\/index.php?rest_route=\/wp\/v2\/types\/post"}],"author":[{"embeddable":true,"href":"https:\/\/elcronistadigital.com\/index.php?rest_route=\/wp\/v2\/users\/1"}],"replies":[{"embeddable":true,"href":"https:\/\/elcronistadigital.com\/index.php?rest_route=%2Fwp%2Fv2%2Fcomments&post=54230"}],"version-history":[{"count":1,"href":"https:\/\/elcronistadigital.com\/index.php?rest_route=\/wp\/v2\/posts\/54230\/revisions"}],"predecessor-version":[{"id":54232,"href":"https:\/\/elcronistadigital.com\/index.php?rest_route=\/wp\/v2\/posts\/54230\/revisions\/54232"}],"wp:featuredmedia":[{"embeddable":true,"href":"https:\/\/elcronistadigital.com\/index.php?rest_route=\/wp\/v2\/media\/54231"}],"wp:attachment":[{"href":"https:\/\/elcronistadigital.com\/index.php?rest_route=%2Fwp%2Fv2%2Fmedia&parent=54230"}],"wp:term":[{"taxonomy":"category","embeddable":true,"href":"https:\/\/elcronistadigital.com\/index.php?rest_route=%2Fwp%2Fv2%2Fcategories&post=54230"},{"taxonomy":"post_tag","embeddable":true,"href":"https:\/\/elcronistadigital.com\/index.php?rest_route=%2Fwp%2Fv2%2Ftags&post=54230"}],"curies":[{"name":"wp","href":"https:\/\/api.w.org\/{rel}","templated":true}]}}