{"id":54373,"date":"2021-03-29T15:18:32","date_gmt":"2021-03-29T21:18:32","guid":{"rendered":"http:\/\/elcronistadigital.com\/?p=54373"},"modified":"2021-03-29T15:18:32","modified_gmt":"2021-03-29T21:18:32","slug":"mejoran-granja-porcina-en-el-rama-con-colaboracion-de-taiwan","status":"publish","type":"post","link":"https:\/\/elcronistadigital.com\/?p=54373","title":{"rendered":"Mejoran granja porcina en El Rama con colaboraci\u00f3n de Taiw\u00e1n"},"content":{"rendered":"<p><a href=\"https:\/\/elcronistadigital.com\/wp-content\/uploads\/2021\/03\/aa46.jpg\"><img loading=\"lazy\" decoding=\"async\" class=\"alignleft size-full wp-image-54374\" alt=\"aa\" src=\"https:\/\/elcronistadigital.com\/wp-content\/uploads\/2021\/03\/aa46.jpg\" width=\"400\" height=\"297\" srcset=\"https:\/\/elcronistadigital.com\/wp-content\/uploads\/2021\/03\/aa46.jpg 400w, https:\/\/elcronistadigital.com\/wp-content\/uploads\/2021\/03\/aa46-300x222.jpg 300w, https:\/\/elcronistadigital.com\/wp-content\/uploads\/2021\/03\/aa46-342x253.jpg 342w, https:\/\/elcronistadigital.com\/wp-content\/uploads\/2021\/03\/aa46-60x45.jpg 60w, https:\/\/elcronistadigital.com\/wp-content\/uploads\/2021\/03\/aa46-269x201.jpg 269w\" sizes=\"auto, (max-width: 400px) 100vw, 400px\" \/><\/a>En el poblado \u201cEl Recreo\u201d, del municipio de El Rama, en la Regi\u00f3n Aut\u00f3noma de la Costa Caribe Sur (RACCS), el ministro consejero Iv\u00e1n Lo y el codirector del Inta, Miguel Obando, inauguraron la ampliaci\u00f3n de la Granja Porcina de Mejoramiento Gen\u00e9tico del Centro de Desarrollo Tecnol\u00f3gico General Augusto C. Sandino, en el marco del Proyecto \u201cMejoramiento Gen\u00e9tico para Incrementar la Productividad del Ganado Porcino\u201d.<\/p>\n<p>Durante su intervenci\u00f3n, Obando coment\u00f3 que esta inauguraci\u00f3n permitir\u00e1 a los productores y pobladores en general de esta Regi\u00f3n, tener acceso a mejores espec\u00edmenes gen\u00e9ticos porcinos. Agreg\u00f3 que con la misma, se est\u00e1 dando cumplimiento a una de las estrategias m\u00e1s importantes y primordiales del Gobierno, como es la de erradicar la pobreza extrema en el territorio nacional, y sobre todo en la Costa Caribe del pa\u00eds.<\/p>\n<p>Asegur\u00f3 que las mejoras realizadas en la granja contribuir\u00e1n a que las peque\u00f1as familias productoras vayan mejorando la calidad de sus cerdos y aumentando la productividad de los mismos.<\/p>\n<p>Afirm\u00f3 que otra meta que se tiene dentro del proyecto es la de crear emprendimientos para la producci\u00f3n de alimento porcino, lo que permitir\u00e1 garantizar el desarrollo tecnol\u00f3gico de los productores.<\/p>\n<p>Finalmente, agradeci\u00f3 al pueblo de Taiw\u00e1n por su continua colaboraci\u00f3n para garantizar la seguridad alimentaria y nutricional de las familias nicarag\u00fcenses.<\/p>\n<p>Por su parte, el ministro consejero Lo se\u00f1al\u00f3 que a trav\u00e9s de este proyecto se pretende establecer 17 granjas tecnificadas en todo el territorio nicarag\u00fcense, una por cada departamento y que hasta la fecha ya se han inaugurado 10 granjas.<\/p>\n<p>A\u00f1adi\u00f3 que gracias a la ejecuci\u00f3n del mismo, se han alcanzado importantes avances en el mejoramiento de la calidad gen\u00e9tica de los cerdos y se ha incrementado la calidad de la producci\u00f3n de carne de cerdo, tanto para el consumo nacional como para la exportaci\u00f3n. <a href=\"https:\/\/elcronistadigital.com\/wp-content\/uploads\/2021\/03\/aa123.jpg\"><img loading=\"lazy\" decoding=\"async\" class=\"alignright size-full wp-image-54375\" alt=\"aa1\" src=\"https:\/\/elcronistadigital.com\/wp-content\/uploads\/2021\/03\/aa123.jpg\" width=\"400\" height=\"294\" srcset=\"https:\/\/elcronistadigital.com\/wp-content\/uploads\/2021\/03\/aa123.jpg 400w, https:\/\/elcronistadigital.com\/wp-content\/uploads\/2021\/03\/aa123-300x220.jpg 300w, https:\/\/elcronistadigital.com\/wp-content\/uploads\/2021\/03\/aa123-342x251.jpg 342w, https:\/\/elcronistadigital.com\/wp-content\/uploads\/2021\/03\/aa123-60x45.jpg 60w, https:\/\/elcronistadigital.com\/wp-content\/uploads\/2021\/03\/aa123-90x65.jpg 90w\" sizes=\"auto, (max-width: 400px) 100vw, 400px\" \/><\/a><\/p>\n<p>Precis\u00f3 que estas granjas tambi\u00e9n servir\u00e1n para capacitar a los peque\u00f1os productores, para que de esa forma fortalezcan sus conocimientos y t\u00e9cnicas sobre el manejo adecuado de la crianza del ganado porcino.<br \/>\nReiter\u00f3 que el Gobierno de Taiw\u00e1n seguir\u00e1 acompa\u00f1ando los esfuerzos del Inta para impulsar la econom\u00eda familiar y del pa\u00eds, as\u00ed como mejorar los niveles de vida de los nicarag\u00fcenses.<\/p>\n<p>A la actividad asistieron la vicealcaldesa Rosa Castillo, autoridades locales, t\u00e9cnicos del Inta, productores del proyecto y miembros de la Embajada de Taiw\u00e1n.<\/p>\n","protected":false},"excerpt":{"rendered":"<p>En el poblado \u201cEl Recreo\u201d, del municipio de El Rama, en la Regi\u00f3n Aut\u00f3noma de la Costa Caribe Sur (RACCS), el ministro consejero Iv\u00e1n Lo y el codirector del Inta, Miguel Obando, inauguraron la ampliaci\u00f3n de la Granja Porcina de Mejoramiento Gen\u00e9tico del Centro de Desarrollo Tecnol\u00f3gico General Augusto C. Sandino, en el marco del [&hellip;]<\/p>\n","protected":false},"author":1,"featured_media":54375,"comment_status":"open","ping_status":"open","sticky":false,"template":"","format":"standard","meta":{"om_disable_all_campaigns":false,"_monsterinsights_skip_tracking":false,"_monsterinsights_sitenote_active":false,"_monsterinsights_sitenote_note":"","_monsterinsights_sitenote_category":0,"footnotes":""},"categories":[3,3524],"tags":[],"class_list":["post-54373","post","type-post","status-publish","format-standard","has-post-thumbnail","hentry","category-nacionales","category-noticas"],"aioseo_notices":[],"_links":{"self":[{"href":"https:\/\/elcronistadigital.com\/index.php?rest_route=\/wp\/v2\/posts\/54373","targetHints":{"allow":["GET"]}}],"collection":[{"href":"https:\/\/elcronistadigital.com\/index.php?rest_route=\/wp\/v2\/posts"}],"about":[{"href":"https:\/\/elcronistadigital.com\/index.php?rest_route=\/wp\/v2\/types\/post"}],"author":[{"embeddable":true,"href":"https:\/\/elcronistadigital.com\/index.php?rest_route=\/wp\/v2\/users\/1"}],"replies":[{"embeddable":true,"href":"https:\/\/elcronistadigital.com\/index.php?rest_route=%2Fwp%2Fv2%2Fcomments&post=54373"}],"version-history":[{"count":1,"href":"https:\/\/elcronistadigital.com\/index.php?rest_route=\/wp\/v2\/posts\/54373\/revisions"}],"predecessor-version":[{"id":54376,"href":"https:\/\/elcronistadigital.com\/index.php?rest_route=\/wp\/v2\/posts\/54373\/revisions\/54376"}],"wp:featuredmedia":[{"embeddable":true,"href":"https:\/\/elcronistadigital.com\/index.php?rest_route=\/wp\/v2\/media\/54375"}],"wp:attachment":[{"href":"https:\/\/elcronistadigital.com\/index.php?rest_route=%2Fwp%2Fv2%2Fmedia&parent=54373"}],"wp:term":[{"taxonomy":"category","embeddable":true,"href":"https:\/\/elcronistadigital.com\/index.php?rest_route=%2Fwp%2Fv2%2Fcategories&post=54373"},{"taxonomy":"post_tag","embeddable":true,"href":"https:\/\/elcronistadigital.com\/index.php?rest_route=%2Fwp%2Fv2%2Ftags&post=54373"}],"curies":[{"name":"wp","href":"https:\/\/api.w.org\/{rel}","templated":true}]}}