{"id":54378,"date":"2021-03-31T08:03:21","date_gmt":"2021-03-31T14:03:21","guid":{"rendered":"http:\/\/elcronistadigital.com\/?p=54378"},"modified":"2021-03-31T08:03:21","modified_gmt":"2021-03-31T14:03:21","slug":"nicaragua-participa-en-importante-catacion-de-cafe-en-taiwan","status":"publish","type":"post","link":"https:\/\/elcronistadigital.com\/?p=54378","title":{"rendered":"Nicaragua participa en importante cataci\u00f3n de caf\u00e9 en Taiw\u00e1n"},"content":{"rendered":"<p><a href=\"https:\/\/elcronistadigital.com\/wp-content\/uploads\/2021\/03\/aa47.jpg\"><img loading=\"lazy\" decoding=\"async\" class=\"alignleft size-full wp-image-54379\" alt=\"aa\" src=\"https:\/\/elcronistadigital.com\/wp-content\/uploads\/2021\/03\/aa47.jpg\" width=\"350\" height=\"465\" srcset=\"https:\/\/elcronistadigital.com\/wp-content\/uploads\/2021\/03\/aa47.jpg 350w, https:\/\/elcronistadigital.com\/wp-content\/uploads\/2021\/03\/aa47-225x300.jpg 225w, https:\/\/elcronistadigital.com\/wp-content\/uploads\/2021\/03\/aa47-342x454.jpg 342w, https:\/\/elcronistadigital.com\/wp-content\/uploads\/2021\/03\/aa47-300x398.jpg 300w\" sizes=\"auto, (max-width: 350px) 100vw, 350px\" \/><\/a><span style=\"color: #000000;\"><strong>Primer evento para Centroam\u00e9rica<\/strong><\/span><\/p>\n<p>Del 6 al 7 de mayo, se estar\u00e1 llevando a cabo en Taipei el evento Cataci\u00f3n del Caf\u00e9 Centroamericano, organizado por la Oficina Comercial para Centroam\u00e9rica de Taiw\u00e1n (Cato), al cual han sido convocados 60 de los m\u00e1s importantes compradores taiwaneses, y en el que estar\u00e1n participando las mejores muestras seleccionadas de Nicaragua, Honduras y Guatemala.<\/p>\n<p><span style=\"color: #000000;\"><strong>Oportunidad para Nicaragua<\/strong><\/span><\/p>\n<p>Con el \u00e1nimo de promover la exportaci\u00f3n del exquisito caf\u00e9 nicarag\u00fcense, la Embajada de la Rep\u00fablica de China (Taiw\u00e1n) y el Gobierno de Nicaragua, a trav\u00e9s de la Comisi\u00f3n Nacional para la Transformaci\u00f3n y Desarrollo de la Caficultura (Conatradec), estar\u00e1n enviando un total de 26 muestras seleccionadas de los departamentos de Madriz, Nueva Segovia, Jinotega, Matagalpa, Estel\u00ed y Boaco.<\/p>\n<p>La Embajada de Taiw\u00e1n asumir\u00e1 los costos del env\u00edo hasta Taipei de 145 kg del mejor caf\u00e9 nicarag\u00fcense.<\/p>\n<p><span style=\"color: #000000;\"><strong>Exportaciones de caf\u00e9 nicarag\u00fcense hacia Taiw\u00e1n alcanza r\u00e9cord hist\u00f3rico<\/strong><\/span><\/p>\n<p>El valor de las exportaciones totales de caf\u00e9 oro de Nicaragua hacia Taiw\u00e1n en 2020, alcanzaron los US$9,088,364, reflejando un incremento del 48% en comparaci\u00f3n con el mismo per\u00edodo de 2019, y rompiendo un nuevo r\u00e9cord hist\u00f3rico.<\/p>\n","protected":false},"excerpt":{"rendered":"<p>Primer evento para Centroam\u00e9rica Del 6 al 7 de mayo, se estar\u00e1 llevando a cabo en Taipei el evento Cataci\u00f3n del Caf\u00e9 Centroamericano, organizado por la Oficina Comercial para Centroam\u00e9rica de Taiw\u00e1n (Cato), al cual han sido convocados 60 de los m\u00e1s importantes compradores taiwaneses, y en el que estar\u00e1n participando las mejores muestras seleccionadas [&hellip;]<\/p>\n","protected":false},"author":1,"featured_media":54379,"comment_status":"open","ping_status":"open","sticky":false,"template":"","format":"standard","meta":{"om_disable_all_campaigns":false,"_monsterinsights_skip_tracking":false,"_monsterinsights_sitenote_active":false,"_monsterinsights_sitenote_note":"","_monsterinsights_sitenote_category":0,"footnotes":""},"categories":[3,3524],"tags":[],"class_list":["post-54378","post","type-post","status-publish","format-standard","has-post-thumbnail","hentry","category-nacionales","category-noticas"],"aioseo_notices":[],"_links":{"self":[{"href":"https:\/\/elcronistadigital.com\/index.php?rest_route=\/wp\/v2\/posts\/54378","targetHints":{"allow":["GET"]}}],"collection":[{"href":"https:\/\/elcronistadigital.com\/index.php?rest_route=\/wp\/v2\/posts"}],"about":[{"href":"https:\/\/elcronistadigital.com\/index.php?rest_route=\/wp\/v2\/types\/post"}],"author":[{"embeddable":true,"href":"https:\/\/elcronistadigital.com\/index.php?rest_route=\/wp\/v2\/users\/1"}],"replies":[{"embeddable":true,"href":"https:\/\/elcronistadigital.com\/index.php?rest_route=%2Fwp%2Fv2%2Fcomments&post=54378"}],"version-history":[{"count":1,"href":"https:\/\/elcronistadigital.com\/index.php?rest_route=\/wp\/v2\/posts\/54378\/revisions"}],"predecessor-version":[{"id":54380,"href":"https:\/\/elcronistadigital.com\/index.php?rest_route=\/wp\/v2\/posts\/54378\/revisions\/54380"}],"wp:featuredmedia":[{"embeddable":true,"href":"https:\/\/elcronistadigital.com\/index.php?rest_route=\/wp\/v2\/media\/54379"}],"wp:attachment":[{"href":"https:\/\/elcronistadigital.com\/index.php?rest_route=%2Fwp%2Fv2%2Fmedia&parent=54378"}],"wp:term":[{"taxonomy":"category","embeddable":true,"href":"https:\/\/elcronistadigital.com\/index.php?rest_route=%2Fwp%2Fv2%2Fcategories&post=54378"},{"taxonomy":"post_tag","embeddable":true,"href":"https:\/\/elcronistadigital.com\/index.php?rest_route=%2Fwp%2Fv2%2Ftags&post=54378"}],"curies":[{"name":"wp","href":"https:\/\/api.w.org\/{rel}","templated":true}]}}