{"id":54381,"date":"2021-03-31T09:50:53","date_gmt":"2021-03-31T15:50:53","guid":{"rendered":"http:\/\/elcronistadigital.com\/?p=54381"},"modified":"2021-03-31T09:50:53","modified_gmt":"2021-03-31T15:50:53","slug":"alcaldesa-mexicana-abres-las-piernas-o-las-cierras-y-llama-taradas-a-abortistas","status":"publish","type":"post","link":"https:\/\/elcronistadigital.com\/?p=54381","title":{"rendered":"Alcaldesa mexicana: \u00abAbres las piernas o las cierras\u00bb y llama \u201ctaradas\u201d a abortistas"},"content":{"rendered":"<p><span style=\"color: #993300;\"><em><strong><a href=\"https:\/\/elcronistadigital.com\/wp-content\/uploads\/2021\/03\/aa48.jpg\"><img loading=\"lazy\" decoding=\"async\" class=\"alignright size-full wp-image-54382\" alt=\"aa\" src=\"https:\/\/elcronistadigital.com\/wp-content\/uploads\/2021\/03\/aa48.jpg\" width=\"350\" height=\"243\" srcset=\"https:\/\/elcronistadigital.com\/wp-content\/uploads\/2021\/03\/aa48.jpg 350w, https:\/\/elcronistadigital.com\/wp-content\/uploads\/2021\/03\/aa48-300x208.jpg 300w, https:\/\/elcronistadigital.com\/wp-content\/uploads\/2021\/03\/aa48-342x237.jpg 342w\" sizes=\"auto, (max-width: 350px) 100vw, 350px\" \/><\/a>* Tras conocerse el video, llovieron las cr\u00edticas en contra de la pol\u00edtica, catalogando su discurso de \u00abdiscriminatorio\u00bb y \u00aben contra de los derechos de las mujeres\u00bb.<\/strong><\/em><\/span><\/p>\n<p>C\u00e9lida L\u00f3pez, alcaldesa del municipio mexicano de Hermosillo, en el estado de Sonora, tild\u00f3 de \u00abtaradas\u00bb a las mujeres que est\u00e1n a favor del aborto.<\/p>\n<p>En las redes sociales circula un video en el que se aprecia a L\u00f3pez, del gobernante Movimiento Regeneraci\u00f3n Nacional (Morena), en un evento, hablando acerca de las mujeres que abogan por el aborto legal y seguro en el pa\u00eds.<\/p>\n<p>\u00abClaro, abres las piernas o las cierras, est\u00e1s tomando absoluto control de tu cuerpo, \u00bfno?, de verdad. Es que hay que decidir sobre nuestro cuerpo, yo las escucho y digo: &#8216;estas taradas, no es posible que digan eso&#8217;; pues, si eres la que t\u00fa tomas la decisi\u00f3n (sic) y luego quieren andar abortando, con el trapo verde a todo motor, muy mal\u00bb, expres\u00f3.<\/p>\n<p>Para la pol\u00edtica, adem\u00e1s, esto \u00abes parte de la crisis que estamos viviendo\u00bb.<\/p>\n<p>En el mismo discurso, L\u00f3pez, quien aspira a la reelecci\u00f3n, se autodefini\u00f3 como \u00abfeminista\u00bb.<\/p>\n<p>\u00abS\u00ed, pero soy una mujer que siempre ha trabajado defendiendo a las mujeres pero de igual; mi lucha no es contra los hombres, mi lucha es contra m\u00ed, contra m\u00ed misma, tengo que vencer mis miedos, mis frustraciones\u00bb, agreg\u00f3.<\/p>\n<p>\u00abPensamientos de cavernas\u00bb<\/p>\n<p>Al salir a la luz el video, muchas personas manifestaron su descontento contra la burgomaestre. \u00abSi tienen esos pensamientos de cavernas no puede ser feminista\u00bb, coment\u00f3 una usuaria en Twitter; mientras que otra catalog\u00f3 de \u00abdiscriminatorio\u00bb el discurso, que va \u00aben contra de los derechos de las mujeres\u00bb.<\/p>\n<p>Otras personas indicaron que L\u00f3pez habla desde una situaci\u00f3n \u00abprivilegiada\u00bb, con \u00abla falta de informaci\u00f3n\u00bb e ignorando m\u00faltiples cuestiones que pueden llevar a que un aborto sea necesario, como las violaciones.<\/p>\n","protected":false},"excerpt":{"rendered":"<p>* Tras conocerse el video, llovieron las cr\u00edticas en contra de la pol\u00edtica, catalogando su discurso de \u00abdiscriminatorio\u00bb y \u00aben contra de los derechos de las mujeres\u00bb. C\u00e9lida L\u00f3pez, alcaldesa del municipio mexicano de Hermosillo, en el estado de Sonora, tild\u00f3 de \u00abtaradas\u00bb a las mujeres que est\u00e1n a favor del aborto. En las redes [&hellip;]<\/p>\n","protected":false},"author":1,"featured_media":54382,"comment_status":"open","ping_status":"open","sticky":false,"template":"","format":"standard","meta":{"om_disable_all_campaigns":false,"_monsterinsights_skip_tracking":false,"_monsterinsights_sitenote_active":false,"_monsterinsights_sitenote_note":"","_monsterinsights_sitenote_category":0,"footnotes":""},"categories":[3524],"tags":[],"class_list":["post-54381","post","type-post","status-publish","format-standard","has-post-thumbnail","hentry","category-noticas"],"aioseo_notices":[],"_links":{"self":[{"href":"https:\/\/elcronistadigital.com\/index.php?rest_route=\/wp\/v2\/posts\/54381","targetHints":{"allow":["GET"]}}],"collection":[{"href":"https:\/\/elcronistadigital.com\/index.php?rest_route=\/wp\/v2\/posts"}],"about":[{"href":"https:\/\/elcronistadigital.com\/index.php?rest_route=\/wp\/v2\/types\/post"}],"author":[{"embeddable":true,"href":"https:\/\/elcronistadigital.com\/index.php?rest_route=\/wp\/v2\/users\/1"}],"replies":[{"embeddable":true,"href":"https:\/\/elcronistadigital.com\/index.php?rest_route=%2Fwp%2Fv2%2Fcomments&post=54381"}],"version-history":[{"count":1,"href":"https:\/\/elcronistadigital.com\/index.php?rest_route=\/wp\/v2\/posts\/54381\/revisions"}],"predecessor-version":[{"id":54383,"href":"https:\/\/elcronistadigital.com\/index.php?rest_route=\/wp\/v2\/posts\/54381\/revisions\/54383"}],"wp:featuredmedia":[{"embeddable":true,"href":"https:\/\/elcronistadigital.com\/index.php?rest_route=\/wp\/v2\/media\/54382"}],"wp:attachment":[{"href":"https:\/\/elcronistadigital.com\/index.php?rest_route=%2Fwp%2Fv2%2Fmedia&parent=54381"}],"wp:term":[{"taxonomy":"category","embeddable":true,"href":"https:\/\/elcronistadigital.com\/index.php?rest_route=%2Fwp%2Fv2%2Fcategories&post=54381"},{"taxonomy":"post_tag","embeddable":true,"href":"https:\/\/elcronistadigital.com\/index.php?rest_route=%2Fwp%2Fv2%2Ftags&post=54381"}],"curies":[{"name":"wp","href":"https:\/\/api.w.org\/{rel}","templated":true}]}}