{"id":54398,"date":"2021-04-05T17:23:39","date_gmt":"2021-04-05T23:23:39","guid":{"rendered":"http:\/\/elcronistadigital.com\/?p=54398"},"modified":"2021-04-05T17:23:39","modified_gmt":"2021-04-05T23:23:39","slug":"uruguay-era-modelo-ante-pandemia-ahora-lidera-contagios","status":"publish","type":"post","link":"https:\/\/elcronistadigital.com\/?p=54398","title":{"rendered":"Uruguay era modelo ante pandemia, ahora lidera contagios"},"content":{"rendered":"<p><a href=\"https:\/\/elcronistadigital.com\/wp-content\/uploads\/2021\/04\/aa2.jpg\"><img loading=\"lazy\" decoding=\"async\" class=\"alignleft size-full wp-image-54399\" alt=\"aa\" src=\"https:\/\/elcronistadigital.com\/wp-content\/uploads\/2021\/04\/aa2.jpg\" width=\"400\" height=\"225\" srcset=\"https:\/\/elcronistadigital.com\/wp-content\/uploads\/2021\/04\/aa2.jpg 400w, https:\/\/elcronistadigital.com\/wp-content\/uploads\/2021\/04\/aa2-300x168.jpg 300w, https:\/\/elcronistadigital.com\/wp-content\/uploads\/2021\/04\/aa2-342x192.jpg 342w\" sizes=\"auto, (max-width: 400px) 100vw, 400px\" \/><\/a>Uruguay dej\u00f3 de ser el ejemplo exitoso de control de la pandemia y el pasado fin de semana se convirti\u00f3 en el pa\u00eds que lidera los contagios a nivel mundial aunque, al igual que Chile, enfrenta la paradoja de ser al mismo tiempo uno de los que m\u00e1s ha avanzado en la campa\u00f1a de vacunaci\u00f3n.<\/p>\n<p>De acuerdo con la p\u00e1gina Our World in Data, que sistematiza informaci\u00f3n oficial sobre la pandemia, Uruguay encabeza la lista con 837 casos nuevos por cada mill\u00f3n de habitantes, lo que supera el registro del resto de los pa\u00edses y confirma una tendencia que ya se ven\u00eda acentuando desde hace dos meses.<\/p>\n<p>El Ministerio de Salud report\u00f3 que hasta ahora hay 117.757 casos, 1.101 de muertos y 89.035 recuperados. Tan solo durante la Semana Santa, que fue tur\u00edstica, murieron 186 personas, cifra que supera el total registrado a lo largo de 2020, que fue de 174.<\/p>\n<p>Hasta febrero, Uruguay segu\u00eda siendo uno de los pa\u00edses menos afectados en cuanto a n\u00famero de contagios y muertes, lo que en parte de explicaba debido a su tama\u00f1o, ya que cuenta con apenas 3,5 millones de habitantes. Pero las estad\u00edsticas comenzaron a aumentar al resentir el impacto de la llegada de las variantes brasile\u00f1as, en especial la que surgi\u00f3 Manaos, que es m\u00e1s contagiosa y peligrosa.<\/p>\n<p>Con respecto a las vacunas, Uruguay ya inmuniz\u00f3 al 20 % de su poblaci\u00f3n, por lo que en Am\u00e9rica Latina solo es superado por Chile, que alcanza al 36 %.<\/p>\n<p>Crisis<\/p>\n<p>La emergencia sanitaria desat\u00f3 adem\u00e1s una crisis interna para el presidente Luis Alberto Lacalle Pou, quien hasta ahora, al amparo de postulados neoliberales, presum\u00eda que hab\u00eda logrado controlar la pandemia sin aplicar restricciones de movilidad por respetar \u00abla libertad\u00bb y confiar en \u00abla responsabilidad\u00bb de los ciudadanos.<\/p>\n<p>Desde el opositor Frente Amplio ya se multiplicaron las voces que exigen medidas m\u00e1s dr\u00e1sticas como las que se aplican en otros pa\u00edses, en particular el cierre de comercios y cuarentenas para que la poblaci\u00f3n permanezca en sus casas, a lo que el presidente se resiste para no afectar la econom\u00eda.<\/p>\n<p>Pero de cualquier manera, el impacto de la pandemia es visible. En 2020, la econom\u00eda cay\u00f3 en un 5,9 %, lo que supuso un var\u00f3n a los 17 a\u00f1os ininterrumpidos de crecimiento logrados desde 2003. Las exportaciones se desplomaron en un 16,2 % y las importaciones, en un 10,8 %.<\/p>\n<p>La pobreza, seg\u00fan el Instituto Nacional de Estad\u00edstica, creci\u00f3 de 8,8 % en 2019 a 11,6 % en 2020, lo que implica que hay 409.500 uruguayos sin ingresos suficientes para subsistir. O dicho de otra forma: ahora hay 100.000 uruguayos m\u00e1s en condiciones de pobreza que hace un a\u00f1o. Y el desempleo creci\u00f3 del 8,5 % al 10,5%.<\/p>\n<p>Este es el balance que puede presentar Lacalle Pou de su primer a\u00f1o de Gobierno, ya que asumi\u00f3 el 1 de marzo de 2020 y 12 d\u00edas despu\u00e9s se confirm\u00f3 el primer caso de coronavirus en el pa\u00eds. Desde entonces, la crisis sanitaria fue prioridad.<\/p>\n<p>A su favor, el l\u00edder conservador tuvo la s\u00f3lida infraestructura social y m\u00e9dica que dejaron los 15 a\u00f1os de gobiernos del izquierdista Frente Amplio, ya que hab\u00eda suficiente capacidad hospitalaria para atender a los pacientes.<\/p>\n<p>Cambios<\/p>\n<p>Presionado por el acelerado aumento de contagios y muertes, Lacalle Pou anunci\u00f3 el mes pasado una serie de medidas, entre ellas suspender la obligatoriedad de las clases presenciales en todos los niveles educativos, por lo que cada instituci\u00f3n decidi\u00f3 si prefer\u00eda hacerlas de manera virtual.<\/p>\n<p>Las fronteras volvieron a blindarse, se redujo la capacidad en el transporte de larga distancia, se cerraron gimnasios y clubes, y se limit\u00f3 el derecho de reuni\u00f3n con el fin de evitar aglomeraciones, pero no se restringi\u00f3 la circulaci\u00f3n, algo que ya han pedido en diversas ocasiones el Grupo Asesor Cient\u00edfico Honorario y la oposici\u00f3n.<\/p>\n<p>En medio de la alerta, el domingo se confirm\u00f3 que 15 adultos mayores fallecieron por coronavirus en las \u00faltimas dos semanas en una residencia de retiro en el departamento de R\u00edo Negro.<\/p>\n<p>El caso conmocion\u00f3 a la opini\u00f3n p\u00fablica porque significa que en ese lugar cada d\u00eda muri\u00f3 una persona que, por su edad, ya deber\u00eda haber estado vacunada. Pero la inmunizaci\u00f3n no pudo llevarse a cabo porque estaban en cuarentena.<\/p>\n","protected":false},"excerpt":{"rendered":"<p>Uruguay dej\u00f3 de ser el ejemplo exitoso de control de la pandemia y el pasado fin de semana se convirti\u00f3 en el pa\u00eds que lidera los contagios a nivel mundial aunque, al igual que Chile, enfrenta la paradoja de ser al mismo tiempo uno de los que m\u00e1s ha avanzado en la campa\u00f1a de vacunaci\u00f3n. [&hellip;]<\/p>\n","protected":false},"author":1,"featured_media":54399,"comment_status":"open","ping_status":"open","sticky":false,"template":"","format":"standard","meta":{"om_disable_all_campaigns":false,"_monsterinsights_skip_tracking":false,"_monsterinsights_sitenote_active":false,"_monsterinsights_sitenote_note":"","_monsterinsights_sitenote_category":0,"footnotes":""},"categories":[3524],"tags":[],"class_list":["post-54398","post","type-post","status-publish","format-standard","has-post-thumbnail","hentry","category-noticas"],"aioseo_notices":[],"_links":{"self":[{"href":"https:\/\/elcronistadigital.com\/index.php?rest_route=\/wp\/v2\/posts\/54398","targetHints":{"allow":["GET"]}}],"collection":[{"href":"https:\/\/elcronistadigital.com\/index.php?rest_route=\/wp\/v2\/posts"}],"about":[{"href":"https:\/\/elcronistadigital.com\/index.php?rest_route=\/wp\/v2\/types\/post"}],"author":[{"embeddable":true,"href":"https:\/\/elcronistadigital.com\/index.php?rest_route=\/wp\/v2\/users\/1"}],"replies":[{"embeddable":true,"href":"https:\/\/elcronistadigital.com\/index.php?rest_route=%2Fwp%2Fv2%2Fcomments&post=54398"}],"version-history":[{"count":1,"href":"https:\/\/elcronistadigital.com\/index.php?rest_route=\/wp\/v2\/posts\/54398\/revisions"}],"predecessor-version":[{"id":54400,"href":"https:\/\/elcronistadigital.com\/index.php?rest_route=\/wp\/v2\/posts\/54398\/revisions\/54400"}],"wp:featuredmedia":[{"embeddable":true,"href":"https:\/\/elcronistadigital.com\/index.php?rest_route=\/wp\/v2\/media\/54399"}],"wp:attachment":[{"href":"https:\/\/elcronistadigital.com\/index.php?rest_route=%2Fwp%2Fv2%2Fmedia&parent=54398"}],"wp:term":[{"taxonomy":"category","embeddable":true,"href":"https:\/\/elcronistadigital.com\/index.php?rest_route=%2Fwp%2Fv2%2Fcategories&post=54398"},{"taxonomy":"post_tag","embeddable":true,"href":"https:\/\/elcronistadigital.com\/index.php?rest_route=%2Fwp%2Fv2%2Ftags&post=54398"}],"curies":[{"name":"wp","href":"https:\/\/api.w.org\/{rel}","templated":true}]}}