{"id":54409,"date":"2021-04-09T07:34:48","date_gmt":"2021-04-09T13:34:48","guid":{"rendered":"http:\/\/elcronistadigital.com\/?p=54409"},"modified":"2021-04-09T07:34:48","modified_gmt":"2021-04-09T13:34:48","slug":"remodelan-centro-educativo-de-el-coral","status":"publish","type":"post","link":"https:\/\/elcronistadigital.com\/?p=54409","title":{"rendered":"Remodelan Centro Educativo de El Coral"},"content":{"rendered":"<p><a href=\"https:\/\/elcronistadigital.com\/wp-content\/uploads\/2021\/04\/aa.bmp\"><img decoding=\"async\" class=\"alignleft size-full wp-image-54410\" alt=\"aa\" src=\"https:\/\/elcronistadigital.com\/wp-content\/uploads\/2021\/04\/aa.bmp\" \/><\/a>En el municipio El Coral, Chontales, el embajador Jaime Chin-Mu Wu y la ministra de Educaci\u00f3n Miriam R\u00e1udez Rodr\u00edguez, presidieron la rehabilitaci\u00f3n realizada en el Centro Educativo \u201cElisana del Carmen Soto\u201d, como parte de las acciones del Proyecto de \u201cMantenimiento y Reparaci\u00f3n de Centros Escolares\u201d.<\/p>\n<p>Durante sus palabras, el embajador Wu dijo sentirse muy contento de estar acompa\u00f1ando a la ministra R\u00e1udez en la inauguraci\u00f3n de las remodelaciones que se hicieron en este Centro Educativo, ya que a trav\u00e9s de ella se est\u00e1 promoviendo la educaci\u00f3n, la esperanza y el futuro de toda esta nueva generaci\u00f3n.<\/p>\n<p>Record\u00f3 que el Gobierno de Taiw\u00e1n, desde el a\u00f1o 2017, ha venido colaborando con este proyecto y hasta la fecha se han rehabilitado muchos centros escolares ubicados en seis departamentos del pa\u00eds, donde los alumnos cuentan con un ambiente sano y con condiciones adecuadas para estudiar dignamente.<\/p>\n<p>Adem\u00e1s, asegur\u00f3 que el Gobierno de Taiw\u00e1n siempre est\u00e1 en disposici\u00f3n de colaborar con el Gobierno de Nicaragua en sus esfuerzos por restituir el derecho a una educaci\u00f3n de calidad y gratuita para toda la poblaci\u00f3n nicarag\u00fcense.<\/p>\n<p>Finaliz\u00f3 reiterando el compromiso de Taiw\u00e1n de seguir apoyando y acompa\u00f1ando al Mined en sus esfuerzos de garantizar el acceso y las herramientas necesarias para que la ni\u00f1ez y la juventud nicarag\u00fcense puedan construirse un futuro mejor.<\/p>\n<p>Por su parte, la ministra R\u00e1udez manifest\u00f3 que con esta inauguraci\u00f3n ya son diez los centros que han sido mejorados este a\u00f1o con la valiosa contribuci\u00f3n del gobierno de Taiw\u00e1n. Precis\u00f3 que Taiw\u00e1n ha estado colaborando con el Mined en diversos programas para mejorar la calidad de la educaci\u00f3n y la profesionalizaci\u00f3n de los maestros, permitiendo aumentar el nivel educativo en el pa\u00eds.<\/p>\n<p>Afirm\u00f3 que este es un proyecto de esperanza y amor, ya que la educaci\u00f3n es invertir en el futuro y bienestar del pueblo.<a href=\"https:\/\/elcronistadigital.com\/wp-content\/uploads\/2021\/04\/aa12.jpg\"><img loading=\"lazy\" decoding=\"async\" class=\"alignright size-full wp-image-54411\" alt=\"aa1\" src=\"https:\/\/elcronistadigital.com\/wp-content\/uploads\/2021\/04\/aa12.jpg\" width=\"400\" height=\"300\" srcset=\"https:\/\/elcronistadigital.com\/wp-content\/uploads\/2021\/04\/aa12.jpg 400w, https:\/\/elcronistadigital.com\/wp-content\/uploads\/2021\/04\/aa12-300x225.jpg 300w, https:\/\/elcronistadigital.com\/wp-content\/uploads\/2021\/04\/aa12-342x256.jpg 342w, https:\/\/elcronistadigital.com\/wp-content\/uploads\/2021\/04\/aa12-60x45.jpg 60w, https:\/\/elcronistadigital.com\/wp-content\/uploads\/2021\/04\/aa12-150x113.jpg 150w, https:\/\/elcronistadigital.com\/wp-content\/uploads\/2021\/04\/aa12-269x201.jpg 269w\" sizes=\"auto, (max-width: 400px) 100vw, 400px\" \/><\/a><\/p>\n<p>Concluy\u00f3 agradeciendo en nombre de las familias del municipio, a la presidenta Tsai Ing-wen y al pueblo de Taiw\u00e1n por su apoyo solidario y desinteresado, para que Nicaragua consiga avanzar en el desarrollo educativo.<\/p>\n<p>A dicha actividad asistieron adem\u00e1s la alcaldesa Mar\u00eda Ru\u00edz Delgadillo; la directora del centro Martha Norelys Gonz\u00e1lez Merlo; autoridades locales, cuerpo docente y estudiantil, padres de familia y miembros de la Embajada de Taiw\u00e1n.<\/p>\n","protected":false},"excerpt":{"rendered":"<p>En el municipio El Coral, Chontales, el embajador Jaime Chin-Mu Wu y la ministra de Educaci\u00f3n Miriam R\u00e1udez Rodr\u00edguez, presidieron la rehabilitaci\u00f3n realizada en el Centro Educativo \u201cElisana del Carmen Soto\u201d, como parte de las acciones del Proyecto de \u201cMantenimiento y Reparaci\u00f3n de Centros Escolares\u201d. Durante sus palabras, el embajador Wu dijo sentirse muy contento [&hellip;]<\/p>\n","protected":false},"author":1,"featured_media":54411,"comment_status":"open","ping_status":"open","sticky":false,"template":"","format":"standard","meta":{"om_disable_all_campaigns":false,"_monsterinsights_skip_tracking":false,"_monsterinsights_sitenote_active":false,"_monsterinsights_sitenote_note":"","_monsterinsights_sitenote_category":0,"footnotes":""},"categories":[3,3524],"tags":[],"class_list":["post-54409","post","type-post","status-publish","format-standard","has-post-thumbnail","hentry","category-nacionales","category-noticas"],"aioseo_notices":[],"_links":{"self":[{"href":"https:\/\/elcronistadigital.com\/index.php?rest_route=\/wp\/v2\/posts\/54409","targetHints":{"allow":["GET"]}}],"collection":[{"href":"https:\/\/elcronistadigital.com\/index.php?rest_route=\/wp\/v2\/posts"}],"about":[{"href":"https:\/\/elcronistadigital.com\/index.php?rest_route=\/wp\/v2\/types\/post"}],"author":[{"embeddable":true,"href":"https:\/\/elcronistadigital.com\/index.php?rest_route=\/wp\/v2\/users\/1"}],"replies":[{"embeddable":true,"href":"https:\/\/elcronistadigital.com\/index.php?rest_route=%2Fwp%2Fv2%2Fcomments&post=54409"}],"version-history":[{"count":1,"href":"https:\/\/elcronistadigital.com\/index.php?rest_route=\/wp\/v2\/posts\/54409\/revisions"}],"predecessor-version":[{"id":54412,"href":"https:\/\/elcronistadigital.com\/index.php?rest_route=\/wp\/v2\/posts\/54409\/revisions\/54412"}],"wp:featuredmedia":[{"embeddable":true,"href":"https:\/\/elcronistadigital.com\/index.php?rest_route=\/wp\/v2\/media\/54411"}],"wp:attachment":[{"href":"https:\/\/elcronistadigital.com\/index.php?rest_route=%2Fwp%2Fv2%2Fmedia&parent=54409"}],"wp:term":[{"taxonomy":"category","embeddable":true,"href":"https:\/\/elcronistadigital.com\/index.php?rest_route=%2Fwp%2Fv2%2Fcategories&post=54409"},{"taxonomy":"post_tag","embeddable":true,"href":"https:\/\/elcronistadigital.com\/index.php?rest_route=%2Fwp%2Fv2%2Ftags&post=54409"}],"curies":[{"name":"wp","href":"https:\/\/api.w.org\/{rel}","templated":true}]}}