{"id":54443,"date":"2021-04-12T17:50:15","date_gmt":"2021-04-12T23:50:15","guid":{"rendered":"http:\/\/elcronistadigital.com\/?p=54443"},"modified":"2021-04-12T17:52:45","modified_gmt":"2021-04-12T23:52:45","slug":"rehabilitan-agua-potable-en-hospital-de-bluefields","status":"publish","type":"post","link":"https:\/\/elcronistadigital.com\/?p=54443","title":{"rendered":"Rehabilitan agua potable en Hospital de Bluefields"},"content":{"rendered":"<p><a href=\"https:\/\/elcronistadigital.com\/wp-content\/uploads\/2021\/04\/aa17.jpg\"><img loading=\"lazy\" decoding=\"async\" class=\"alignleft size-full wp-image-54444\" alt=\"aa\" src=\"https:\/\/elcronistadigital.com\/wp-content\/uploads\/2021\/04\/aa17.jpg\" width=\"399\" height=\"286\" srcset=\"https:\/\/elcronistadigital.com\/wp-content\/uploads\/2021\/04\/aa17.jpg 399w, https:\/\/elcronistadigital.com\/wp-content\/uploads\/2021\/04\/aa17-300x215.jpg 300w, https:\/\/elcronistadigital.com\/wp-content\/uploads\/2021\/04\/aa17-342x245.jpg 342w, https:\/\/elcronistadigital.com\/wp-content\/uploads\/2021\/04\/aa17-90x65.jpg 90w\" sizes=\"auto, (max-width: 399px) 100vw, 399px\" \/><\/a>En el Hospital Regional de Bluefields, Dr. Ernesto Sequeira Blanco, el ministro consejero Iv\u00e1n Lo y la directora general del Silais de la Regi\u00f3n Aut\u00f3noma de la Costa Caribe Sur (RACCS), Dra. Yanet L\u00f3pez, comparecieron al inicio de las obras de mejoras del Sistema de Agua Potable del Hospital, como parte de las estrategias del proyecto de \u201cMantenimiento y Reparaci\u00f3n de Hospitales y Centros de Salud\u201d.<\/p>\n<p>Durante su intervenci\u00f3n, la Dra. L\u00f3pez asegur\u00f3 que con las renovaciones y mejoras que se har\u00e1n en el sistema hidrosanitario del hospital, se garantizar\u00e1 una buena atenci\u00f3n m\u00e9dica para la poblaci\u00f3n del Caribe Sur.<\/p>\n<p>Tambi\u00e9n indic\u00f3 que con la misma, se reforzar\u00e1 el trabajo en todas las \u00e1reas cr\u00edticas del hospital, lo cual permitir\u00e1 el resguardo de la salud y de la vida de los pacientes. Destac\u00f3 que todos estos logros en salud se han alcanzado, en gran medida gracias a la solidaridad del gobierno de Taiw\u00e1n, que siempre est\u00e1 brindando su incondicional colaboraci\u00f3n para asegurar el fortalecimiento de las redes comunitaria de salud, para beneficio del pueblo.<\/p>\n<p>Por su parte, el ministro consejero Lo precis\u00f3 que Taiw\u00e1n ha venido apoyando este proyecto de \u201cMantenimiento y Reparaci\u00f3n de Hospitales y Centros de Salud\u201d desde el 2017, con el objetivo de garantizar el acceso a una atenci\u00f3n en salud de calidad y humanitaria para los nicarag\u00fcenses en cada rinc\u00f3n del pa\u00eds.<a href=\"https:\/\/elcronistadigital.com\/wp-content\/uploads\/2021\/04\/aa18.jpg\"><img loading=\"lazy\" decoding=\"async\" class=\"alignright size-full wp-image-54446\" alt=\"aa1\" src=\"https:\/\/elcronistadigital.com\/wp-content\/uploads\/2021\/04\/aa18.jpg\" width=\"400\" height=\"297\" srcset=\"https:\/\/elcronistadigital.com\/wp-content\/uploads\/2021\/04\/aa18.jpg 400w, https:\/\/elcronistadigital.com\/wp-content\/uploads\/2021\/04\/aa18-300x222.jpg 300w, https:\/\/elcronistadigital.com\/wp-content\/uploads\/2021\/04\/aa18-342x253.jpg 342w, https:\/\/elcronistadigital.com\/wp-content\/uploads\/2021\/04\/aa18-60x45.jpg 60w, https:\/\/elcronistadigital.com\/wp-content\/uploads\/2021\/04\/aa18-269x201.jpg 269w\" sizes=\"auto, (max-width: 400px) 100vw, 400px\" \/><\/a><\/p>\n<p>Agreg\u00f3 que con las mejoras que se realizar\u00e1n en el sistema hidrosanitario, se estar\u00e1 asegurando que los habitantes de los siete municipios que conforman esta regi\u00f3n reciban un cuidado m\u00e9dico digno y completamente gratuito.<\/p>\n<p>Finalmente, reiter\u00f3 que el pueblo de Taiw\u00e1n continuar\u00e1 trabajando de la mano con el Minsa para fortalecer el modelo de salud familiar, comunitario e incluyente para el bienestar de las familias nicarag\u00fcenses.<\/p>\n<p>En tanto, el alcalde Gustavo Castro expres\u00f3 que este d\u00eda est\u00e1 lleno de felicidad, ya que hoy comienzan las obras que llevar\u00e1n a otro nivel de atenci\u00f3n a este humilde hospital, lo que vendr\u00e1 a mejorar la red de salud y todo ello gracias a los esfuerzos conjuntos del gobierno de Nicaragua y del gobierno de Taiw\u00e1n.<\/p>\n<p>Por \u00faltimo, agradeci\u00f3 en nombre de los pobladores de la Regi\u00f3n, a los m\u00e1s de 23 millones de habitantes de Taiw\u00e1n, su colaboraci\u00f3n para que las familias de la Costa Caribe Sur puedan acceder a una atenci\u00f3n en salud con calidez humana.<\/p>\n<p>En el acto participaron adem\u00e1s autoridades locales y regionales, pobladores del municipio y miembros de la Embajada de Taiw\u00e1n.<\/p>\n","protected":false},"excerpt":{"rendered":"<p>En el Hospital Regional de Bluefields, Dr. Ernesto Sequeira Blanco, el ministro consejero Iv\u00e1n Lo y la directora general del Silais de la Regi\u00f3n Aut\u00f3noma de la Costa Caribe Sur (RACCS), Dra. Yanet L\u00f3pez, comparecieron al inicio de las obras de mejoras del Sistema de Agua Potable del Hospital, como parte de las estrategias del [&hellip;]<\/p>\n","protected":false},"author":1,"featured_media":54444,"comment_status":"open","ping_status":"open","sticky":false,"template":"","format":"standard","meta":{"om_disable_all_campaigns":false,"_monsterinsights_skip_tracking":false,"_monsterinsights_sitenote_active":false,"_monsterinsights_sitenote_note":"","_monsterinsights_sitenote_category":0,"footnotes":""},"categories":[3,3524],"tags":[],"class_list":["post-54443","post","type-post","status-publish","format-standard","has-post-thumbnail","hentry","category-nacionales","category-noticas"],"aioseo_notices":[],"_links":{"self":[{"href":"https:\/\/elcronistadigital.com\/index.php?rest_route=\/wp\/v2\/posts\/54443","targetHints":{"allow":["GET"]}}],"collection":[{"href":"https:\/\/elcronistadigital.com\/index.php?rest_route=\/wp\/v2\/posts"}],"about":[{"href":"https:\/\/elcronistadigital.com\/index.php?rest_route=\/wp\/v2\/types\/post"}],"author":[{"embeddable":true,"href":"https:\/\/elcronistadigital.com\/index.php?rest_route=\/wp\/v2\/users\/1"}],"replies":[{"embeddable":true,"href":"https:\/\/elcronistadigital.com\/index.php?rest_route=%2Fwp%2Fv2%2Fcomments&post=54443"}],"version-history":[{"count":2,"href":"https:\/\/elcronistadigital.com\/index.php?rest_route=\/wp\/v2\/posts\/54443\/revisions"}],"predecessor-version":[{"id":54447,"href":"https:\/\/elcronistadigital.com\/index.php?rest_route=\/wp\/v2\/posts\/54443\/revisions\/54447"}],"wp:featuredmedia":[{"embeddable":true,"href":"https:\/\/elcronistadigital.com\/index.php?rest_route=\/wp\/v2\/media\/54444"}],"wp:attachment":[{"href":"https:\/\/elcronistadigital.com\/index.php?rest_route=%2Fwp%2Fv2%2Fmedia&parent=54443"}],"wp:term":[{"taxonomy":"category","embeddable":true,"href":"https:\/\/elcronistadigital.com\/index.php?rest_route=%2Fwp%2Fv2%2Fcategories&post=54443"},{"taxonomy":"post_tag","embeddable":true,"href":"https:\/\/elcronistadigital.com\/index.php?rest_route=%2Fwp%2Fv2%2Ftags&post=54443"}],"curies":[{"name":"wp","href":"https:\/\/api.w.org\/{rel}","templated":true}]}}