{"id":54449,"date":"2021-04-14T07:13:47","date_gmt":"2021-04-14T13:13:47","guid":{"rendered":"http:\/\/elcronistadigital.com\/?p=54449"},"modified":"2021-04-14T07:13:47","modified_gmt":"2021-04-14T13:13:47","slug":"taiwan-auspicia-expo-feria-de-la-madre-tierra-2021","status":"publish","type":"post","link":"https:\/\/elcronistadigital.com\/?p=54449","title":{"rendered":"Taiw\u00e1n auspicia Expo-Feria de la Madre Tierra 2021"},"content":{"rendered":"<p><a href=\"https:\/\/elcronistadigital.com\/wp-content\/uploads\/2021\/04\/aa19.jpg\"><img loading=\"lazy\" decoding=\"async\" class=\"alignleft size-full wp-image-54450\" alt=\"aa\" src=\"https:\/\/elcronistadigital.com\/wp-content\/uploads\/2021\/04\/aa19.jpg\" width=\"400\" height=\"295\" srcset=\"https:\/\/elcronistadigital.com\/wp-content\/uploads\/2021\/04\/aa19.jpg 400w, https:\/\/elcronistadigital.com\/wp-content\/uploads\/2021\/04\/aa19-300x221.jpg 300w, https:\/\/elcronistadigital.com\/wp-content\/uploads\/2021\/04\/aa19-342x252.jpg 342w, https:\/\/elcronistadigital.com\/wp-content\/uploads\/2021\/04\/aa19-60x45.jpg 60w, https:\/\/elcronistadigital.com\/wp-content\/uploads\/2021\/04\/aa19-90x65.jpg 90w\" sizes=\"auto, (max-width: 400px) 100vw, 400px\" \/><\/a>En el Centro de Convenciones Olof Palme, el embajador Jaime Chin-Mu Wu y el presidente de la Feria Nacional de la Tierra, Edwin Castro Rivera, firmaron el acta para auspiciar la Expo- Feria de la Madre Tierra 2021, la cual se realizar\u00e1 del 23 al 24 de abril del presente a\u00f1o y cuyo lema es \u201cAgua, Bosque y Cambio Clim\u00e1tico\u201d.<\/p>\n<p>Durante la firma, el Presidente de la Feria agradeci\u00f3 en nombre del pueblo nicarag\u00fcense el constante apoyo del pueblo y gobierno de Taiw\u00e1n, para que a\u00f1o con a\u00f1o Nicaragua pueda celebrar a la Madre Tierra a trav\u00e9s de esta feria, cuyo objetivo es fomentar las buenas pr\u00e1cticas ambientales en la poblaci\u00f3n, para que las futuras generaciones puedan vivir y gozar de los recursos naturales.<\/p>\n<p>Por su parte, el embajador Wu expres\u00f3 el placer de hacer causa com\u00fan con los j\u00f3venes ambientalistas, para proteger y cuidar el planeta en el que vivimos. Asimismo, reconoci\u00f3 los grandes esfuerzos que realizan los j\u00f3venes del Movimiento Ambientalista Guardabarranco y de la Asociaci\u00f3n de la Feria de la Tierra, quienes siempre est\u00e1n efectuando e implementando diversas actividades, como el programa de educaci\u00f3n ambiental, la creaci\u00f3n de huertos ecol\u00f3gicos y cultura ambiental, para preservar la Madre Tierra.<\/p>\n","protected":false},"excerpt":{"rendered":"<p>En el Centro de Convenciones Olof Palme, el embajador Jaime Chin-Mu Wu y el presidente de la Feria Nacional de la Tierra, Edwin Castro Rivera, firmaron el acta para auspiciar la Expo- Feria de la Madre Tierra 2021, la cual se realizar\u00e1 del 23 al 24 de abril del presente a\u00f1o y cuyo lema es [&hellip;]<\/p>\n","protected":false},"author":1,"featured_media":54450,"comment_status":"open","ping_status":"open","sticky":false,"template":"","format":"standard","meta":{"om_disable_all_campaigns":false,"_monsterinsights_skip_tracking":false,"_monsterinsights_sitenote_active":false,"_monsterinsights_sitenote_note":"","_monsterinsights_sitenote_category":0,"footnotes":""},"categories":[3,3524],"tags":[],"class_list":["post-54449","post","type-post","status-publish","format-standard","has-post-thumbnail","hentry","category-nacionales","category-noticas"],"aioseo_notices":[],"_links":{"self":[{"href":"https:\/\/elcronistadigital.com\/index.php?rest_route=\/wp\/v2\/posts\/54449","targetHints":{"allow":["GET"]}}],"collection":[{"href":"https:\/\/elcronistadigital.com\/index.php?rest_route=\/wp\/v2\/posts"}],"about":[{"href":"https:\/\/elcronistadigital.com\/index.php?rest_route=\/wp\/v2\/types\/post"}],"author":[{"embeddable":true,"href":"https:\/\/elcronistadigital.com\/index.php?rest_route=\/wp\/v2\/users\/1"}],"replies":[{"embeddable":true,"href":"https:\/\/elcronistadigital.com\/index.php?rest_route=%2Fwp%2Fv2%2Fcomments&post=54449"}],"version-history":[{"count":1,"href":"https:\/\/elcronistadigital.com\/index.php?rest_route=\/wp\/v2\/posts\/54449\/revisions"}],"predecessor-version":[{"id":54451,"href":"https:\/\/elcronistadigital.com\/index.php?rest_route=\/wp\/v2\/posts\/54449\/revisions\/54451"}],"wp:featuredmedia":[{"embeddable":true,"href":"https:\/\/elcronistadigital.com\/index.php?rest_route=\/wp\/v2\/media\/54450"}],"wp:attachment":[{"href":"https:\/\/elcronistadigital.com\/index.php?rest_route=%2Fwp%2Fv2%2Fmedia&parent=54449"}],"wp:term":[{"taxonomy":"category","embeddable":true,"href":"https:\/\/elcronistadigital.com\/index.php?rest_route=%2Fwp%2Fv2%2Fcategories&post=54449"},{"taxonomy":"post_tag","embeddable":true,"href":"https:\/\/elcronistadigital.com\/index.php?rest_route=%2Fwp%2Fv2%2Ftags&post=54449"}],"curies":[{"name":"wp","href":"https:\/\/api.w.org\/{rel}","templated":true}]}}