{"id":54455,"date":"2021-04-14T12:45:48","date_gmt":"2021-04-14T18:45:48","guid":{"rendered":"http:\/\/elcronistadigital.com\/?p=54455"},"modified":"2021-04-14T12:45:49","modified_gmt":"2021-04-14T18:45:49","slug":"estudiantes-de-secundaria-gringos-subastaron-a-condiscipulos-negros","status":"publish","type":"post","link":"https:\/\/elcronistadigital.com\/?p=54455","title":{"rendered":"Estudiantes de secundaria gringos \u201csubastaron\u201d a condisc\u00edpulos negros"},"content":{"rendered":"<p><a href=\"https:\/\/elcronistadigital.com\/wp-content\/uploads\/2021\/04\/aa21.jpg\"><img loading=\"lazy\" decoding=\"async\" class=\"alignleft size-full wp-image-54456\" alt=\"aa\" src=\"https:\/\/elcronistadigital.com\/wp-content\/uploads\/2021\/04\/aa21.jpg\" width=\"400\" height=\"339\" srcset=\"https:\/\/elcronistadigital.com\/wp-content\/uploads\/2021\/04\/aa21.jpg 400w, https:\/\/elcronistadigital.com\/wp-content\/uploads\/2021\/04\/aa21-300x254.jpg 300w, https:\/\/elcronistadigital.com\/wp-content\/uploads\/2021\/04\/aa21-342x289.jpg 342w\" sizes=\"auto, (max-width: 400px) 100vw, 400px\" \/><\/a>* Las autoridades del establecimiento pusieron en marcha una investigaci\u00f3n \u00abque involucr\u00f3 a la polic\u00eda\u00bb y aseguraron que hubo para los implicados \u00abconsecuencias disciplinarias\u00bb, aunque no especificaron nada m\u00e1s.<\/p>\n<p>En la ciudad de Aledo (condado de Parker, Texas, EE.UU.), una escuela sancion\u00f3 a varios de sus estudiantes que escenificaron una supuesta subasta de esclavos, a trav\u00e9s de la red social Snapchat, en la que pretend\u00edan &#8216;vender&#8217; a sus compa\u00f1eros negros.<\/p>\n<p>En el &#8216;remate&#8217;, que se llev\u00f3 a cabo hace un par de semanas y se titul\u00f3 &#8216;Subasta Nigger&#8217; [&#8216;nigger&#8217; o &#8216;nigga&#8217; es en Estados Unidos un insulto racista extremadamente peyorativo], los estudiantes pujaron con ofertas de entre 1 y 100 d\u00f3lares por sus compa\u00f1eros de clase.<\/p>\n<p>En una de las capturas de pantalla viralizadas en redes sociales se puede ver c\u00f3mo uno de los estudiantes, de noveno grado, ofreci\u00f3 un d\u00f3lar por su compa\u00f1ero Chris y aleg\u00f3 que habr\u00eda ofrecido m\u00e1s por \u00e9l \u00absi su cabello no fuera tan malo\u00bb.<\/p>\n<p>El Distrito Escolar Independiente de Aledo emiti\u00f3 un comunicado para asegurar que el racismo no tiene all\u00ed cabida.<\/p>\n<p>\u00abEl uso de un lenguaje y conducta inapropiados, ofensivos y con carga racial, es completamente inaceptable y est\u00e1 prohibido por la pol\u00edtica del distrito\u00bb, se\u00f1al\u00f3 la superintendente, Susan Bohn.<\/p>\n<p>Las autoridades del establecimiento aseguran que pusieron en marcha una investigaci\u00f3n \u00abque involucr\u00f3 a la polic\u00eda\u00bb y que hubo para los implicados \u00abconsecuencias disciplinarias\u00bb, aunque no especificaron m\u00e1s.<\/p>\n","protected":false},"excerpt":{"rendered":"<p>* Las autoridades del establecimiento pusieron en marcha una investigaci\u00f3n \u00abque involucr\u00f3 a la polic\u00eda\u00bb y aseguraron que hubo para los implicados \u00abconsecuencias disciplinarias\u00bb, aunque no especificaron nada m\u00e1s. En la ciudad de Aledo (condado de Parker, Texas, EE.UU.), una escuela sancion\u00f3 a varios de sus estudiantes que escenificaron una supuesta subasta de esclavos, a [&hellip;]<\/p>\n","protected":false},"author":1,"featured_media":54456,"comment_status":"open","ping_status":"open","sticky":false,"template":"","format":"standard","meta":{"om_disable_all_campaigns":false,"_monsterinsights_skip_tracking":false,"_monsterinsights_sitenote_active":false,"_monsterinsights_sitenote_note":"","_monsterinsights_sitenote_category":0,"footnotes":""},"categories":[3524],"tags":[],"class_list":["post-54455","post","type-post","status-publish","format-standard","has-post-thumbnail","hentry","category-noticas"],"aioseo_notices":[],"_links":{"self":[{"href":"https:\/\/elcronistadigital.com\/index.php?rest_route=\/wp\/v2\/posts\/54455","targetHints":{"allow":["GET"]}}],"collection":[{"href":"https:\/\/elcronistadigital.com\/index.php?rest_route=\/wp\/v2\/posts"}],"about":[{"href":"https:\/\/elcronistadigital.com\/index.php?rest_route=\/wp\/v2\/types\/post"}],"author":[{"embeddable":true,"href":"https:\/\/elcronistadigital.com\/index.php?rest_route=\/wp\/v2\/users\/1"}],"replies":[{"embeddable":true,"href":"https:\/\/elcronistadigital.com\/index.php?rest_route=%2Fwp%2Fv2%2Fcomments&post=54455"}],"version-history":[{"count":1,"href":"https:\/\/elcronistadigital.com\/index.php?rest_route=\/wp\/v2\/posts\/54455\/revisions"}],"predecessor-version":[{"id":54457,"href":"https:\/\/elcronistadigital.com\/index.php?rest_route=\/wp\/v2\/posts\/54455\/revisions\/54457"}],"wp:featuredmedia":[{"embeddable":true,"href":"https:\/\/elcronistadigital.com\/index.php?rest_route=\/wp\/v2\/media\/54456"}],"wp:attachment":[{"href":"https:\/\/elcronistadigital.com\/index.php?rest_route=%2Fwp%2Fv2%2Fmedia&parent=54455"}],"wp:term":[{"taxonomy":"category","embeddable":true,"href":"https:\/\/elcronistadigital.com\/index.php?rest_route=%2Fwp%2Fv2%2Fcategories&post=54455"},{"taxonomy":"post_tag","embeddable":true,"href":"https:\/\/elcronistadigital.com\/index.php?rest_route=%2Fwp%2Fv2%2Ftags&post=54455"}],"curies":[{"name":"wp","href":"https:\/\/api.w.org\/{rel}","templated":true}]}}