{"id":54480,"date":"2021-04-22T07:28:43","date_gmt":"2021-04-22T13:28:43","guid":{"rendered":"http:\/\/elcronistadigital.com\/?p=54480"},"modified":"2021-04-22T07:28:43","modified_gmt":"2021-04-22T13:28:43","slug":"dia-de-la-tierra-2021-o-cambiamos-o-nos-extinguimos","status":"publish","type":"post","link":"https:\/\/elcronistadigital.com\/?p=54480","title":{"rendered":"D\u00eda de la Tierra 2021: o cambiamos o nos extinguimos"},"content":{"rendered":"<p><span style=\"color: #993300;\"><em><strong><a href=\"https:\/\/elcronistadigital.com\/wp-content\/uploads\/2021\/04\/aa28.jpg\"><img loading=\"lazy\" decoding=\"async\" class=\"alignleft size-full wp-image-54481\" alt=\"aa\" src=\"https:\/\/elcronistadigital.com\/wp-content\/uploads\/2021\/04\/aa28.jpg\" width=\"400\" height=\"205\" srcset=\"https:\/\/elcronistadigital.com\/wp-content\/uploads\/2021\/04\/aa28.jpg 400w, https:\/\/elcronistadigital.com\/wp-content\/uploads\/2021\/04\/aa28-300x153.jpg 300w, https:\/\/elcronistadigital.com\/wp-content\/uploads\/2021\/04\/aa28-342x175.jpg 342w\" sizes=\"auto, (max-width: 400px) 100vw, 400px\" \/><\/a>* En medio de la pandemia del covid-19, son muchos los expertos que defienden que la biodiversidad puede ser parte de la soluci\u00f3n<\/strong><\/em><\/span><\/p>\n<p>Cada 22 de abril se conmemora el D\u00eda Internacional de la Tierra. Una fecha de encuentro para reflexionar sobre el impacto del ser humano en el planeta. En estos momentos, la pandemia del coronavirus representa un riesgo enorme para la salud p\u00fablica y la econom\u00eda mundial, pero tambi\u00e9n para la diversidad biol\u00f3gica. En medio de esta crisis sanitaria, son muchos los expertos que defienden que la biodiversidad puede ser parte de la soluci\u00f3n.<\/p>\n<p>EL LEMA DEL D\u00cdA DE LA TIERRA 2021<\/p>\n<p>\u00abRecuperemos la Tierra\u00bb. Este es el lema elegido este a\u00f1o. Se trata de todo un llamamiento a reducir el impacto de las acciones individuales de cada uno sobre el planeta al tiempo que nos recuperamos, como especie, de la crisis sanitaria del covid-19. Hay que aceptar hoy m\u00e1s que nunca, que todos tenemos una responsabilidad como parte de la soluci\u00f3n.<\/p>\n<p>\u00bfSAB\u00cdAS QU\u00c9&#8230;?<\/p>\n<p>Cada a\u00f1o, el mundo pierde 10 millones de hect\u00e1reas de bosques; una extensi\u00f3n similar a Islandia. No hay que olvidar que los ecosistemas sanos nos ayudan a protegernos de las enfermedades porque la diversidad de especies hace m\u00e1s dif\u00edcil la propagaci\u00f3n de pat\u00f3genos. Y otro dato a no olvidar y poner sobre la mesa: alrededor de un mill\u00f3n de especies animales y plantas se encuentran en peligro de extinci\u00f3n en la actualidad.<\/p>\n<p>EL IMPACTO DEL COVID-19<\/p>\n<p>As\u00ed las cosas, la pandemia lo copa todo en estos momentos, pero un poco m\u00e1s all\u00e1, los oc\u00e9anos siguen llen\u00e1ndose de pl\u00e1sticos y se vuelven m\u00e1s \u00e1cidos. El calor extremo genera sequ\u00edas y hambrunas, incendios forestales. Fen\u00f3menos meteorol\u00f3gicos extremos que provocan inundaciones; huracanes y ciclones que han batido r\u00e9cords afectando a millones de personas. En medio de este terremoto medioambiental, la pandemia sanitaria muestra que tiene una fuerte relaci\u00f3n con la salud de nuestro ecosistema.<br \/>\n\u00abLa recuperaci\u00f3n de la pandemia de COVID-19 ofrece una oportunidad de que el mundo emprenda un camino m\u00e1s limpio, ecol\u00f3gico y sostenible\u00bb. Estas son las palabras del secretario general de Naciones Unidas, Antonio Guterres. \u00abEn el D\u00eda Internacional de la Madre Tierra, compromet\u00e1monos todos a trabajar con ah\u00ednco para restaurar nuestro planeta y hacer las paces con la naturaleza\u00bb.<\/p>\n<p>PARTE DE LA SOLUCI\u00d3N<\/p>\n<p>El D\u00eda de la Tierra quiere poner de relevancia la importancia de la biodiversidad y su impacto en la vida humana. En medio de la pandemia del coronavirus, la biodiversidad puede ser parte de la soluci\u00f3n, ya que una diversidad de especies dificulta la propagaci\u00f3n r\u00e1pida de los pat\u00f3genos.<\/p>\n<p>Nadie puede negar, como indican desde Naciones Unidas, que los cambios en la biodiversidad afectan al funcionamiento de los ecosistemas y pueden ocasionar alteraciones importantes de los bienes y servicios que estos proporcionan. Los v\u00ednculos espec\u00edficos entre la salud y la biodiversidad incluyen posibles impactos en la nutrici\u00f3n, la investigaci\u00f3n sanitaria y la medicina tradicional, la generaci\u00f3n de nuevas enfermedades infecciosas y cambios significativos en la distribuci\u00f3n de plantas, pat\u00f3genos, animales e incluso asentamientos humanos, algo que puede ser alentado debido al cambio clim\u00e1tico.<\/p>\n<p>UN MILL\u00d3N DE ESPECIES EN PELIGRO<\/p>\n<p>A pesar de los esfuerzos actuales, la biodiversidad se est\u00e1 deteriorando en todo el mundo a un ritmo sin precedentes en la historia humana. Se estima que alrededor de un mill\u00f3n de especies animales y vegetales se encuentran actualmente en peligro de extinci\u00f3n.<\/p>\n<p>\u00abCon este panorama general y el escenario del coronavirus, la prioridad inmediata est\u00e1 en poner freno a la pandemia, pero a largo plazo, es importante abordar la p\u00e9rdida de h\u00e1bitat y biodiversidad\u00bb, sentencia Guterres.<\/p>\n<p>EL ORIGEN<\/p>\n<p>La Asamblea General de la ONU design\u00f3 el 22 de abril como el D\u00eda Internacional de la Madre Tierra a trav\u00e9s de una resoluci\u00f3n adoptada en 2009. Su origen se remonta a 1970, un periodo en donde la protecci\u00f3n del medio ambiente no era una prioridad en la agenda pol\u00edtica.<\/p>\n<p>La Conferencia de las Naciones Unidas sobre el Medio Humano de 1972 celebrada en Estocolmo sent\u00f3 las bases de la toma de conciencia mundial sobre la relaci\u00f3n de interdependencia entre los seres humanos, otros seres vivos y nuestro planeta. Asimismo, se estableci\u00f3 el 5 de junio como el D\u00eda Mundial del Medio Ambiente y se cre\u00f3 el Programa de las Naciones Unidas para el Medio Ambiente (PNUMA), la agencia de la ONU encargada de establecer la agenda ambiental a nivel global, promover la implementaci\u00f3n coherente de la dimensi\u00f3n ambiental del desarrollo sostenible en el sistema de las Naciones Unidas y actuar como un defensor autorizado del medio ambiente.<\/p>\n<p>DE LA CUMBRE DE R\u00cdO A LA DE PAR\u00cdS<\/p>\n<p>En 1992, m\u00e1s de 178 pa\u00edses firmaron la Agenda 21, la Declaraci\u00f3n sobre el Medio Ambiente y el Desarrollo y la Declaraci\u00f3n de Principios para la Gesti\u00f3n Sostenible de los Bosques en la \u00abCumbre de la Tierra\u00bb, celebrada en R\u00edo de Janeiro (Brasil).<\/p>\n<p>Desde entonces, todos los esfuerzos por crear conciencia medioambiental crecieron exponencialmente: la Cumbre de la Tierra de Johannesburgo en 2002; la Declaraci\u00f3n en 2008 del A\u00f1o Internacional de la Tierra; la declaraci\u00f3n oficial de la ONU del D\u00eda Internacional de la Madre Tierra; R\u00edo+20 , donde se elabor\u00f3 un documento que conten\u00eda medidas y pr\u00e1cticas para implementar un desarrollo sostenible; o las m\u00e1s recientes, como la Cumbre del Clima o la COP25, ambas enfocadas al cumplimiento del Acuerdo de Par\u00eds.<\/p>\n","protected":false},"excerpt":{"rendered":"<p>* En medio de la pandemia del covid-19, son muchos los expertos que defienden que la biodiversidad puede ser parte de la soluci\u00f3n Cada 22 de abril se conmemora el D\u00eda Internacional de la Tierra. Una fecha de encuentro para reflexionar sobre el impacto del ser humano en el planeta. En estos momentos, la pandemia [&hellip;]<\/p>\n","protected":false},"author":1,"featured_media":54481,"comment_status":"open","ping_status":"open","sticky":false,"template":"","format":"standard","meta":{"om_disable_all_campaigns":false,"_monsterinsights_skip_tracking":false,"_monsterinsights_sitenote_active":false,"_monsterinsights_sitenote_note":"","_monsterinsights_sitenote_category":0,"footnotes":""},"categories":[3524],"tags":[],"class_list":["post-54480","post","type-post","status-publish","format-standard","has-post-thumbnail","hentry","category-noticas"],"aioseo_notices":[],"_links":{"self":[{"href":"https:\/\/elcronistadigital.com\/index.php?rest_route=\/wp\/v2\/posts\/54480","targetHints":{"allow":["GET"]}}],"collection":[{"href":"https:\/\/elcronistadigital.com\/index.php?rest_route=\/wp\/v2\/posts"}],"about":[{"href":"https:\/\/elcronistadigital.com\/index.php?rest_route=\/wp\/v2\/types\/post"}],"author":[{"embeddable":true,"href":"https:\/\/elcronistadigital.com\/index.php?rest_route=\/wp\/v2\/users\/1"}],"replies":[{"embeddable":true,"href":"https:\/\/elcronistadigital.com\/index.php?rest_route=%2Fwp%2Fv2%2Fcomments&post=54480"}],"version-history":[{"count":1,"href":"https:\/\/elcronistadigital.com\/index.php?rest_route=\/wp\/v2\/posts\/54480\/revisions"}],"predecessor-version":[{"id":54482,"href":"https:\/\/elcronistadigital.com\/index.php?rest_route=\/wp\/v2\/posts\/54480\/revisions\/54482"}],"wp:featuredmedia":[{"embeddable":true,"href":"https:\/\/elcronistadigital.com\/index.php?rest_route=\/wp\/v2\/media\/54481"}],"wp:attachment":[{"href":"https:\/\/elcronistadigital.com\/index.php?rest_route=%2Fwp%2Fv2%2Fmedia&parent=54480"}],"wp:term":[{"taxonomy":"category","embeddable":true,"href":"https:\/\/elcronistadigital.com\/index.php?rest_route=%2Fwp%2Fv2%2Fcategories&post=54480"},{"taxonomy":"post_tag","embeddable":true,"href":"https:\/\/elcronistadigital.com\/index.php?rest_route=%2Fwp%2Fv2%2Ftags&post=54480"}],"curies":[{"name":"wp","href":"https:\/\/api.w.org\/{rel}","templated":true}]}}