{"id":54526,"date":"2021-05-01T09:37:38","date_gmt":"2021-05-01T15:37:38","guid":{"rendered":"http:\/\/elcronistadigital.com\/?p=54526"},"modified":"2021-05-01T09:37:38","modified_gmt":"2021-05-01T15:37:38","slug":"inauguran-bloque-quirurgico-del-hospital-primario-de-san-rafael-del-norte","status":"publish","type":"post","link":"https:\/\/elcronistadigital.com\/?p=54526","title":{"rendered":"Inauguran bloque quir\u00fargico del Hospital Primario de San Rafael del Norte"},"content":{"rendered":"<p><a href=\"https:\/\/elcronistadigital.com\/wp-content\/uploads\/2021\/05\/aa.jpg\"><img loading=\"lazy\" decoding=\"async\" class=\"alignleft size-full wp-image-54527\" alt=\"aa\" src=\"https:\/\/elcronistadigital.com\/wp-content\/uploads\/2021\/05\/aa.jpg\" width=\"400\" height=\"300\" srcset=\"https:\/\/elcronistadigital.com\/wp-content\/uploads\/2021\/05\/aa.jpg 400w, https:\/\/elcronistadigital.com\/wp-content\/uploads\/2021\/05\/aa-300x225.jpg 300w, https:\/\/elcronistadigital.com\/wp-content\/uploads\/2021\/05\/aa-342x256.jpg 342w, https:\/\/elcronistadigital.com\/wp-content\/uploads\/2021\/05\/aa-60x45.jpg 60w, https:\/\/elcronistadigital.com\/wp-content\/uploads\/2021\/05\/aa-150x113.jpg 150w, https:\/\/elcronistadigital.com\/wp-content\/uploads\/2021\/05\/aa-269x201.jpg 269w\" sizes=\"auto, (max-width: 400px) 100vw, 400px\" \/><\/a>En el Hospital Primario Fray Odorico D\u00b4Andrea, de San Rafael del Norte, el embajador Jaime Chin Mu Wu y la ministra asesora Dra. Sonia Castro, inauguraron la rehabilitaci\u00f3n del bloque quir\u00fargico de dicha infraestructura, en el marco estrat\u00e9gico del Proyecto de \u201cMantenimiento y Reparaci\u00f3n de Hospitales y Centros de Salud\u201d.<\/p>\n<p>Durante su intervenci\u00f3n, la secretaria pol\u00edtica Silvia Elena Sequeira, expres\u00f3 que para el pueblo de San Rafael del Norte era un d\u00eda de gran bendici\u00f3n, porque desde ese momento pod\u00edan contar con un hospital equipado con un quir\u00f3fano de primer mundo, y todo ello gracias al arduo trabajo del Gobierno y a la inmensa solidaridad del hermano de Taiw\u00e1n, que siempre est\u00e1 trabajando hombro con hombro con el Minsa para acercar los servicios de salud al pueblo.<\/p>\n<p>En tanto, el embajador Wu mencion\u00f3 que esta es la cuarta vez que viene a esta hermosa e hist\u00f3rica tierra, y en esta ocasi\u00f3n para inaugurar la reconstrucci\u00f3n del \u00e1rea de quir\u00f3fanos del hospital primario, el cual beneficiar\u00e1 directamente a m\u00e1s de 68 mil habitantes de los municipios de San Rafael del Norte, San Sebasti\u00e1n de Yal\u00ed y La Concordia.<\/p>\n<p>Enfatiz\u00f3 que dichas mejoras son parte del proyecto de \u201cMantenimiento y Reparaci\u00f3n de Hospitales y Centros de Salud\u201d, que inicio en el a\u00f1o 2017, y durante estos a\u00f1os ya se han realizado mejoras y rehabilitaciones en los sistemas de agua potable, sistemas el\u00e9ctricos, quir\u00f3fanos, salas de emergencias, etc. de hospitales de Managua, Jinotepe, Corinto, Siuna, Rosita y Bluefields.<a href=\"https:\/\/elcronistadigital.com\/wp-content\/uploads\/2021\/05\/aa1.jpg\"><img loading=\"lazy\" decoding=\"async\" class=\"aligncenter size-full wp-image-54528\" alt=\"aa1\" src=\"https:\/\/elcronistadigital.com\/wp-content\/uploads\/2021\/05\/aa1.jpg\" width=\"600\" height=\"204\" srcset=\"https:\/\/elcronistadigital.com\/wp-content\/uploads\/2021\/05\/aa1.jpg 600w, https:\/\/elcronistadigital.com\/wp-content\/uploads\/2021\/05\/aa1-300x102.jpg 300w, https:\/\/elcronistadigital.com\/wp-content\/uploads\/2021\/05\/aa1-342x116.jpg 342w\" sizes=\"auto, (max-width: 600px) 100vw, 600px\" \/><\/a><\/p>\n<p>Por \u00faltimo, asegur\u00f3 que Taiw\u00e1n seguir\u00e1 acompa\u00f1ando y trabajando con el Minsa para alcanzar el bienestar en salud de las familias nicarag\u00fcenses.<\/p>\n<p>Por su parte, la ministra asesora Castro afirm\u00f3 que con las mejoras realizadas en las diferentes \u00e1reas del hospital, se est\u00e1 garantizando una atenci\u00f3n en salud digna y de calidad para toda la poblaci\u00f3n de estos tres municipios.<\/p>\n<p>Agreg\u00f3 que con esta inauguraci\u00f3n se est\u00e1 dando un paso m\u00e1s hacia el cumplimiento del modelo de salud que es impulsado por el Gobierno de Nicaragua. Agradeci\u00f3 en nombre de los habitantes del municipio, al pueblo de Taiw\u00e1n por su constante solidaridad y colaboraci\u00f3n para asegurar el fortalecimiento de las redes comunitarias de salud y salvaguardar la vida de los nicarag\u00fcenses.<\/p>\n<p>En el acto participaron la alcaldesa Norma Herrera Zeled\u00f3n; la directora general del Silais, Dra. Nyndytz Centeno; personal de salud del Silais; brigadistas de Fetsalud y miembros de la Embajada de Taiw\u00e1n.<\/p>\n","protected":false},"excerpt":{"rendered":"<p>En el Hospital Primario Fray Odorico D\u00b4Andrea, de San Rafael del Norte, el embajador Jaime Chin Mu Wu y la ministra asesora Dra. Sonia Castro, inauguraron la rehabilitaci\u00f3n del bloque quir\u00fargico de dicha infraestructura, en el marco estrat\u00e9gico del Proyecto de \u201cMantenimiento y Reparaci\u00f3n de Hospitales y Centros de Salud\u201d. Durante su intervenci\u00f3n, la secretaria [&hellip;]<\/p>\n","protected":false},"author":1,"featured_media":54527,"comment_status":"open","ping_status":"open","sticky":false,"template":"","format":"standard","meta":{"om_disable_all_campaigns":false,"_monsterinsights_skip_tracking":false,"_monsterinsights_sitenote_active":false,"_monsterinsights_sitenote_note":"","_monsterinsights_sitenote_category":0,"footnotes":""},"categories":[3,3524],"tags":[],"class_list":["post-54526","post","type-post","status-publish","format-standard","has-post-thumbnail","hentry","category-nacionales","category-noticas"],"aioseo_notices":[],"_links":{"self":[{"href":"https:\/\/elcronistadigital.com\/index.php?rest_route=\/wp\/v2\/posts\/54526","targetHints":{"allow":["GET"]}}],"collection":[{"href":"https:\/\/elcronistadigital.com\/index.php?rest_route=\/wp\/v2\/posts"}],"about":[{"href":"https:\/\/elcronistadigital.com\/index.php?rest_route=\/wp\/v2\/types\/post"}],"author":[{"embeddable":true,"href":"https:\/\/elcronistadigital.com\/index.php?rest_route=\/wp\/v2\/users\/1"}],"replies":[{"embeddable":true,"href":"https:\/\/elcronistadigital.com\/index.php?rest_route=%2Fwp%2Fv2%2Fcomments&post=54526"}],"version-history":[{"count":1,"href":"https:\/\/elcronistadigital.com\/index.php?rest_route=\/wp\/v2\/posts\/54526\/revisions"}],"predecessor-version":[{"id":54529,"href":"https:\/\/elcronistadigital.com\/index.php?rest_route=\/wp\/v2\/posts\/54526\/revisions\/54529"}],"wp:featuredmedia":[{"embeddable":true,"href":"https:\/\/elcronistadigital.com\/index.php?rest_route=\/wp\/v2\/media\/54527"}],"wp:attachment":[{"href":"https:\/\/elcronistadigital.com\/index.php?rest_route=%2Fwp%2Fv2%2Fmedia&parent=54526"}],"wp:term":[{"taxonomy":"category","embeddable":true,"href":"https:\/\/elcronistadigital.com\/index.php?rest_route=%2Fwp%2Fv2%2Fcategories&post=54526"},{"taxonomy":"post_tag","embeddable":true,"href":"https:\/\/elcronistadigital.com\/index.php?rest_route=%2Fwp%2Fv2%2Ftags&post=54526"}],"curies":[{"name":"wp","href":"https:\/\/api.w.org\/{rel}","templated":true}]}}