{"id":54533,"date":"2021-05-05T08:52:07","date_gmt":"2021-05-05T14:52:07","guid":{"rendered":"http:\/\/elcronistadigital.com\/?p=54533"},"modified":"2021-05-05T08:52:07","modified_gmt":"2021-05-05T14:52:07","slug":"medicos-nicaraguenses-viajaran-a-taiwan-a-especializarse-en-erc","status":"publish","type":"post","link":"https:\/\/elcronistadigital.com\/?p=54533","title":{"rendered":"M\u00e9dicos nicarag\u00fcenses viajar\u00e1n a Taiw\u00e1n a especializarse en ERC"},"content":{"rendered":"<p><a href=\"https:\/\/elcronistadigital.com\/wp-content\/uploads\/2021\/05\/aa3.jpg\"><img loading=\"lazy\" decoding=\"async\" class=\"alignleft size-full wp-image-54534\" alt=\"aa\" src=\"https:\/\/elcronistadigital.com\/wp-content\/uploads\/2021\/05\/aa3.jpg\" width=\"400\" height=\"298\" srcset=\"https:\/\/elcronistadigital.com\/wp-content\/uploads\/2021\/05\/aa3.jpg 400w, https:\/\/elcronistadigital.com\/wp-content\/uploads\/2021\/05\/aa3-300x223.jpg 300w, https:\/\/elcronistadigital.com\/wp-content\/uploads\/2021\/05\/aa3-342x254.jpg 342w, https:\/\/elcronistadigital.com\/wp-content\/uploads\/2021\/05\/aa3-60x45.jpg 60w, https:\/\/elcronistadigital.com\/wp-content\/uploads\/2021\/05\/aa3-150x113.jpg 150w, https:\/\/elcronistadigital.com\/wp-content\/uploads\/2021\/05\/aa3-269x201.jpg 269w\" sizes=\"auto, (max-width: 400px) 100vw, 400px\" \/><\/a>En la sede del Minsa, el embajador Jaime Chin-Mu Wu y la ministra de Salud, Dra. Martha Reyes, presidieron la ceremonia de colocaci\u00f3n de broches a los seis miembros del personal de Salud que viajar\u00e1n a recibir capacitaci\u00f3n para el fortalecimiento del Sistema de Prevenci\u00f3n y Tratamiento de la Enfermedad Renal Cr\u00f3nica (ERC).<\/p>\n<p>En su alocuci\u00f3n, el embajador Wu dijo sentirse muy contento de estar nuevamente acompa\u00f1ando a la ministra Reyes, en la colocaci\u00f3n de broches para los seis m\u00e9dicos que viajar\u00e1n a Taiw\u00e1n a capacitarse en la prevenci\u00f3n de las ERC.<\/p>\n<p>Se\u00f1alo que dicha actividad se desarrolla en el marco del Proyecto de Fortalecimiento del Sistema de Prevenci\u00f3n y Tratamiento de la ERC, el cual comenz\u00f3 a ejecutarse en el a\u00f1o 2019, y cuyo objetivo principal es contribuir con el diagn\u00f3stico y detecci\u00f3n temprana de esta enfermedad, a trav\u00e9s de la actualizaci\u00f3n de las estrategias de salud y del fortalecimiento de la capacidad de los hospitales y centros de salud para la prevenci\u00f3n y tratamiento de la ERC.<\/p>\n<p>Apunt\u00f3 que en a\u00f1os anteriores, 16 miembros del personal m\u00e9dico del Minsa han viajado a Taiw\u00e1n para recibir cursos y conocer la experiencia acumulada por los especialistas del Hospital Far Eastern Memorial de Taiw\u00e1n, quienes cooperan e impulsan este proyecto.<\/p>\n<p>Finalmente, reiter\u00f3 que Taiw\u00e1n seguir\u00e1 acompa\u00f1ando los esfuerzos del Minsa para garantizar el acceso gratuito a los servicios de salud para toda la poblaci\u00f3n.<\/p>\n<p>En tanto, la ministra Reyes resalt\u00f3 que gracias a la ejecuci\u00f3n de este proyecto, el Minsa est\u00e1 fortaleciendo la estrategia del abordaje cl\u00ednico y de tratamiento de las ERC en todos los hospitales y centros de salud en cada rinc\u00f3n del territorio.<a href=\"https:\/\/elcronistadigital.com\/wp-content\/uploads\/2021\/05\/aa11.jpg\"><img loading=\"lazy\" decoding=\"async\" class=\"alignright size-full wp-image-54535\" alt=\"aa1\" src=\"https:\/\/elcronistadigital.com\/wp-content\/uploads\/2021\/05\/aa11.jpg\" width=\"400\" height=\"266\" srcset=\"https:\/\/elcronistadigital.com\/wp-content\/uploads\/2021\/05\/aa11.jpg 400w, https:\/\/elcronistadigital.com\/wp-content\/uploads\/2021\/05\/aa11-300x199.jpg 300w, https:\/\/elcronistadigital.com\/wp-content\/uploads\/2021\/05\/aa11-342x227.jpg 342w\" sizes=\"auto, (max-width: 400px) 100vw, 400px\" \/><\/a><\/p>\n<p>Asimismo, pidi\u00f3 al personal m\u00e9dico que estar\u00e1 viajando a Taiw\u00e1n, prepararse bien para que luego pueda compartir todo lo aprendido con los trabajadores de la salud del pa\u00eds. Agradeci\u00f3 al Gobierno de Taiw\u00e1n su incansable cooperaci\u00f3n y solidaridad para que las familias nicarag\u00fcenses tengan acceso a una atenci\u00f3n en salud de calidad y calidez humana.<\/p>\n<p>Por su parte, la Dra. M\u00f3nica Alcalde, especialista en Nefrolog\u00eda en Bluefields, agradeci\u00f3 en nombre del personal m\u00e9dico al pueblo de Taiw\u00e1n por darles la oportunidad de poder especializarse en la prevenci\u00f3n, tratamiento y detecci\u00f3n temprana de la ERC, y asegur\u00f3 que tienen el compromiso de compartir, a su regreso, con los dem\u00e1s trabajadores de la salud todo lo aprendido.<\/p>\n<p>En el acto particip\u00f3 adem\u00e1s personal m\u00e9dico del Minsa, funcionarios del Minrex y miembros de la Embajada y de la Misi\u00f3n T\u00e9cnica de Taiw\u00e1n.<\/p>\n","protected":false},"excerpt":{"rendered":"<p>En la sede del Minsa, el embajador Jaime Chin-Mu Wu y la ministra de Salud, Dra. Martha Reyes, presidieron la ceremonia de colocaci\u00f3n de broches a los seis miembros del personal de Salud que viajar\u00e1n a recibir capacitaci\u00f3n para el fortalecimiento del Sistema de Prevenci\u00f3n y Tratamiento de la Enfermedad Renal Cr\u00f3nica (ERC). En su [&hellip;]<\/p>\n","protected":false},"author":1,"featured_media":54535,"comment_status":"open","ping_status":"open","sticky":false,"template":"","format":"standard","meta":{"om_disable_all_campaigns":false,"_monsterinsights_skip_tracking":false,"_monsterinsights_sitenote_active":false,"_monsterinsights_sitenote_note":"","_monsterinsights_sitenote_category":0,"footnotes":""},"categories":[3,3524],"tags":[],"class_list":["post-54533","post","type-post","status-publish","format-standard","has-post-thumbnail","hentry","category-nacionales","category-noticas"],"aioseo_notices":[],"_links":{"self":[{"href":"https:\/\/elcronistadigital.com\/index.php?rest_route=\/wp\/v2\/posts\/54533","targetHints":{"allow":["GET"]}}],"collection":[{"href":"https:\/\/elcronistadigital.com\/index.php?rest_route=\/wp\/v2\/posts"}],"about":[{"href":"https:\/\/elcronistadigital.com\/index.php?rest_route=\/wp\/v2\/types\/post"}],"author":[{"embeddable":true,"href":"https:\/\/elcronistadigital.com\/index.php?rest_route=\/wp\/v2\/users\/1"}],"replies":[{"embeddable":true,"href":"https:\/\/elcronistadigital.com\/index.php?rest_route=%2Fwp%2Fv2%2Fcomments&post=54533"}],"version-history":[{"count":1,"href":"https:\/\/elcronistadigital.com\/index.php?rest_route=\/wp\/v2\/posts\/54533\/revisions"}],"predecessor-version":[{"id":54536,"href":"https:\/\/elcronistadigital.com\/index.php?rest_route=\/wp\/v2\/posts\/54533\/revisions\/54536"}],"wp:featuredmedia":[{"embeddable":true,"href":"https:\/\/elcronistadigital.com\/index.php?rest_route=\/wp\/v2\/media\/54535"}],"wp:attachment":[{"href":"https:\/\/elcronistadigital.com\/index.php?rest_route=%2Fwp%2Fv2%2Fmedia&parent=54533"}],"wp:term":[{"taxonomy":"category","embeddable":true,"href":"https:\/\/elcronistadigital.com\/index.php?rest_route=%2Fwp%2Fv2%2Fcategories&post=54533"},{"taxonomy":"post_tag","embeddable":true,"href":"https:\/\/elcronistadigital.com\/index.php?rest_route=%2Fwp%2Fv2%2Ftags&post=54533"}],"curies":[{"name":"wp","href":"https:\/\/api.w.org\/{rel}","templated":true}]}}