{"id":54544,"date":"2021-05-07T20:00:02","date_gmt":"2021-05-08T02:00:02","guid":{"rendered":"http:\/\/elcronistadigital.com\/?p=54544"},"modified":"2021-05-07T20:00:02","modified_gmt":"2021-05-08T02:00:02","slug":"inauguran-granja-porcina-en-nueva-guinea-para-beneficio-de-pequenos-productores","status":"publish","type":"post","link":"https:\/\/elcronistadigital.com\/?p=54544","title":{"rendered":"Inauguran granja porcina en Nueva Guinea para beneficio de peque\u00f1os productores"},"content":{"rendered":"<p><a href=\"https:\/\/elcronistadigital.com\/wp-content\/uploads\/2021\/05\/aa6.jpg\"><img loading=\"lazy\" decoding=\"async\" class=\"alignleft size-full wp-image-54545\" alt=\"aa\" src=\"https:\/\/elcronistadigital.com\/wp-content\/uploads\/2021\/05\/aa6.jpg\" width=\"400\" height=\"293\" srcset=\"https:\/\/elcronistadigital.com\/wp-content\/uploads\/2021\/05\/aa6.jpg 400w, https:\/\/elcronistadigital.com\/wp-content\/uploads\/2021\/05\/aa6-300x219.jpg 300w, https:\/\/elcronistadigital.com\/wp-content\/uploads\/2021\/05\/aa6-342x250.jpg 342w, https:\/\/elcronistadigital.com\/wp-content\/uploads\/2021\/05\/aa6-60x45.jpg 60w, https:\/\/elcronistadigital.com\/wp-content\/uploads\/2021\/05\/aa6-90x65.jpg 90w\" sizes=\"auto, (max-width: 400px) 100vw, 400px\" \/><\/a>El ministro consejero Iv\u00e1n Lo y el codirector del Inta, Miguel Obando, inauguraron la ampliaci\u00f3n y mejoras de la Granja Porcina del Centro de Desarrollo Tecnol\u00f3gico del Municipio de Nueva Guinea, como parte de las acciones del Proyecto \u201cMejoramiento Gen\u00e9tico para Incrementar la Productividad del Ganado Porcino\u201d.<\/p>\n<p>En su intervenci\u00f3n, Obando coment\u00f3 que la ampliaci\u00f3n del Centro Gen\u00e9tico servir\u00e1 para mejorar la productividad del sector porcino del municipio de Nueva Guinea, lo que ayudar\u00e1 a garantizar la seguridad alimentaria y nutricional de la poblaci\u00f3n.<\/p>\n<p>Agreg\u00f3 que en esta granja los productores tendr\u00e1n la oportunidad de adquirir conocimientos para lograr una mejor crianza de cerdos, y podr\u00e1n aprender el proceso de inseminaci\u00f3n y t\u00e9cnicas para la elaboraci\u00f3n de alimentos balanceados a bajo costo.<\/p>\n<p>Tambi\u00e9n resalt\u00f3 que esta instalaci\u00f3n gen\u00e9tica forma parte del compromiso y estrategia del Gobierno para que el pueblo transite por el camino de la prosperidad y el progreso socioecon\u00f3mico.<\/p>\n<p>Por \u00faltimo, se\u00f1al\u00f3 que este proceso de dar a los productores el acceso a las mejores tecnolog\u00edas gen\u00e9ticas, se est\u00e1 logrando gracias a la cooperaci\u00f3n t\u00e9cnica del gobierno de Taiw\u00e1n.<\/p>\n<p>Por su parte, el ministro consejero Lo mencion\u00f3 que a trav\u00e9s de este proyecto se est\u00e1 apoyando el desarrollo sostenible de las peque\u00f1as familias productoras de cerdos en todo el pa\u00eds. Igualmente, destac\u00f3 que con esta nueva granja porcina, los protagonistas tendr\u00e1n acceso gratuito a materiales gen\u00e9ticos de alta calidad, lo que permitir\u00e1 impulsar la crianza, reproducci\u00f3n y comercializaci\u00f3n de carne de cerdo tanto a nivel municipal y nacional.<a href=\"https:\/\/elcronistadigital.com\/wp-content\/uploads\/2021\/05\/aa12.jpg\"><img loading=\"lazy\" decoding=\"async\" class=\"alignright size-full wp-image-54546\" alt=\"aa1\" src=\"https:\/\/elcronistadigital.com\/wp-content\/uploads\/2021\/05\/aa12.jpg\" width=\"400\" height=\"300\" srcset=\"https:\/\/elcronistadigital.com\/wp-content\/uploads\/2021\/05\/aa12.jpg 400w, https:\/\/elcronistadigital.com\/wp-content\/uploads\/2021\/05\/aa12-300x225.jpg 300w, https:\/\/elcronistadigital.com\/wp-content\/uploads\/2021\/05\/aa12-342x256.jpg 342w, https:\/\/elcronistadigital.com\/wp-content\/uploads\/2021\/05\/aa12-60x45.jpg 60w, https:\/\/elcronistadigital.com\/wp-content\/uploads\/2021\/05\/aa12-150x113.jpg 150w, https:\/\/elcronistadigital.com\/wp-content\/uploads\/2021\/05\/aa12-269x201.jpg 269w\" sizes=\"auto, (max-width: 400px) 100vw, 400px\" \/><\/a><\/p>\n<p>Precis\u00f3 que con dichas mejoras, 3,500 familias productoras del municipio y de los sectores aleda\u00f1os fortalecer\u00e1n sus conocimientos y t\u00e9cnicas para mejorar la nutrici\u00f3n, reproducci\u00f3n y sanidad de sus granjas de cerdo.<\/p>\n<p>Concluy\u00f3 reiterando el compromiso y acompa\u00f1amiento de Taiw\u00e1n, de seguir mejorando la productividad del ganado porcino en Nicaragua, para beneficio de las familias protagonistas.<\/p>\n<p>Al evento asistieron adem\u00e1s la alcaldesa Claribel Castillo, autoridades locales, beneficiarios del proyecto y miembros de la Embajada de Taiw\u00e1n.<\/p>\n","protected":false},"excerpt":{"rendered":"<p>El ministro consejero Iv\u00e1n Lo y el codirector del Inta, Miguel Obando, inauguraron la ampliaci\u00f3n y mejoras de la Granja Porcina del Centro de Desarrollo Tecnol\u00f3gico del Municipio de Nueva Guinea, como parte de las acciones del Proyecto \u201cMejoramiento Gen\u00e9tico para Incrementar la Productividad del Ganado Porcino\u201d. En su intervenci\u00f3n, Obando coment\u00f3 que la ampliaci\u00f3n [&hellip;]<\/p>\n","protected":false},"author":1,"featured_media":54546,"comment_status":"open","ping_status":"open","sticky":false,"template":"","format":"standard","meta":{"om_disable_all_campaigns":false,"_monsterinsights_skip_tracking":false,"_monsterinsights_sitenote_active":false,"_monsterinsights_sitenote_note":"","_monsterinsights_sitenote_category":0,"footnotes":""},"categories":[3,3524],"tags":[],"class_list":["post-54544","post","type-post","status-publish","format-standard","has-post-thumbnail","hentry","category-nacionales","category-noticas"],"aioseo_notices":[],"_links":{"self":[{"href":"https:\/\/elcronistadigital.com\/index.php?rest_route=\/wp\/v2\/posts\/54544","targetHints":{"allow":["GET"]}}],"collection":[{"href":"https:\/\/elcronistadigital.com\/index.php?rest_route=\/wp\/v2\/posts"}],"about":[{"href":"https:\/\/elcronistadigital.com\/index.php?rest_route=\/wp\/v2\/types\/post"}],"author":[{"embeddable":true,"href":"https:\/\/elcronistadigital.com\/index.php?rest_route=\/wp\/v2\/users\/1"}],"replies":[{"embeddable":true,"href":"https:\/\/elcronistadigital.com\/index.php?rest_route=%2Fwp%2Fv2%2Fcomments&post=54544"}],"version-history":[{"count":1,"href":"https:\/\/elcronistadigital.com\/index.php?rest_route=\/wp\/v2\/posts\/54544\/revisions"}],"predecessor-version":[{"id":54547,"href":"https:\/\/elcronistadigital.com\/index.php?rest_route=\/wp\/v2\/posts\/54544\/revisions\/54547"}],"wp:featuredmedia":[{"embeddable":true,"href":"https:\/\/elcronistadigital.com\/index.php?rest_route=\/wp\/v2\/media\/54546"}],"wp:attachment":[{"href":"https:\/\/elcronistadigital.com\/index.php?rest_route=%2Fwp%2Fv2%2Fmedia&parent=54544"}],"wp:term":[{"taxonomy":"category","embeddable":true,"href":"https:\/\/elcronistadigital.com\/index.php?rest_route=%2Fwp%2Fv2%2Fcategories&post=54544"},{"taxonomy":"post_tag","embeddable":true,"href":"https:\/\/elcronistadigital.com\/index.php?rest_route=%2Fwp%2Fv2%2Ftags&post=54544"}],"curies":[{"name":"wp","href":"https:\/\/api.w.org\/{rel}","templated":true}]}}