{"id":54553,"date":"2021-05-11T10:16:16","date_gmt":"2021-05-11T16:16:16","guid":{"rendered":"http:\/\/elcronistadigital.com\/?p=54553"},"modified":"2021-05-11T10:16:16","modified_gmt":"2021-05-11T16:16:16","slug":"juan-darthes-dice-que-no-violo-a-actriz-de-patito-feo-en-nicaragua","status":"publish","type":"post","link":"https:\/\/elcronistadigital.com\/?p=54553","title":{"rendered":"Juan Darth\u00e9s dice que no viol\u00f3 a actriz de \u201cPatito Feo\u201d en Nicaragua"},"content":{"rendered":"<p><span style=\"color: #993300;\"><em><strong><a href=\"https:\/\/elcronistadigital.com\/wp-content\/uploads\/2021\/05\/aa8.jpg\"><img loading=\"lazy\" decoding=\"async\" class=\"alignleft size-full wp-image-54554\" alt=\"aa\" src=\"https:\/\/elcronistadigital.com\/wp-content\/uploads\/2021\/05\/aa8.jpg\" width=\"400\" height=\"265\" srcset=\"https:\/\/elcronistadigital.com\/wp-content\/uploads\/2021\/05\/aa8.jpg 400w, https:\/\/elcronistadigital.com\/wp-content\/uploads\/2021\/05\/aa8-300x198.jpg 300w, https:\/\/elcronistadigital.com\/wp-content\/uploads\/2021\/05\/aa8-342x226.jpg 342w\" sizes=\"auto, (max-width: 400px) 100vw, 400px\" \/><\/a>* El actor argentino habl\u00f3 con un canal brasile\u00f1o tras ser denunciado penalmente por Thelma Fardin y acusado medi\u00e1ticamente por Calu Rivero, Natalia Juncos y Anita Co. Fardin le respondi\u00f3 de inmediato.<\/strong><\/em><\/span><\/p>\n<p>Mientras que tres Ministerios P\u00fablicos Fiscales \u2014los de Nicaragua, Argentina y Brasil\u2014 tratan la denuncia por abuso sexual presentada por la actriz Thelma Fardin contra Juan Darth\u00e9s, durante dos a\u00f1os el actor se mantuvo en un herm\u00e9tico silencio en Brasil, el pa\u00eds donde naci\u00f3 y se radic\u00f3 tras la denuncia de Fardin, ya que all\u00ed no admiten las extradiciones.<\/p>\n<p>Sin embargo, rompi\u00f3 el silencio en el programa brasile\u00f1o Domingo Espectacular a trav\u00e9s de un audio en el que respondi\u00f3 una sola pregunta en portugu\u00e9s y asegur\u00f3 ser \u201cinocente\u201d.<\/p>\n<p>A principios de abril se conoci\u00f3 que la justicia brasile\u00f1a tambi\u00e9n investigar\u00e1 a Darth\u00e9s, quien se encuentra pr\u00f3fugo, por abuso sexual agravado contra Fardin, tras la denuncia que la actriz radic\u00f3 en Nicaragua por haberla violado en una gira de Patito Feo, cuando ella ten\u00eda 16 a\u00f1os.<\/p>\n<p>\u201cFinalmente me voy a poder defender\u201d, comenz\u00f3 Darth\u00e9s. \u201cDesde el comienzo estoy a disposici\u00f3n de la justicia brasile\u00f1a. Tambi\u00e9n queriendo ir a Nicaragua&#8230; Los abogados no me lo permitieron y menos mal que escuch\u00e9. No ofrec\u00edan garant\u00edas para mi vida\u201d, relat\u00f3.<\/p>\n<p>En una segunda parte de la grabaci\u00f3n, intent\u00f3 defenderse de los cargos que pesan sobre \u00e9l. \u201cNo hice nada de lo que me acusan. Soy inocente\u201d, asegur\u00f3 el actor. \u201cFue mucho, mucho tiempo de injusticia, de ver sufrir a mi familia. La verdad es que no deseo eso para nadie. Pero gracias a Dios hoy estamos m\u00e1s fuertes y m\u00e1s unidos que nunca\u201d, cerr\u00f3, en relaci\u00f3n con su esposa y sus hijos, con quienes vive en San Pablo.<\/p>\n<p>En el programa brasile\u00f1o no solo se refirieron a la denuncia penal de Thelma Fardin, sino a las acusaciones medi\u00e1ticas por acoso y abuso sexual emitidas por Calu Rivero, Anita Co y Natalia Juncos. Incluso, mencionaron la circular roja de la Interpol que rige para detener al actor.<\/p>\n<p>Mientras tanto, el periodista de investigaci\u00f3n Roberto Cabrini, quien logr\u00f3 obtener respuesta de Darth\u00e9s, hizo referencia a que las acusaciones contra el actor eran \u201cextremadamente graves\u201d.<\/p>\n<p>La respuesta de Thelma<\/p>\n<p>En tanto, la actriz Thelma Fardin sali\u00f3 al cruce de Juan Darth\u00e9s. En Brasil, adonde fue para quedar fuera del alcance de la justicia argentina el actor rompi\u00f3 el silencio y dijo ser inocente. Fardin reaccion\u00f3 y puso el caso en contexto. \u201cEl debate social ya no puede estar enmarcado en la discusi\u00f3n est\u00e9ril de `le creo o no le creo\u00b4, no es una cuesti\u00f3n de fe. Hay tres ministerios p\u00fablicos fiscales de tres pa\u00edses diferentes considerando que hay prueba suficiente\u201d, enfatiz\u00f3.<\/p>\n<p>Fardin apel\u00f3 a su cuenta de Instagram para responder lo dicho por el actor al que denunci\u00f3 penalmente por haberla violado cuando ten\u00eda 16 a\u00f1os, durante una gira de la serie juvenil \u00abPatito Feo\u00bb. \u201cEl Ministerio P\u00fablico Federal de Brasil, luego de una investigaci\u00f3n, promovi\u00f3 una denuncia en ese pa\u00eds que fue admitida, un juez fij\u00f3 fecha de audiencia para recibir la prueba y resolver sobre los hechos del caso.<\/p>\n<p>Luego de tres a\u00f1os intentando por todos los medios conseguir justicia en sede judicial, a esta instancia se lleg\u00f3 gracias a la cooperaci\u00f3n internacional entre los ministerios p\u00fablicos fiscales de Nicaragua, Argentina y Brasil, que escucharon mi palabra, produjeron prueba y consideraron que exist\u00eda m\u00e9rito suficiente para acusar a este hombre por violaci\u00f3n agravada\u201d, escribi\u00f3 en esa red social.<\/p>\n","protected":false},"excerpt":{"rendered":"<p>* El actor argentino habl\u00f3 con un canal brasile\u00f1o tras ser denunciado penalmente por Thelma Fardin y acusado medi\u00e1ticamente por Calu Rivero, Natalia Juncos y Anita Co. Fardin le respondi\u00f3 de inmediato. Mientras que tres Ministerios P\u00fablicos Fiscales \u2014los de Nicaragua, Argentina y Brasil\u2014 tratan la denuncia por abuso sexual presentada por la actriz Thelma [&hellip;]<\/p>\n","protected":false},"author":1,"featured_media":54554,"comment_status":"open","ping_status":"open","sticky":false,"template":"","format":"standard","meta":{"om_disable_all_campaigns":false,"_monsterinsights_skip_tracking":false,"_monsterinsights_sitenote_active":false,"_monsterinsights_sitenote_note":"","_monsterinsights_sitenote_category":0,"footnotes":""},"categories":[3524],"tags":[],"class_list":["post-54553","post","type-post","status-publish","format-standard","has-post-thumbnail","hentry","category-noticas"],"aioseo_notices":[],"_links":{"self":[{"href":"https:\/\/elcronistadigital.com\/index.php?rest_route=\/wp\/v2\/posts\/54553","targetHints":{"allow":["GET"]}}],"collection":[{"href":"https:\/\/elcronistadigital.com\/index.php?rest_route=\/wp\/v2\/posts"}],"about":[{"href":"https:\/\/elcronistadigital.com\/index.php?rest_route=\/wp\/v2\/types\/post"}],"author":[{"embeddable":true,"href":"https:\/\/elcronistadigital.com\/index.php?rest_route=\/wp\/v2\/users\/1"}],"replies":[{"embeddable":true,"href":"https:\/\/elcronistadigital.com\/index.php?rest_route=%2Fwp%2Fv2%2Fcomments&post=54553"}],"version-history":[{"count":1,"href":"https:\/\/elcronistadigital.com\/index.php?rest_route=\/wp\/v2\/posts\/54553\/revisions"}],"predecessor-version":[{"id":54555,"href":"https:\/\/elcronistadigital.com\/index.php?rest_route=\/wp\/v2\/posts\/54553\/revisions\/54555"}],"wp:featuredmedia":[{"embeddable":true,"href":"https:\/\/elcronistadigital.com\/index.php?rest_route=\/wp\/v2\/media\/54554"}],"wp:attachment":[{"href":"https:\/\/elcronistadigital.com\/index.php?rest_route=%2Fwp%2Fv2%2Fmedia&parent=54553"}],"wp:term":[{"taxonomy":"category","embeddable":true,"href":"https:\/\/elcronistadigital.com\/index.php?rest_route=%2Fwp%2Fv2%2Fcategories&post=54553"},{"taxonomy":"post_tag","embeddable":true,"href":"https:\/\/elcronistadigital.com\/index.php?rest_route=%2Fwp%2Fv2%2Ftags&post=54553"}],"curies":[{"name":"wp","href":"https:\/\/api.w.org\/{rel}","templated":true}]}}