{"id":54565,"date":"2021-05-13T18:52:24","date_gmt":"2021-05-14T00:52:24","guid":{"rendered":"http:\/\/elcronistadigital.com\/?p=54565"},"modified":"2021-05-13T18:52:24","modified_gmt":"2021-05-14T00:52:24","slug":"acuerdo-para-ejecutar-plan-techo-a-afectados-por-huracanes-eta-y-iota","status":"publish","type":"post","link":"https:\/\/elcronistadigital.com\/?p=54565","title":{"rendered":"Acuerdo para ejecutar Plan Techo a afectados por huracanes Eta y Iota"},"content":{"rendered":"<p><a href=\"https:\/\/elcronistadigital.com\/wp-content\/uploads\/2021\/05\/aa16.jpg\"><img loading=\"lazy\" decoding=\"async\" class=\"alignleft size-full wp-image-54566\" alt=\"aa\" src=\"https:\/\/elcronistadigital.com\/wp-content\/uploads\/2021\/05\/aa16.jpg\" width=\"400\" height=\"297\" srcset=\"https:\/\/elcronistadigital.com\/wp-content\/uploads\/2021\/05\/aa16.jpg 400w, https:\/\/elcronistadigital.com\/wp-content\/uploads\/2021\/05\/aa16-300x222.jpg 300w, https:\/\/elcronistadigital.com\/wp-content\/uploads\/2021\/05\/aa16-342x253.jpg 342w, https:\/\/elcronistadigital.com\/wp-content\/uploads\/2021\/05\/aa16-60x45.jpg 60w, https:\/\/elcronistadigital.com\/wp-content\/uploads\/2021\/05\/aa16-269x201.jpg 269w\" sizes=\"auto, (max-width: 400px) 100vw, 400px\" \/><\/a>En la sede del Sistema Nacional para la Prevenci\u00f3n, Mitigaci\u00f3n y Atenci\u00f3n de Desastres (Sinapred), el embajador Jaime Chin Mu Wu y el ministro-director del Sinapred, Dr. Guillermo Gonz\u00e1lez, firmaron este 13 de mayo, el Acuerdo Espec\u00edfico para la Ejecuci\u00f3n del \u201cProyecto de Atenci\u00f3n Alimentaria con Plan Techo a Familias Afectadas por los Huracanes ETA\/IOTA\u201d.<\/p>\n<p>Durante su intervenci\u00f3n, el embajador Wu dijo que estaban patentizando una vez m\u00e1s la solidaridad del pueblo y gobierno de Taiw\u00e1n con el gobierno y pueblo de Nicaragua, a trav\u00e9s de la entrega de un fondo de emergencia para ejecutar el proyecto de atenci\u00f3n humanitaria a trav\u00e9s del plan techo para los afectados por los huracanes Eta e Iota.<\/p>\n<p>Asimismo, coment\u00f3 que Nicaragua, por su ubicaci\u00f3n y caracter\u00edsticas geogr\u00e1ficas, siempre enfrenta enormes desaf\u00edos en la \u00e9poca de invierno, con tormentas, huracanes, bajas presiones y fen\u00f3menos como los huracanes Eta e Iota que azotaron el a\u00f1o pasado el Caribe Norte y Pac\u00edfico, provocando consecuencias devastadoras.<\/p>\n<p>Precis\u00f3 que a trav\u00e9s de este proyecto, el Sinapred har\u00e1 llegar el plan techo a las familias afectadas, para que puedan reconstruir y fortalecer sus viviendas.<\/p>\n<p>Finaliz\u00f3 asegurando que Taiw\u00e1n seguir\u00e1 trabajando junto al Sinapred en la prevenci\u00f3n de desastres, para asegurar el bienestar de la poblaci\u00f3n.<\/p>\n<p>Por su parte, el ministro Gonz\u00e1lez record\u00f3 que hace seis meses Nicaragua estaba viviendo unos momentos dif\u00edciles, debido a la inminente amenaza del hurac\u00e1n Iota. Y desde entonces por orientaciones del Gobierno de Nicaragua, se ha venido trabajando en tener un Plan Invierno 2021 suficientemente seguro para poder estar preparados y as\u00ed enfrentar cualquier amenaza natural, y gracias a este aporte solidario del pueblo y gobierno de Taiw\u00e1n, podemos estar mejor preparados para ello.<\/p>\n<p>Se\u00f1al\u00f3 que Taiw\u00e1n siempre ha estado sumando voluntades y esfuerzos con el Gobierno a trav\u00e9s del Sinapred, para garantizar la sobrevivencia y seguridad de las familias nicarag\u00fcenses.<\/p>\n<p>Por \u00faltimo, agradeci\u00f3 en nombre del Gobierno y de todas las familias, esta colaboraci\u00f3n para el proceso de reconstrucci\u00f3n post-hurac\u00e1n, la cual tambi\u00e9n servir\u00e1 para que el pueblo pueda estar listo a enfrentar cualquier situaci\u00f3n ante un desastre natural.<\/p>\n<p>Al acto asistieron funcionarios del Sinapred, representantes del Minrex y miembros de la Embajada de Taiw\u00e1n.<\/p>\n","protected":false},"excerpt":{"rendered":"<p>En la sede del Sistema Nacional para la Prevenci\u00f3n, Mitigaci\u00f3n y Atenci\u00f3n de Desastres (Sinapred), el embajador Jaime Chin Mu Wu y el ministro-director del Sinapred, Dr. Guillermo Gonz\u00e1lez, firmaron este 13 de mayo, el Acuerdo Espec\u00edfico para la Ejecuci\u00f3n del \u201cProyecto de Atenci\u00f3n Alimentaria con Plan Techo a Familias Afectadas por los Huracanes ETA\/IOTA\u201d. [&hellip;]<\/p>\n","protected":false},"author":1,"featured_media":54566,"comment_status":"open","ping_status":"open","sticky":false,"template":"","format":"standard","meta":{"om_disable_all_campaigns":false,"_monsterinsights_skip_tracking":false,"_monsterinsights_sitenote_active":false,"_monsterinsights_sitenote_note":"","_monsterinsights_sitenote_category":0,"footnotes":""},"categories":[3,3524],"tags":[],"class_list":["post-54565","post","type-post","status-publish","format-standard","has-post-thumbnail","hentry","category-nacionales","category-noticas"],"aioseo_notices":[],"_links":{"self":[{"href":"https:\/\/elcronistadigital.com\/index.php?rest_route=\/wp\/v2\/posts\/54565","targetHints":{"allow":["GET"]}}],"collection":[{"href":"https:\/\/elcronistadigital.com\/index.php?rest_route=\/wp\/v2\/posts"}],"about":[{"href":"https:\/\/elcronistadigital.com\/index.php?rest_route=\/wp\/v2\/types\/post"}],"author":[{"embeddable":true,"href":"https:\/\/elcronistadigital.com\/index.php?rest_route=\/wp\/v2\/users\/1"}],"replies":[{"embeddable":true,"href":"https:\/\/elcronistadigital.com\/index.php?rest_route=%2Fwp%2Fv2%2Fcomments&post=54565"}],"version-history":[{"count":1,"href":"https:\/\/elcronistadigital.com\/index.php?rest_route=\/wp\/v2\/posts\/54565\/revisions"}],"predecessor-version":[{"id":54567,"href":"https:\/\/elcronistadigital.com\/index.php?rest_route=\/wp\/v2\/posts\/54565\/revisions\/54567"}],"wp:featuredmedia":[{"embeddable":true,"href":"https:\/\/elcronistadigital.com\/index.php?rest_route=\/wp\/v2\/media\/54566"}],"wp:attachment":[{"href":"https:\/\/elcronistadigital.com\/index.php?rest_route=%2Fwp%2Fv2%2Fmedia&parent=54565"}],"wp:term":[{"taxonomy":"category","embeddable":true,"href":"https:\/\/elcronistadigital.com\/index.php?rest_route=%2Fwp%2Fv2%2Fcategories&post=54565"},{"taxonomy":"post_tag","embeddable":true,"href":"https:\/\/elcronistadigital.com\/index.php?rest_route=%2Fwp%2Fv2%2Ftags&post=54565"}],"curies":[{"name":"wp","href":"https:\/\/api.w.org\/{rel}","templated":true}]}}