{"id":54581,"date":"2021-05-17T18:06:15","date_gmt":"2021-05-18T00:06:15","guid":{"rendered":"http:\/\/elcronistadigital.com\/?p=54581"},"modified":"2021-05-17T18:06:15","modified_gmt":"2021-05-18T00:06:15","slug":"cargill-empodera-a-mujeres-empresarias-del-sector-camaronero","status":"publish","type":"post","link":"https:\/\/elcronistadigital.com\/?p=54581","title":{"rendered":"Cargill empodera a mujeres empresarias del sector camaronero"},"content":{"rendered":"<p><span style=\"color: #993300;\"><em><strong><a href=\"https:\/\/elcronistadigital.com\/wp-content\/uploads\/2021\/05\/aa22.jpg\"><img loading=\"lazy\" decoding=\"async\" class=\"alignleft size-full wp-image-54582\" alt=\"aa\" src=\"https:\/\/elcronistadigital.com\/wp-content\/uploads\/2021\/05\/aa22.jpg\" width=\"400\" height=\"259\" srcset=\"https:\/\/elcronistadigital.com\/wp-content\/uploads\/2021\/05\/aa22.jpg 400w, https:\/\/elcronistadigital.com\/wp-content\/uploads\/2021\/05\/aa22-300x194.jpg 300w, https:\/\/elcronistadigital.com\/wp-content\/uploads\/2021\/05\/aa22-342x221.jpg 342w\" sizes=\"auto, (max-width: 400px) 100vw, 400px\" \/><\/a>* Cargill y la Edes Business School de la Universidad Particular de Loja capacitar\u00e1n a 100 mujeres de Nicaragua, M\u00e9xico, Honduras y Ecuador<\/strong><\/em><\/span><\/p>\n<p>Ecuador.- Cargill y la Escuela de Negocios Edes de la Universidad T\u00e9cnica Particular de Loja (UTPL) en Ecuador, firmaron una alianza para llevar a cabo un programa de capacitaci\u00f3n para 100 mujeres productoras de camar\u00f3n en M\u00e9xico, Centroam\u00e9rica y Ecuador.<\/p>\n<p>El programa ayudar\u00e1 a las beneficiarias a acceder a tecnolog\u00eda y conocimientos t\u00e9cnicos, eliminando as\u00ed obst\u00e1culos para mejorar sus fuentes de ingresos y enriquecer a la industria y a sus comunidades. Esta asociaci\u00f3n se alinea con el compromiso de Cargill de promover la paridad de g\u00e9nero y el empoderamiento de las mujeres a lo largo de sus cadenas de suministro.<\/p>\n<p>Cargill y la UTPL trabajar\u00e1n juntos para desarrollar las habilidades empresariales de las mujeres camaroneras en la costa de los estados de Sonora y Sinaloa, M\u00e9xico; en las regiones de Choluteca y Valle del sur de Honduras; Chinandega en Nicaragua; y las provincias de Oro, Guayas y Santa Elena en Ecuador, a trav\u00e9s de la educaci\u00f3n, para que puedan ampliar sus conocimientos y aplicarlos en sus respectivos negocios.<\/p>\n<p>Cada comunidad participante tiene la vocaci\u00f3n productiva y la dedicaci\u00f3n para enfocar sus esfuerzos en el desarrollo de este sector.<\/p>\n<p>\u201cNos sentimos honrados y entusiasmados de asociarnos con la UTPL para abrir las puertas a las mujeres primero, en sus comunidades y luego a mercados de exportaci\u00f3n m\u00e1s amplios\u201d, coment\u00f3 Pilar Cruz, Chief Sustainability Officer de Cargill.<\/p>\n<p>\u201cInvertimos en el desarrollo de las comunidades y en educaci\u00f3n para impulsar la resiliencia econ\u00f3mica y social. Programas como este dan vida al prop\u00f3sito de Cargill de nutrir al mundo de una manera segura, responsable y sostenible\u201d, agreg\u00f3.<a href=\"https:\/\/elcronistadigital.com\/wp-content\/uploads\/2021\/05\/aa110.jpg\"><img loading=\"lazy\" decoding=\"async\" class=\"alignright size-full wp-image-54583\" alt=\"aa1\" src=\"https:\/\/elcronistadigital.com\/wp-content\/uploads\/2021\/05\/aa110.jpg\" width=\"400\" height=\"267\" srcset=\"https:\/\/elcronistadigital.com\/wp-content\/uploads\/2021\/05\/aa110.jpg 400w, https:\/\/elcronistadigital.com\/wp-content\/uploads\/2021\/05\/aa110-300x200.jpg 300w, https:\/\/elcronistadigital.com\/wp-content\/uploads\/2021\/05\/aa110-342x228.jpg 342w\" sizes=\"auto, (max-width: 400px) 100vw, 400px\" \/><\/a><\/p>\n<p>El programa de formaci\u00f3n que, acad\u00e9micamente est\u00e1 liderado por la Universidad T\u00e9cnica Particular de Loja, a trav\u00e9s de la Fundaci\u00f3n para el Desarrollo Empresarial y Social (FEDES) como aliada estrat\u00e9gico de la Universidad para el impulso y desarrollo sostenible de las comunidades y, su Escuela de Negocios EDES como ejecutor de la formaci\u00f3n acad\u00e9mica, est\u00e1 conformado por seis m\u00f3dulos acad\u00e9micos que ser\u00e1n impartidos en la modalidad de estudios online, abarcando contenidos como: liderazgo, motivaci\u00f3n, finanzas, cultura digital, entre otros. Estos m\u00f3dulos permitir\u00e1n fortalecer las capacidades y competencias de las participantes.<\/p>\n<p>Para Camilo Pinz\u00f3n, Director General de EDES Business School, Escuela de Negocios de la UTPL \u201cel aportar al desarrollo social y econ\u00f3mico de los territorios es una prioridad para la Academia. Reconocemos que a trav\u00e9s de la alianza con el Programa de Educaci\u00f3n Continua de Mujeres Empresarias, podremos aportar desde la UTPL a fortalecer las capacidades territoriales del sector camaronero y el liderazgo personal y profesional de las mujeres que se dedican a esta actividad\u201d.<\/p>\n","protected":false},"excerpt":{"rendered":"<p>* Cargill y la Edes Business School de la Universidad Particular de Loja capacitar\u00e1n a 100 mujeres de Nicaragua, M\u00e9xico, Honduras y Ecuador Ecuador.- Cargill y la Escuela de Negocios Edes de la Universidad T\u00e9cnica Particular de Loja (UTPL) en Ecuador, firmaron una alianza para llevar a cabo un programa de capacitaci\u00f3n para 100 mujeres [&hellip;]<\/p>\n","protected":false},"author":1,"featured_media":54583,"comment_status":"open","ping_status":"open","sticky":false,"template":"","format":"standard","meta":{"om_disable_all_campaigns":false,"_monsterinsights_skip_tracking":false,"_monsterinsights_sitenote_active":false,"_monsterinsights_sitenote_note":"","_monsterinsights_sitenote_category":0,"footnotes":""},"categories":[3,3524],"tags":[],"class_list":["post-54581","post","type-post","status-publish","format-standard","has-post-thumbnail","hentry","category-nacionales","category-noticas"],"aioseo_notices":[],"_links":{"self":[{"href":"https:\/\/elcronistadigital.com\/index.php?rest_route=\/wp\/v2\/posts\/54581","targetHints":{"allow":["GET"]}}],"collection":[{"href":"https:\/\/elcronistadigital.com\/index.php?rest_route=\/wp\/v2\/posts"}],"about":[{"href":"https:\/\/elcronistadigital.com\/index.php?rest_route=\/wp\/v2\/types\/post"}],"author":[{"embeddable":true,"href":"https:\/\/elcronistadigital.com\/index.php?rest_route=\/wp\/v2\/users\/1"}],"replies":[{"embeddable":true,"href":"https:\/\/elcronistadigital.com\/index.php?rest_route=%2Fwp%2Fv2%2Fcomments&post=54581"}],"version-history":[{"count":1,"href":"https:\/\/elcronistadigital.com\/index.php?rest_route=\/wp\/v2\/posts\/54581\/revisions"}],"predecessor-version":[{"id":54584,"href":"https:\/\/elcronistadigital.com\/index.php?rest_route=\/wp\/v2\/posts\/54581\/revisions\/54584"}],"wp:featuredmedia":[{"embeddable":true,"href":"https:\/\/elcronistadigital.com\/index.php?rest_route=\/wp\/v2\/media\/54583"}],"wp:attachment":[{"href":"https:\/\/elcronistadigital.com\/index.php?rest_route=%2Fwp%2Fv2%2Fmedia&parent=54581"}],"wp:term":[{"taxonomy":"category","embeddable":true,"href":"https:\/\/elcronistadigital.com\/index.php?rest_route=%2Fwp%2Fv2%2Fcategories&post=54581"},{"taxonomy":"post_tag","embeddable":true,"href":"https:\/\/elcronistadigital.com\/index.php?rest_route=%2Fwp%2Fv2%2Ftags&post=54581"}],"curies":[{"name":"wp","href":"https:\/\/api.w.org\/{rel}","templated":true}]}}