{"id":54586,"date":"2021-05-19T07:46:25","date_gmt":"2021-05-19T13:46:25","guid":{"rendered":"http:\/\/elcronistadigital.com\/?p=54586"},"modified":"2021-05-19T07:46:25","modified_gmt":"2021-05-19T13:46:25","slug":"taiwan-e-inta-inauguran-treceava-granja-porcina-en-rio-san-juan","status":"publish","type":"post","link":"https:\/\/elcronistadigital.com\/?p=54586","title":{"rendered":"Taiw\u00e1n e Inta inauguran treceava granja porcina en R\u00edo San Juan"},"content":{"rendered":"<p><a href=\"https:\/\/elcronistadigital.com\/wp-content\/uploads\/2021\/05\/aa23.jpg\"><img loading=\"lazy\" decoding=\"async\" class=\"alignleft size-full wp-image-54587\" alt=\"aa\" src=\"https:\/\/elcronistadigital.com\/wp-content\/uploads\/2021\/05\/aa23.jpg\" width=\"400\" height=\"297\" srcset=\"https:\/\/elcronistadigital.com\/wp-content\/uploads\/2021\/05\/aa23.jpg 400w, https:\/\/elcronistadigital.com\/wp-content\/uploads\/2021\/05\/aa23-300x222.jpg 300w, https:\/\/elcronistadigital.com\/wp-content\/uploads\/2021\/05\/aa23-342x253.jpg 342w, https:\/\/elcronistadigital.com\/wp-content\/uploads\/2021\/05\/aa23-60x45.jpg 60w, https:\/\/elcronistadigital.com\/wp-content\/uploads\/2021\/05\/aa23-269x201.jpg 269w\" sizes=\"auto, (max-width: 400px) 100vw, 400px\" \/><\/a>En el municipio de San Miguelito, R\u00edo San Juan, el embajador Jaime Chin-Mu Wu y la codirectora del Inta, Claudia C\u00e1rdenas, inauguraron este 18 de mayo la treceava granja porcina, como parte del Proyecto \u201cMejoramiento Gen\u00e9tico para Incrementar la Productividad del Ganado Porcino\u201d.<\/p>\n<p>En su intervenci\u00f3n, C\u00e1rdenas expres\u00f3 que era un d\u00eda celebraci\u00f3n, ya que desde ese momento las peque\u00f1as familias productoras de cerdos podr\u00edan acceder a materiales gen\u00e9ticos de gran calidad y a la inseminaci\u00f3n de sus cerdas de manera gratuita, y as\u00ed mejorar la productividad y la calidad de sus hatos porcinos.<\/p>\n<p>Precis\u00f3 que esta victoria se ha logrado gracias al apoyo y colaboraci\u00f3n incondicional del gobierno de Taiw\u00e1n, quienes vienen contribuyendo con las distintas instituciones del gobierno para que el pueblo alcance las sendas del crecimiento y desarrollo econ\u00f3mico.<\/p>\n<p>Agreg\u00f3 que en esta granja, los protagonistas y la poblaci\u00f3n en general tendr\u00e1n la oportunidad de aprender las t\u00e9cnicas innovadoras para cuidar y elaborar el concentrado para alimentar a los cerdos.<\/p>\n<p>Concluy\u00f3 agradeciendo en nombre de las familias productoras del pa\u00eds, el gesto de hermandad y solidaridad que siempre tiene el pueblo y gobierno de Taiw\u00e1n, para con el pueblo nicarag\u00fcense.<\/p>\n<p>En tanto, el embajador Wu dijo sentirse feliz de estar en San Miguelito para inaugurar la granja porcina, que es la n\u00famero 13 del proyecto de \u201cMejoramiento Gen\u00e9tico para Incrementar la Productividad del Ganado Porcino\u201d, que beneficiar\u00e1 directamente a m\u00e1s de 3 mil peque\u00f1as familias productoras del Departamento de R\u00edo San Juan.<\/p>\n<p>Record\u00f3 que este proyecto se ejecuta con el objetivo de fortalecer las capacidades t\u00e9cnicas de los peque\u00f1os productores del sector porcino y el mejoramiento de granjas porcinas a trav\u00e9s de la inseminaci\u00f3n artificial.<a href=\"https:\/\/elcronistadigital.com\/wp-content\/uploads\/2021\/05\/aa111.jpg\"><img loading=\"lazy\" decoding=\"async\" class=\"alignright size-full wp-image-54588\" alt=\"aa1\" src=\"https:\/\/elcronistadigital.com\/wp-content\/uploads\/2021\/05\/aa111.jpg\" width=\"400\" height=\"286\" srcset=\"https:\/\/elcronistadigital.com\/wp-content\/uploads\/2021\/05\/aa111.jpg 400w, https:\/\/elcronistadigital.com\/wp-content\/uploads\/2021\/05\/aa111-300x214.jpg 300w, https:\/\/elcronistadigital.com\/wp-content\/uploads\/2021\/05\/aa111-342x244.jpg 342w, https:\/\/elcronistadigital.com\/wp-content\/uploads\/2021\/05\/aa111-90x65.jpg 90w\" sizes=\"auto, (max-width: 400px) 100vw, 400px\" \/><\/a><\/p>\n<p>Igualmente, coment\u00f3 que la Misi\u00f3n T\u00e9cnica de Taiw\u00e1n junto a los t\u00e9cnicos del Inta, han establecido en este departamento, a trav\u00e9s de los proyectos de arroz y frijol, 16 Bancos Comunitarios de Semillas (BCS) para beneficio de los productores sanjuane\u00f1os.<\/p>\n<p>Por \u00faltimo, afirm\u00f3 que los t\u00e9cnicos de la Misi\u00f3n T\u00e9cnica de Taiw\u00e1n seguir\u00e1n trabajando hombro con hombro con el Inta, para mejorar los niveles de vida de las peque\u00f1as familias productoras de todo el pa\u00eds.<\/p>\n<p>En la actividad participaron adem\u00e1s el secretario pol\u00edtico departamental y alcalde municipal de San Carlos, Jonhy Guti\u00e9rrez; la alcaldesa de San Miguelito. Ana Clementina Avalos; los alcaldes de los tres municipios del departamento, autoridades locales, protagonistas del proyecto y miembros de la Embajada de Taiw\u00e1n.<\/p>\n","protected":false},"excerpt":{"rendered":"<p>En el municipio de San Miguelito, R\u00edo San Juan, el embajador Jaime Chin-Mu Wu y la codirectora del Inta, Claudia C\u00e1rdenas, inauguraron este 18 de mayo la treceava granja porcina, como parte del Proyecto \u201cMejoramiento Gen\u00e9tico para Incrementar la Productividad del Ganado Porcino\u201d. En su intervenci\u00f3n, C\u00e1rdenas expres\u00f3 que era un d\u00eda celebraci\u00f3n, ya que [&hellip;]<\/p>\n","protected":false},"author":1,"featured_media":54588,"comment_status":"open","ping_status":"open","sticky":false,"template":"","format":"standard","meta":{"om_disable_all_campaigns":false,"_monsterinsights_skip_tracking":false,"_monsterinsights_sitenote_active":false,"_monsterinsights_sitenote_note":"","_monsterinsights_sitenote_category":0,"footnotes":""},"categories":[3,3524],"tags":[],"class_list":["post-54586","post","type-post","status-publish","format-standard","has-post-thumbnail","hentry","category-nacionales","category-noticas"],"aioseo_notices":[],"_links":{"self":[{"href":"https:\/\/elcronistadigital.com\/index.php?rest_route=\/wp\/v2\/posts\/54586","targetHints":{"allow":["GET"]}}],"collection":[{"href":"https:\/\/elcronistadigital.com\/index.php?rest_route=\/wp\/v2\/posts"}],"about":[{"href":"https:\/\/elcronistadigital.com\/index.php?rest_route=\/wp\/v2\/types\/post"}],"author":[{"embeddable":true,"href":"https:\/\/elcronistadigital.com\/index.php?rest_route=\/wp\/v2\/users\/1"}],"replies":[{"embeddable":true,"href":"https:\/\/elcronistadigital.com\/index.php?rest_route=%2Fwp%2Fv2%2Fcomments&post=54586"}],"version-history":[{"count":1,"href":"https:\/\/elcronistadigital.com\/index.php?rest_route=\/wp\/v2\/posts\/54586\/revisions"}],"predecessor-version":[{"id":54589,"href":"https:\/\/elcronistadigital.com\/index.php?rest_route=\/wp\/v2\/posts\/54586\/revisions\/54589"}],"wp:featuredmedia":[{"embeddable":true,"href":"https:\/\/elcronistadigital.com\/index.php?rest_route=\/wp\/v2\/media\/54588"}],"wp:attachment":[{"href":"https:\/\/elcronistadigital.com\/index.php?rest_route=%2Fwp%2Fv2%2Fmedia&parent=54586"}],"wp:term":[{"taxonomy":"category","embeddable":true,"href":"https:\/\/elcronistadigital.com\/index.php?rest_route=%2Fwp%2Fv2%2Fcategories&post=54586"},{"taxonomy":"post_tag","embeddable":true,"href":"https:\/\/elcronistadigital.com\/index.php?rest_route=%2Fwp%2Fv2%2Ftags&post=54586"}],"curies":[{"name":"wp","href":"https:\/\/api.w.org\/{rel}","templated":true}]}}