{"id":54599,"date":"2021-05-21T07:18:17","date_gmt":"2021-05-21T13:18:17","guid":{"rendered":"http:\/\/elcronistadigital.com\/?p=54599"},"modified":"2021-05-21T07:18:17","modified_gmt":"2021-05-21T13:18:17","slug":"taiwan-colabora-con-instrumentos-musicales-para-orquestas-sinfonicas-estudiantiles","status":"publish","type":"post","link":"https:\/\/elcronistadigital.com\/?p=54599","title":{"rendered":"Taiw\u00e1n colabora con instrumentos musicales para Orquestas Sinf\u00f3nicas Estudiantiles"},"content":{"rendered":"<p><a href=\"https:\/\/elcronistadigital.com\/wp-content\/uploads\/2021\/05\/aa.bmp\"><img decoding=\"async\" class=\"alignleft size-full wp-image-54600\" alt=\"aa\" src=\"https:\/\/elcronistadigital.com\/wp-content\/uploads\/2021\/05\/aa.bmp\" \/><\/a>Este 20 de mayo, en el Centro Educativo 14 de Septiembre, de Managua, el embajador Jaime Chin-Mu Wu entreg\u00f3 al ministro asesor presidencial en Asuntos Educativos, Salvador Vanegas, un lote de instrumentos musicales para las Orquestas Sinf\u00f3nicas Estudiantiles, como parte de las acciones del \u201cProyecto Fortalecimiento de Coros y Orquestas Sinf\u00f3nicas Estudiantiles\u201d.<\/p>\n<p>En su alocuci\u00f3n, el embajador Wu dijo que hoy estaban ah\u00ed para hacer entrega simb\u00f3lica de los instrumentos musicales que ser\u00e1n destinados a ocho Escuelas Normales ubicadas en ocho departamentos del pa\u00eds.<\/p>\n<p>Precis\u00f3 que de esta forma Taiw\u00e1n est\u00e1 contribuyendo al desarrollo integral de las nuevas generaciones, mediante la conformaci\u00f3n de diversas orquestas musicales estudiantiles. Agreg\u00f3 que dicha entrega consiste en trombones, violas, violines, oboes, clarinetes, corno franc\u00e9s, contrabajos y flautas traversas, entre otros.<\/p>\n<p>Record\u00f3 que hace un a\u00f1o se hizo la primera entrega para conformar once orquestas sinf\u00f3nicas en los diferentes colegios nicarag\u00fcenses. Igualmente destac\u00f3 que la m\u00fasica fomenta la personalidad, la creatividad, el positivismo, despierta los sentidos, asimismo sirve como medio de motivaci\u00f3n personal para que la ni\u00f1ez y la juventud anhelen un futuro mejor.<\/p>\n<p>Finalmente, manifest\u00f3 que para el Gobierno de Taiw\u00e1n es un gusto ser part\u00edcipe de la estrategia impulsada por el Gobierno de Nicaragua para restituir el derecho de la poblaci\u00f3n a una educaci\u00f3n completa, integral y de calidad.<\/p>\n<p>Mientras tanto, Vanegas coment\u00f3 que esta nueva aportaci\u00f3n fortalecer\u00e1 a\u00fan m\u00e1s el sistema educativo que viene implementando el Gobierno de Reconciliaci\u00f3n y Unidad Nacional. Se\u00f1al\u00f3 que desde este momento los futuros profesores contar\u00e1n con nuevas herramientas para promover el talento y la formaci\u00f3n integral del estudiantado nicarag\u00fcense.<a href=\"https:\/\/elcronistadigital.com\/wp-content\/uploads\/2021\/05\/aa1.bmp\"><img decoding=\"async\" class=\"alignright size-full wp-image-54601\" alt=\"aa1\" src=\"https:\/\/elcronistadigital.com\/wp-content\/uploads\/2021\/05\/aa1.bmp\" \/><\/a><\/p>\n<p>Indic\u00f3 que desde hace muchos a\u00f1os Taiw\u00e1n ha venido aportando su colaboraci\u00f3n para que el modelo educativo evolucione y se transforme en un modelo integral, que impulsa la formaci\u00f3n del estudiante, tanto en el plano intelectual, profesional, social como humano.<\/p>\n<p>Por \u00faltimo, agradeci\u00f3 en nombre del cuerpo de docentes el apoyo solidario e incondicional del pueblo y gobierno de Taiw\u00e1n para optimizar la ense\u00f1anza en todos los niveles.<\/p>\n<p>Al acto de entrega asistieron la directora del colegio, Heymy Mayorga; funcionarios del Mined, Minrex, cuerpo docente y estudiantil del colegio, padres de familia y miembros de la Embajada de Taiw\u00e1n.<\/p>\n","protected":false},"excerpt":{"rendered":"<p>Este 20 de mayo, en el Centro Educativo 14 de Septiembre, de Managua, el embajador Jaime Chin-Mu Wu entreg\u00f3 al ministro asesor presidencial en Asuntos Educativos, Salvador Vanegas, un lote de instrumentos musicales para las Orquestas Sinf\u00f3nicas Estudiantiles, como parte de las acciones del \u201cProyecto Fortalecimiento de Coros y Orquestas Sinf\u00f3nicas Estudiantiles\u201d. En su alocuci\u00f3n, [&hellip;]<\/p>\n","protected":false},"author":1,"featured_media":54601,"comment_status":"open","ping_status":"open","sticky":false,"template":"","format":"standard","meta":{"om_disable_all_campaigns":false,"_monsterinsights_skip_tracking":false,"_monsterinsights_sitenote_active":false,"_monsterinsights_sitenote_note":"","_monsterinsights_sitenote_category":0,"footnotes":""},"categories":[3,3524],"tags":[],"class_list":["post-54599","post","type-post","status-publish","format-standard","has-post-thumbnail","hentry","category-nacionales","category-noticas"],"aioseo_notices":[],"_links":{"self":[{"href":"https:\/\/elcronistadigital.com\/index.php?rest_route=\/wp\/v2\/posts\/54599","targetHints":{"allow":["GET"]}}],"collection":[{"href":"https:\/\/elcronistadigital.com\/index.php?rest_route=\/wp\/v2\/posts"}],"about":[{"href":"https:\/\/elcronistadigital.com\/index.php?rest_route=\/wp\/v2\/types\/post"}],"author":[{"embeddable":true,"href":"https:\/\/elcronistadigital.com\/index.php?rest_route=\/wp\/v2\/users\/1"}],"replies":[{"embeddable":true,"href":"https:\/\/elcronistadigital.com\/index.php?rest_route=%2Fwp%2Fv2%2Fcomments&post=54599"}],"version-history":[{"count":1,"href":"https:\/\/elcronistadigital.com\/index.php?rest_route=\/wp\/v2\/posts\/54599\/revisions"}],"predecessor-version":[{"id":54602,"href":"https:\/\/elcronistadigital.com\/index.php?rest_route=\/wp\/v2\/posts\/54599\/revisions\/54602"}],"wp:featuredmedia":[{"embeddable":true,"href":"https:\/\/elcronistadigital.com\/index.php?rest_route=\/wp\/v2\/media\/54601"}],"wp:attachment":[{"href":"https:\/\/elcronistadigital.com\/index.php?rest_route=%2Fwp%2Fv2%2Fmedia&parent=54599"}],"wp:term":[{"taxonomy":"category","embeddable":true,"href":"https:\/\/elcronistadigital.com\/index.php?rest_route=%2Fwp%2Fv2%2Fcategories&post=54599"},{"taxonomy":"post_tag","embeddable":true,"href":"https:\/\/elcronistadigital.com\/index.php?rest_route=%2Fwp%2Fv2%2Ftags&post=54599"}],"curies":[{"name":"wp","href":"https:\/\/api.w.org\/{rel}","templated":true}]}}