{"id":54611,"date":"2021-05-25T10:13:53","date_gmt":"2021-05-25T16:13:53","guid":{"rendered":"http:\/\/elcronistadigital.com\/?p=54611"},"modified":"2021-05-25T10:13:53","modified_gmt":"2021-05-25T16:13:53","slug":"nestle-y-el-agua-del-mundo","status":"publish","type":"post","link":"https:\/\/elcronistadigital.com\/?p=54611","title":{"rendered":"Nestl\u00e9 y el agua del mundo"},"content":{"rendered":"<p><span style=\"color: #003366;\"><strong><a href=\"https:\/\/elcronistadigital.com\/wp-content\/uploads\/2021\/05\/aa28.jpg\"><img loading=\"lazy\" decoding=\"async\" class=\"alignleft size-full wp-image-54612\" alt=\"aa\" src=\"https:\/\/elcronistadigital.com\/wp-content\/uploads\/2021\/05\/aa28.jpg\" width=\"400\" height=\"400\" srcset=\"https:\/\/elcronistadigital.com\/wp-content\/uploads\/2021\/05\/aa28.jpg 400w, https:\/\/elcronistadigital.com\/wp-content\/uploads\/2021\/05\/aa28-150x150.jpg 150w, https:\/\/elcronistadigital.com\/wp-content\/uploads\/2021\/05\/aa28-300x300.jpg 300w, https:\/\/elcronistadigital.com\/wp-content\/uploads\/2021\/05\/aa28-50x50.jpg 50w, https:\/\/elcronistadigital.com\/wp-content\/uploads\/2021\/05\/aa28-342x342.jpg 342w, https:\/\/elcronistadigital.com\/wp-content\/uploads\/2021\/05\/aa28-70x70.jpg 70w, https:\/\/elcronistadigital.com\/wp-content\/uploads\/2021\/05\/aa28-55x55.jpg 55w\" sizes=\"auto, (max-width: 400px) 100vw, 400px\" \/><\/a>Larry Romanoff<\/strong><\/span><\/p>\n<p>En 2013, Internet casi explot\u00f3 cuando se public\u00f3 un video en el que el presidente y director ejecutivo de Nestl\u00e9, Peter Brabeck-Letmathe, dijo que \u00abel acceso al agua no es un derecho p\u00fablico\u00bb, que el agua no es un derecho humano, que es solo un alimento m\u00e1s y una mercanc\u00eda, que deber\u00eda ser \u00abprivatizada\u00bb, d\u00e1ndole un \u00abvalor de mercado\u00bb y distribuida por el \u00abmercado libre\u00bb. No solo eso, afirm\u00f3 que declarar el agua como un \u2018derecho\u2019 o un \u2018derecho humano\u2019 era \u00abextremo\u00bb. Estas son sus palabras exactas del video:<\/p>\n<p>\u00abLa \u00fanica opini\u00f3n, que creo que es extrema, est\u00e1 representada por las ONGs que insisten en declarar el agua como un derecho p\u00fablico. Eso significa que, como ser humano, debes tener derecho al agua. Esa es una soluci\u00f3n extrema. Y la otra opini\u00f3n dice que el agua es un alimento como cualquier otro y que, como cualquier otro alimento, deber\u00eda tener un valor de mercado\u00bb. El Huffington Post escribi\u00f3 que \u00abla gente se sorprendi\u00f3 por la inhumanidad de la declaraci\u00f3n de Brabeck, y con raz\u00f3n\u00bb.<\/p>\n<p>El comportamiento del agua de Nestl\u00e9 es a\u00fan m\u00e1s atroz que con la leche para beb\u00e9s, aunque no se registran las muertes directas. Pero, de hecho, Nestl\u00e9 ha tenido enormes problemas en tantos pa\u00edses por agotar los recursos h\u00eddricos locales y dejar a las comunidades completamente secas, por el bien de embotellar y vender su agua de marca Pure Life.<\/p>\n<p>Muchas ciudades y estados de Estados Unidos han tenido manifestaciones violentas contra Nestl\u00e9 por el drenaje de sus acu\u00edferos, especialmente en \u00e1reas que ya est\u00e1n sufriendo sequ\u00edas. La empresa parece poder utilizar conexiones pol\u00edticas y financiaci\u00f3n directa o indirecta de las campa\u00f1as electorales de pol\u00edticos estadounidenses.<\/p>\n<p>Hace unos a\u00f1os, el condado de Miami-Dade en Florida public\u00f3 algunos anuncios que afirmaban que el agua del grifo local del condado era \u00abm\u00e1s barata, m\u00e1s pura y m\u00e1s segura que el agua embotellada\u00bb, y Nestl\u00e9 inmediatamente amenaz\u00f3 con demandar al gobierno local por hacer esas declaraciones (indudablemente ciertas).<\/p>\n<p>Y esto es cierto en todo el mundo. En una peque\u00f1a comunidad en Pakist\u00e1n, un concejal de la aldea dijo que los ni\u00f1os peque\u00f1os estaban enfermando por el agua sucia que result\u00f3 de la excavaci\u00f3n de un pozo profundo de Nestl\u00e9 y el drenaje de todo el acu\u00edfero, y los aldeanos necesitaban perforar nuevos pozos de muchos cientos de pies de profundidad para encontrar agua.<\/p>\n<p>Historias como esta aparecen en todas partes, con ejecutivos de Nestl\u00e9 brutales en su b\u00fasqueda de suministros de agua para embotellar para revender, en muchos casos drenando gran parte de un \u00e1rea.<\/p>\n<p>Cuando miramos la imagen total recopilada de docenas de pa\u00edses, y consideramos las declaraciones de los ejecutivos de la compa\u00f1\u00eda, se vuelve espantosamente evidente que Nestl\u00e9 tiene la intenci\u00f3n de obtener el control de tantos acu\u00edferos en tantos lugares que podr\u00e1n dominar el suministro de agua a las poblaciones del mundo del mismo modo que dominan la distribuci\u00f3n de la leche para beb\u00e9s.<\/p>\n<p>Por estas y otras razones, se est\u00e1 desarrollando un enorme movimiento global contra toda la industria del agua embotellada, por el da\u00f1o que inflige al medio ambiente natural y los miles de millones de botellas de pl\u00e1stico que no se pueden reutilizar ni reciclar.<\/p>\n<p>Un informe de los medios de comunicaci\u00f3n indic\u00f3 que, seg\u00fan Nestl\u00e9, \u00abel precio de una botella de agua es similar al de otras bebidas envasadas, ya que incurre en costos similares relacionados con la producci\u00f3n, la garant\u00eda de calidad, el embotellado, el almacenamiento y la distribuci\u00f3n. Un tercio de los costos se puede atribuir al agua y las materias primas, un tercio a la producci\u00f3n y un tercio a la distribuci\u00f3n\u00bb.<\/p>\n<p>Pero un documental titulado \u00abvida embotellada\u00bb demostr\u00f3 que en los EE UU. Y en muchos otros lugares, un cami\u00f3n lleno de agua le costaba a Nestl\u00e9 solo $ 10 pero, despu\u00e9s de ser embotellada, se vend\u00eda por $ 50,000. Los productores del documental aparentemente contactaron a Nestl\u00e9 para una entrevista para presentar su versi\u00f3n de la historia, pero la compa\u00f1\u00eda se neg\u00f3, alegando que la pel\u00edcula no los representar\u00eda de manera justa.<\/p>\n<p>En China, he hablado con m\u00e1s de un exempleado de Nestl\u00e9 que afirm\u00f3 que la compa\u00f1\u00eda simplemente estaba reembotellando y revendiendo agua del grifo, pero en cualquier caso, los precios m\u00e1s altos de Nestl\u00e9 para el agua embotellada parecen basarse \u00fanicamente en el nombre de la marca y mi informaci\u00f3n coincide con la indicada en el documental anterior, que es que Nestl\u00e9 obtiene el agua gratis o la compra por un costo insignificante, luego obtiene una ganancia del 10 mil por ciento en la reventa.<\/p>\n<p>Pero asegur\u00e9monos de registrar el punto principal, que es que los ejecutivos de Nestl\u00e9 no solo creen que el agua es un alimento que deber\u00eda tener un precio, sino que planean, mediante una expropiaci\u00f3n efectiva, \u2018privatizar\u2019 esa agua simplemente asumiendo la propiedad de ella, luego d\u00e1ndole un valor de mercado y distribuy\u00e9ndolo a trav\u00e9s de su propia versi\u00f3n de un mercado libre.<\/p>\n<p>Y, si puedo entretenerlos con dos noticias extra\u00f1as, la primera es que la Universidad de Alberta de Canad\u00e1, a pesar de las enormes protestas del p\u00fablico y de su propia facultad, otorg\u00f3 un t\u00edtulo honorario de Doctor en Derecho al presidente y director ejecutivo de Nestl\u00e9 para\u2026 \u00bfEst\u00e1s listo para esto?<\/p>\n<p>El t\u00edtulo honor\u00edfico se otorg\u00f3 por la gran contribuci\u00f3n de Brabeck a \u00abla preservaci\u00f3n, distribuci\u00f3n y gesti\u00f3n de uno de los recursos m\u00e1s vitales de la humanidad: el agua\u00bb. La segunda es que nuestros problemas aparentemente no se limitan a la leche y el agua para beb\u00e9s.<\/p>\n<p>Sin embargo, otra tragedia que ocurre en \u00c1frica tiene el nombre de Coca-Cola, la misma Coca-Cola que planea ingresar al negocio de la leche porque \u00abllover\u00e1 dinero\u00bb. Los pediatras en \u00c1frica Occidental est\u00e1n reportando casos de una nueva condici\u00f3n m\u00e9dica tan com\u00fan que tiene un nombre: \u00abS\u00edndrome de Fanta\u00bb.<\/p>\n","protected":false},"excerpt":{"rendered":"<p>Larry Romanoff En 2013, Internet casi explot\u00f3 cuando se public\u00f3 un video en el que el presidente y director ejecutivo de Nestl\u00e9, Peter Brabeck-Letmathe, dijo que \u00abel acceso al agua no es un derecho p\u00fablico\u00bb, que el agua no es un derecho humano, que es solo un alimento m\u00e1s y una mercanc\u00eda, que deber\u00eda ser [&hellip;]<\/p>\n","protected":false},"author":1,"featured_media":54612,"comment_status":"open","ping_status":"open","sticky":false,"template":"","format":"standard","meta":{"om_disable_all_campaigns":false,"_monsterinsights_skip_tracking":false,"_monsterinsights_sitenote_active":false,"_monsterinsights_sitenote_note":"","_monsterinsights_sitenote_category":0,"footnotes":""},"categories":[3524],"tags":[],"class_list":["post-54611","post","type-post","status-publish","format-standard","has-post-thumbnail","hentry","category-noticas"],"aioseo_notices":[],"_links":{"self":[{"href":"https:\/\/elcronistadigital.com\/index.php?rest_route=\/wp\/v2\/posts\/54611","targetHints":{"allow":["GET"]}}],"collection":[{"href":"https:\/\/elcronistadigital.com\/index.php?rest_route=\/wp\/v2\/posts"}],"about":[{"href":"https:\/\/elcronistadigital.com\/index.php?rest_route=\/wp\/v2\/types\/post"}],"author":[{"embeddable":true,"href":"https:\/\/elcronistadigital.com\/index.php?rest_route=\/wp\/v2\/users\/1"}],"replies":[{"embeddable":true,"href":"https:\/\/elcronistadigital.com\/index.php?rest_route=%2Fwp%2Fv2%2Fcomments&post=54611"}],"version-history":[{"count":1,"href":"https:\/\/elcronistadigital.com\/index.php?rest_route=\/wp\/v2\/posts\/54611\/revisions"}],"predecessor-version":[{"id":54613,"href":"https:\/\/elcronistadigital.com\/index.php?rest_route=\/wp\/v2\/posts\/54611\/revisions\/54613"}],"wp:featuredmedia":[{"embeddable":true,"href":"https:\/\/elcronistadigital.com\/index.php?rest_route=\/wp\/v2\/media\/54612"}],"wp:attachment":[{"href":"https:\/\/elcronistadigital.com\/index.php?rest_route=%2Fwp%2Fv2%2Fmedia&parent=54611"}],"wp:term":[{"taxonomy":"category","embeddable":true,"href":"https:\/\/elcronistadigital.com\/index.php?rest_route=%2Fwp%2Fv2%2Fcategories&post=54611"},{"taxonomy":"post_tag","embeddable":true,"href":"https:\/\/elcronistadigital.com\/index.php?rest_route=%2Fwp%2Fv2%2Ftags&post=54611"}],"curies":[{"name":"wp","href":"https:\/\/api.w.org\/{rel}","templated":true}]}}