{"id":54621,"date":"2021-05-27T07:23:25","date_gmt":"2021-05-27T13:23:25","guid":{"rendered":"http:\/\/elcronistadigital.com\/?p=54621"},"modified":"2021-05-27T07:23:25","modified_gmt":"2021-05-27T13:23:25","slug":"mision-tecnica-de-taiwan-y-mefcca-lanzan-pagina-web-del-proyecto-otop","status":"publish","type":"post","link":"https:\/\/elcronistadigital.com\/?p=54621","title":{"rendered":"Misi\u00f3n T\u00e9cnica de Taiw\u00e1n y Mefcca lanzan p\u00e1gina web del Proyecto Otop"},"content":{"rendered":"<p><a href=\"https:\/\/elcronistadigital.com\/wp-content\/uploads\/2021\/05\/aa31.jpg\"><img loading=\"lazy\" decoding=\"async\" class=\"alignleft size-full wp-image-54622\" alt=\"aa\" src=\"https:\/\/elcronistadigital.com\/wp-content\/uploads\/2021\/05\/aa31.jpg\" width=\"400\" height=\"312\" srcset=\"https:\/\/elcronistadigital.com\/wp-content\/uploads\/2021\/05\/aa31.jpg 400w, https:\/\/elcronistadigital.com\/wp-content\/uploads\/2021\/05\/aa31-300x234.jpg 300w, https:\/\/elcronistadigital.com\/wp-content\/uploads\/2021\/05\/aa31-342x266.jpg 342w\" sizes=\"auto, (max-width: 400px) 100vw, 400px\" \/><\/a>En la Casa del Ma\u00edz, ubicada en la Avenida de Bol\u00edvar a Ch\u00e1vez, el embajador Jaime Chin Mu Wu y la ministra del Mefcca, Justa P\u00e9rez, presidieron este 26 de mayo el lanzamiento de la p\u00e1gina web del proyecto Un Pueblo Un Producto (Otop).<\/p>\n<p>Durante el lanzamiento, la presidenta de la Cooperativa Artesanos Unidos por el Arte, Hanny Cruz, en representaci\u00f3n de los protagonistas, asegur\u00f3 que este nuevo logro de contar con una p\u00e1gina web dedicada exclusivamente al proyecto Otop, permitir\u00e1 que m\u00e1s artesanos puedan mostrar sus productos.<\/p>\n<p>Agradeci\u00f3 al Gobierno y a la Misi\u00f3n T\u00e9cnica de Taiw\u00e1n todo el apoyo que les han brindado a los artesanos para que salgan adelante.<\/p>\n<p>Por su parte, el embajador Wu dijo sentirse muy contento estar all\u00ed para realizar este importante lanzamiento de un nuevo producto del Proyecto Otop, como es la p\u00e1gina web otopnica.com, dise\u00f1ada para promover los productos elaborados por los artesanos del cuero y del barro.<\/p>\n<p>Indic\u00f3 que en dicha p\u00e1gina tambi\u00e9n se podr\u00e1n encontrar los productos que se han hecho a lo largo del proyecto, as\u00ed como las noticias m\u00e1s relevantes relacionadas con el mismo. Destac\u00f3 que en poco m\u00e1s de dos a\u00f1os el proyecto Otop, ha obtenido significativos resultados, como es la creaci\u00f3n de la Tienda M\u00f3vil, el logo Otop Nicaragua, el producto estrella Toro Venado, Toro Encuetado y las Fajas de Cuero para iwatch.<\/p>\n<p>A\u00f1adi\u00f3 que a trav\u00e9s de este proyecto se han construido dos centros de capacitaci\u00f3n para los artesanos del cuero y barro, todo ello con el prop\u00f3sito de fortalecer y perfeccionar las capacidades creativas e innovadoras de los artesanos nicarag\u00fcenses.<\/p>\n<p>Por \u00faltimo, coment\u00f3 que con este nuevo producto estar\u00e1 finalizando el Proyecto Otop como tal, pero tendr\u00e1 una segunda fase dentro del Proyecto Procreativa, el cual fue firmado hace poco, para seguir acompa\u00f1ando y colaborando con los esfuerzos de los artesanos del pa\u00eds.<a href=\"https:\/\/elcronistadigital.com\/wp-content\/uploads\/2021\/05\/aa113.jpg\"><img loading=\"lazy\" decoding=\"async\" class=\"alignright size-full wp-image-54623\" alt=\"aa1\" src=\"https:\/\/elcronistadigital.com\/wp-content\/uploads\/2021\/05\/aa113.jpg\" width=\"400\" height=\"301\" srcset=\"https:\/\/elcronistadigital.com\/wp-content\/uploads\/2021\/05\/aa113.jpg 400w, https:\/\/elcronistadigital.com\/wp-content\/uploads\/2021\/05\/aa113-300x225.jpg 300w, https:\/\/elcronistadigital.com\/wp-content\/uploads\/2021\/05\/aa113-342x257.jpg 342w, https:\/\/elcronistadigital.com\/wp-content\/uploads\/2021\/05\/aa113-60x45.jpg 60w, https:\/\/elcronistadigital.com\/wp-content\/uploads\/2021\/05\/aa113-150x113.jpg 150w, https:\/\/elcronistadigital.com\/wp-content\/uploads\/2021\/05\/aa113-269x201.jpg 269w\" sizes=\"auto, (max-width: 400px) 100vw, 400px\" \/><\/a><\/p>\n<p>En tanto, la ministra P\u00e9rez expres\u00f3 que este es otro momento hist\u00f3rico para los artesanos nicarag\u00fcenses, puesto que hoy se est\u00e1 dando un paso m\u00e1s hacia el cumplimiento del mandato del Gobierno de Reconciliaci\u00f3n y Unidad Nacional, de fortalecer las capacidades t\u00e9cnicas de los artesanos y emprendedores nicarag\u00fcenses.<\/p>\n<p>Precis\u00f3 que actualmente el comercio electr\u00f3nico es muy relevante, por ello este nuevo producto ayudar\u00e1 a que los artesanos puedan exhibir sus artesan\u00edas, y de esa forma promover y desarrollar los emprendimiento y los productos hacia mejores mercados, mejorando de esa manera sus ingresos econ\u00f3micos.<\/p>\n<p>Finalmente, agradeci\u00f3 al Gobierno de Taiw\u00e1n por ese contante acompa\u00f1amiento que siempre facilita a los artesanos y a las familias de la econom\u00eda creativa.<\/p>\n<p>En el acto estuvieron presentes funcionarios del Mefcca, protagonistas del proyecto Otop, miembros de la Embajada y de la Misi\u00f3n T\u00e9cnica de Taiw\u00e1n.<\/p>\n","protected":false},"excerpt":{"rendered":"<p>En la Casa del Ma\u00edz, ubicada en la Avenida de Bol\u00edvar a Ch\u00e1vez, el embajador Jaime Chin Mu Wu y la ministra del Mefcca, Justa P\u00e9rez, presidieron este 26 de mayo el lanzamiento de la p\u00e1gina web del proyecto Un Pueblo Un Producto (Otop). Durante el lanzamiento, la presidenta de la Cooperativa Artesanos Unidos por [&hellip;]<\/p>\n","protected":false},"author":1,"featured_media":54623,"comment_status":"open","ping_status":"open","sticky":false,"template":"","format":"standard","meta":{"om_disable_all_campaigns":false,"_monsterinsights_skip_tracking":false,"_monsterinsights_sitenote_active":false,"_monsterinsights_sitenote_note":"","_monsterinsights_sitenote_category":0,"footnotes":""},"categories":[3,3524],"tags":[],"class_list":["post-54621","post","type-post","status-publish","format-standard","has-post-thumbnail","hentry","category-nacionales","category-noticas"],"aioseo_notices":[],"_links":{"self":[{"href":"https:\/\/elcronistadigital.com\/index.php?rest_route=\/wp\/v2\/posts\/54621","targetHints":{"allow":["GET"]}}],"collection":[{"href":"https:\/\/elcronistadigital.com\/index.php?rest_route=\/wp\/v2\/posts"}],"about":[{"href":"https:\/\/elcronistadigital.com\/index.php?rest_route=\/wp\/v2\/types\/post"}],"author":[{"embeddable":true,"href":"https:\/\/elcronistadigital.com\/index.php?rest_route=\/wp\/v2\/users\/1"}],"replies":[{"embeddable":true,"href":"https:\/\/elcronistadigital.com\/index.php?rest_route=%2Fwp%2Fv2%2Fcomments&post=54621"}],"version-history":[{"count":1,"href":"https:\/\/elcronistadigital.com\/index.php?rest_route=\/wp\/v2\/posts\/54621\/revisions"}],"predecessor-version":[{"id":54624,"href":"https:\/\/elcronistadigital.com\/index.php?rest_route=\/wp\/v2\/posts\/54621\/revisions\/54624"}],"wp:featuredmedia":[{"embeddable":true,"href":"https:\/\/elcronistadigital.com\/index.php?rest_route=\/wp\/v2\/media\/54623"}],"wp:attachment":[{"href":"https:\/\/elcronistadigital.com\/index.php?rest_route=%2Fwp%2Fv2%2Fmedia&parent=54621"}],"wp:term":[{"taxonomy":"category","embeddable":true,"href":"https:\/\/elcronistadigital.com\/index.php?rest_route=%2Fwp%2Fv2%2Fcategories&post=54621"},{"taxonomy":"post_tag","embeddable":true,"href":"https:\/\/elcronistadigital.com\/index.php?rest_route=%2Fwp%2Fv2%2Ftags&post=54621"}],"curies":[{"name":"wp","href":"https:\/\/api.w.org\/{rel}","templated":true}]}}