{"id":54637,"date":"2021-05-31T08:02:26","date_gmt":"2021-05-31T14:02:26","guid":{"rendered":"http:\/\/elcronistadigital.com\/?p=54637"},"modified":"2021-05-31T08:02:26","modified_gmt":"2021-05-31T14:02:26","slug":"aeromexico-volvera-a-volar-a-nicaragua","status":"publish","type":"post","link":"https:\/\/elcronistadigital.com\/?p=54637","title":{"rendered":"Aerom\u00e9xico volver\u00e1 a volar a Nicaragua"},"content":{"rendered":"<p><a href=\"https:\/\/elcronistadigital.com\/wp-content\/uploads\/2021\/05\/aa35.jpg\"><img loading=\"lazy\" decoding=\"async\" class=\"alignleft size-full wp-image-54638\" alt=\"aa\" src=\"https:\/\/elcronistadigital.com\/wp-content\/uploads\/2021\/05\/aa35.jpg\" width=\"400\" height=\"240\" srcset=\"https:\/\/elcronistadigital.com\/wp-content\/uploads\/2021\/05\/aa35.jpg 400w, https:\/\/elcronistadigital.com\/wp-content\/uploads\/2021\/05\/aa35-300x180.jpg 300w, https:\/\/elcronistadigital.com\/wp-content\/uploads\/2021\/05\/aa35-342x205.jpg 342w\" sizes=\"auto, (max-width: 400px) 100vw, 400px\" \/><\/a>Tras m\u00e1s de un a\u00f1o sin volar a Nicaragua, la compa\u00f1\u00eda mexicana ha confirmado que a partir del 1de julio de 2021 va a reactivar sus operaciones en el pa\u00eds centroamericano.<\/p>\n<p>Los planes de la compa\u00f1\u00eda pasan por activar la ruta entre Ciudad de M\u00e9xico y Managua los martes, jueves y s\u00e1bados con vuelos partiendo de M\u00e9xico a las 9:10 horas y llegando a la capital nicarag\u00fcense a las 10:55 horas.<\/p>\n<p>La salida de Managua ser\u00e1 a las 12:00 horas para llegar a la capital mexicana a las 15:55 horas.<\/p>\n<p>Aerom\u00e9xico iba a regresar a Nicaragua el pasado 6 de mayo, aunque la fecha tuvo que ser retrasada y ahora parece oficial que su llegada ser\u00e1 el 1 de julio.<\/p>\n<p>Para el segundo semestre del a\u00f1o se espera que regresen a Nicaragua las aerol\u00edneas de Estados Unidos, como American Airlines y United Airlines.<\/p>\n","protected":false},"excerpt":{"rendered":"<p>Tras m\u00e1s de un a\u00f1o sin volar a Nicaragua, la compa\u00f1\u00eda mexicana ha confirmado que a partir del 1de julio de 2021 va a reactivar sus operaciones en el pa\u00eds centroamericano. Los planes de la compa\u00f1\u00eda pasan por activar la ruta entre Ciudad de M\u00e9xico y Managua los martes, jueves y s\u00e1bados con vuelos partiendo [&hellip;]<\/p>\n","protected":false},"author":1,"featured_media":54638,"comment_status":"open","ping_status":"open","sticky":false,"template":"","format":"standard","meta":{"om_disable_all_campaigns":false,"_monsterinsights_skip_tracking":false,"_monsterinsights_sitenote_active":false,"_monsterinsights_sitenote_note":"","_monsterinsights_sitenote_category":0,"footnotes":""},"categories":[3524],"tags":[],"class_list":["post-54637","post","type-post","status-publish","format-standard","has-post-thumbnail","hentry","category-noticas"],"aioseo_notices":[],"_links":{"self":[{"href":"https:\/\/elcronistadigital.com\/index.php?rest_route=\/wp\/v2\/posts\/54637","targetHints":{"allow":["GET"]}}],"collection":[{"href":"https:\/\/elcronistadigital.com\/index.php?rest_route=\/wp\/v2\/posts"}],"about":[{"href":"https:\/\/elcronistadigital.com\/index.php?rest_route=\/wp\/v2\/types\/post"}],"author":[{"embeddable":true,"href":"https:\/\/elcronistadigital.com\/index.php?rest_route=\/wp\/v2\/users\/1"}],"replies":[{"embeddable":true,"href":"https:\/\/elcronistadigital.com\/index.php?rest_route=%2Fwp%2Fv2%2Fcomments&post=54637"}],"version-history":[{"count":1,"href":"https:\/\/elcronistadigital.com\/index.php?rest_route=\/wp\/v2\/posts\/54637\/revisions"}],"predecessor-version":[{"id":54639,"href":"https:\/\/elcronistadigital.com\/index.php?rest_route=\/wp\/v2\/posts\/54637\/revisions\/54639"}],"wp:featuredmedia":[{"embeddable":true,"href":"https:\/\/elcronistadigital.com\/index.php?rest_route=\/wp\/v2\/media\/54638"}],"wp:attachment":[{"href":"https:\/\/elcronistadigital.com\/index.php?rest_route=%2Fwp%2Fv2%2Fmedia&parent=54637"}],"wp:term":[{"taxonomy":"category","embeddable":true,"href":"https:\/\/elcronistadigital.com\/index.php?rest_route=%2Fwp%2Fv2%2Fcategories&post=54637"},{"taxonomy":"post_tag","embeddable":true,"href":"https:\/\/elcronistadigital.com\/index.php?rest_route=%2Fwp%2Fv2%2Ftags&post=54637"}],"curies":[{"name":"wp","href":"https:\/\/api.w.org\/{rel}","templated":true}]}}