{"id":54870,"date":"2021-08-25T07:58:28","date_gmt":"2021-08-25T13:58:28","guid":{"rendered":"http:\/\/elcronistadigital.com\/?p=54870"},"modified":"2021-08-25T07:58:28","modified_gmt":"2021-08-25T13:58:28","slug":"nicaragua-participara-en-feria-expo-taiwan-2021","status":"publish","type":"post","link":"https:\/\/elcronistadigital.com\/?p=54870","title":{"rendered":"Nicaragua participar\u00e1 en Feria Expo Taiw\u00e1n 2021"},"content":{"rendered":"<p><a href=\"https:\/\/elcronistadigital.com\/wp-content\/uploads\/2021\/08\/aa15.jpg\"><img loading=\"lazy\" decoding=\"async\" class=\"alignleft size-full wp-image-54871\" alt=\"aa\" src=\"https:\/\/elcronistadigital.com\/wp-content\/uploads\/2021\/08\/aa15.jpg\" width=\"400\" height=\"297\" srcset=\"https:\/\/elcronistadigital.com\/wp-content\/uploads\/2021\/08\/aa15.jpg 400w, https:\/\/elcronistadigital.com\/wp-content\/uploads\/2021\/08\/aa15-300x222.jpg 300w, https:\/\/elcronistadigital.com\/wp-content\/uploads\/2021\/08\/aa15-342x253.jpg 342w, https:\/\/elcronistadigital.com\/wp-content\/uploads\/2021\/08\/aa15-60x45.jpg 60w, https:\/\/elcronistadigital.com\/wp-content\/uploads\/2021\/08\/aa15-269x201.jpg 269w\" sizes=\"auto, (max-width: 400px) 100vw, 400px\" \/><\/a>Ayer 24 de agosto, en el auditorio del Parque Las Madres, el embajador Jaime Chin Mu Wu, la ministra del Mefcca, Justa P\u00e9rez y la coordinadora de la Comisi\u00f3n de Econom\u00eda Creativa, Camila Ortega, realizaron el Lanzamiento oficial de la participaci\u00f3n de Nicaragua en la Feria Internacional de Alimentos de Taipei 2021 (Food Taipei 2021), que tendr\u00e1 lugar en Taiw\u00e1n del 6 al 9 de octubre del corriente.<\/p>\n<p>La delegaci\u00f3n nicarag\u00fcense estar\u00e1 compuesta por 12 empresas nicarag\u00fcenses que estar\u00e1n promocionando productos tales como caf\u00e9, chocolate, licor de coco, ajonjol\u00ed, miel, cerveza y frijoles, entre otros.<\/p>\n<p>En su alocuci\u00f3n, la ministra P\u00e9rez mencion\u00f3 que Nicaragua, desde hace m\u00e1s de una d\u00e9cada, ha venido contando con el acompa\u00f1amiento, solidaridad y cooperaci\u00f3n del pueblo y gobierno de Taiw\u00e1n para participar anualmente en tan importante Ferias.<\/p>\n<p>Se\u00f1al\u00f3 que a trav\u00e9s de la representaci\u00f3n de estos productos, se podr\u00e1 mostrar no solo el talento de los productores, sino tambi\u00e9n el gran esfuerzo de los peque\u00f1os emprendedores por producir productos de calidad.<\/p>\n<p>Felicit\u00f3 a los emprendedores y a las cooperativas por participar en dicha feria y los inst\u00f3 a seguir fomentando la econom\u00eda creativa del pa\u00eds, para caminar rumbo a las rutas de la prosperidad. Por \u00faltimo, agradeci\u00f3 al Gobierno de Taiw\u00e1n por ayudar a dinamizar y desarrollar la econom\u00eda del pueblo nicarag\u00fcense.<\/p>\n<p>Por su parte, el embajador Wu destac\u00f3 que desde el a\u00f1o 2008, cuando entr\u00f3 en vigencia el Tratado de Libre Comercio, las exportaciones de Nicaragua hacia Taiw\u00e1n se han incrementado en un 361%, pasando de US$ 31.10 millones en 2008, hasta alcanzar el r\u00e9cord hist\u00f3rico de US$143.56 millones en 2020.<\/p>\n<p>Agreg\u00f3 que Taiw\u00e1n se ha convertido en el 5\u00b0 mercado de exportaci\u00f3n m\u00e1s grande de Nicaragua en el mundo y el mercado de exportaci\u00f3n m\u00e1s grande de Asia. Se\u00f1al\u00f3 que el TLC, junto con la participaci\u00f3n de Nicaragua en esta importante feria, ha sido una significativa herramienta para que los productos nicas tengan acceso al mercado taiwan\u00e9s.<a href=\"https:\/\/elcronistadigital.com\/wp-content\/uploads\/2021\/08\/aa16.jpg\"><img loading=\"lazy\" decoding=\"async\" class=\"alignright size-full wp-image-54872\" alt=\"aa1\" src=\"https:\/\/elcronistadigital.com\/wp-content\/uploads\/2021\/08\/aa16.jpg\" width=\"400\" height=\"276\" srcset=\"https:\/\/elcronistadigital.com\/wp-content\/uploads\/2021\/08\/aa16.jpg 400w, https:\/\/elcronistadigital.com\/wp-content\/uploads\/2021\/08\/aa16-300x207.jpg 300w, https:\/\/elcronistadigital.com\/wp-content\/uploads\/2021\/08\/aa16-342x235.jpg 342w\" sizes=\"auto, (max-width: 400px) 100vw, 400px\" \/><\/a><\/p>\n<p>Finalmente mostr\u00f3 sus deseos de que la participaci\u00f3n de Nicaragua tenga una presentaci\u00f3n sobresaliente entre los dem\u00e1s expositores del Pabell\u00f3n de Latinoam\u00e9rica de Food Taipei, y que logre las mejores oportunidades de negocios para beneficio de las familias nicarag\u00fcenses.<\/p>\n<p>En tanto, Ortega Murillo manifest\u00f3 que Nicaragua, por orientaciones del Gobierno, viene trabajando desde el modelo de Econom\u00eda Creativa para poder abrir oportunidades de negocios a las PYMES, tanto en el mercado nacional como en el internacional.<\/p>\n<p>Enfatiz\u00f3, que gracias a la participaci\u00f3n de los peque\u00f1os emprendedores en esta feria, se podr\u00e1 ofertar productos nicarag\u00fcenses con muy buenos est\u00e1ndares de calidad y con valor agregado.<\/p>\n","protected":false},"excerpt":{"rendered":"<p>Ayer 24 de agosto, en el auditorio del Parque Las Madres, el embajador Jaime Chin Mu Wu, la ministra del Mefcca, Justa P\u00e9rez y la coordinadora de la Comisi\u00f3n de Econom\u00eda Creativa, Camila Ortega, realizaron el Lanzamiento oficial de la participaci\u00f3n de Nicaragua en la Feria Internacional de Alimentos de Taipei 2021 (Food Taipei 2021), [&hellip;]<\/p>\n","protected":false},"author":1,"featured_media":54872,"comment_status":"open","ping_status":"open","sticky":false,"template":"","format":"standard","meta":{"om_disable_all_campaigns":false,"_monsterinsights_skip_tracking":false,"_monsterinsights_sitenote_active":false,"_monsterinsights_sitenote_note":"","_monsterinsights_sitenote_category":0,"footnotes":""},"categories":[3,3524],"tags":[],"class_list":["post-54870","post","type-post","status-publish","format-standard","has-post-thumbnail","hentry","category-nacionales","category-noticas"],"aioseo_notices":[],"_links":{"self":[{"href":"https:\/\/elcronistadigital.com\/index.php?rest_route=\/wp\/v2\/posts\/54870","targetHints":{"allow":["GET"]}}],"collection":[{"href":"https:\/\/elcronistadigital.com\/index.php?rest_route=\/wp\/v2\/posts"}],"about":[{"href":"https:\/\/elcronistadigital.com\/index.php?rest_route=\/wp\/v2\/types\/post"}],"author":[{"embeddable":true,"href":"https:\/\/elcronistadigital.com\/index.php?rest_route=\/wp\/v2\/users\/1"}],"replies":[{"embeddable":true,"href":"https:\/\/elcronistadigital.com\/index.php?rest_route=%2Fwp%2Fv2%2Fcomments&post=54870"}],"version-history":[{"count":1,"href":"https:\/\/elcronistadigital.com\/index.php?rest_route=\/wp\/v2\/posts\/54870\/revisions"}],"predecessor-version":[{"id":54873,"href":"https:\/\/elcronistadigital.com\/index.php?rest_route=\/wp\/v2\/posts\/54870\/revisions\/54873"}],"wp:featuredmedia":[{"embeddable":true,"href":"https:\/\/elcronistadigital.com\/index.php?rest_route=\/wp\/v2\/media\/54872"}],"wp:attachment":[{"href":"https:\/\/elcronistadigital.com\/index.php?rest_route=%2Fwp%2Fv2%2Fmedia&parent=54870"}],"wp:term":[{"taxonomy":"category","embeddable":true,"href":"https:\/\/elcronistadigital.com\/index.php?rest_route=%2Fwp%2Fv2%2Fcategories&post=54870"},{"taxonomy":"post_tag","embeddable":true,"href":"https:\/\/elcronistadigital.com\/index.php?rest_route=%2Fwp%2Fv2%2Ftags&post=54870"}],"curies":[{"name":"wp","href":"https:\/\/api.w.org\/{rel}","templated":true}]}}