{"id":55336,"date":"2022-06-22T10:11:29","date_gmt":"2022-06-22T16:11:29","guid":{"rendered":"http:\/\/elcronistadigital.com\/?p=55336"},"modified":"2022-06-22T10:11:29","modified_gmt":"2022-06-22T16:11:29","slug":"encuentran-virus-de-la-polio-en-londres","status":"publish","type":"post","link":"https:\/\/elcronistadigital.com\/?p=55336","title":{"rendered":"Encuentran virus de la Polio en Londres"},"content":{"rendered":"<p><span style=\"color: #993300;\"><em><strong><a href=\"https:\/\/elcronistadigital.com\/wp-content\/uploads\/2022\/06\/aa5.jpg\"><img loading=\"lazy\" decoding=\"async\" class=\"alignleft size-full wp-image-55337\" alt=\"aa\" src=\"https:\/\/elcronistadigital.com\/wp-content\/uploads\/2022\/06\/aa5.jpg\" width=\"400\" height=\"224\" srcset=\"https:\/\/elcronistadigital.com\/wp-content\/uploads\/2022\/06\/aa5.jpg 400w, https:\/\/elcronistadigital.com\/wp-content\/uploads\/2022\/06\/aa5-300x168.jpg 300w, https:\/\/elcronistadigital.com\/wp-content\/uploads\/2022\/06\/aa5-342x191.jpg 342w\" sizes=\"auto, (max-width: 400px) 100vw, 400px\" \/><\/a>* El virus, que se declar\u00f3 oficialmente erradicado en el pa\u00eds en 2003, puede causar en algunos casos par\u00e1lisis e incluso poner en peligro la vida.<\/strong><\/em><\/span><\/p>\n<p>Las autoridades sanitarias brit\u00e1nicas anunciaron este mi\u00e9rcoles que tomar\u00e1n \u00abmedidas inmediatas\u00bb tras detectarse el virus que provoca la poliomielitis en diversas muestras de aguas residuales de Londres.<\/p>\n<p>La Agencia de Seguridad Sanitaria del Reino Unido (UKHSA, por sus siglas en ingl\u00e9s) detall\u00f3 que las muestras donde se encontraron varios poliovirus, estrechamente relacionados, fueron recogidas entre febrero y mayo de 2022 en la planta de aguas residuales del distrito suburbano de Beckton, que da servicio a cerca de cuatro millones de personas en el norte y el este de la ciudad.<\/p>\n<p>Seg\u00fan la agencia, es normal que se detecte de 1 a 3 poliovirus &#8216;similares a las vacunas&#8217; cada a\u00f1o como casos \u00fanicos que no se vuelven a detectar, pero los expertos ahora han dado alarma, porque el virus de las muestras recientes ha evolucionado y ahora se clasifica como poliovirus tipo 2 \u00abderivado de la vacuna\u00bb (VDPV2), lo que sugiere que es probable que haya habido cierta propagaci\u00f3n entre personas que no est\u00e1n vacunadas.<\/p>\n<p>El poliovirus se puede propagar a trav\u00e9s de una mala higiene de las manos, por alimentos y agua contaminados, y, con menos frecuencia, a trav\u00e9s de la tos y estornudos.<\/p>\n<p>La Dra. Vanessa Saliba, epidemi\u00f3loga consultora de UKHSA, explica que el poliovirus derivado de la vacuna tiene el potencial de propagarse, particularmente, \u00aben comunidades donde la aceptaci\u00f3n de la vacuna es menor\u00bb, pudiendo \u00abcausar en raras ocasiones par\u00e1lisis en personas que no est\u00e1n completamente vacunadas\u00bb.<\/p>\n","protected":false},"excerpt":{"rendered":"<p>* El virus, que se declar\u00f3 oficialmente erradicado en el pa\u00eds en 2003, puede causar en algunos casos par\u00e1lisis e incluso poner en peligro la vida. Las autoridades sanitarias brit\u00e1nicas anunciaron este mi\u00e9rcoles que tomar\u00e1n \u00abmedidas inmediatas\u00bb tras detectarse el virus que provoca la poliomielitis en diversas muestras de aguas residuales de Londres. La Agencia [&hellip;]<\/p>\n","protected":false},"author":1,"featured_media":55337,"comment_status":"open","ping_status":"open","sticky":false,"template":"","format":"standard","meta":{"om_disable_all_campaigns":false,"_monsterinsights_skip_tracking":false,"_monsterinsights_sitenote_active":false,"_monsterinsights_sitenote_note":"","_monsterinsights_sitenote_category":0,"footnotes":""},"categories":[7,3524],"tags":[],"class_list":["post-55336","post","type-post","status-publish","format-standard","has-post-thumbnail","hentry","category-salud-y-belleza","category-noticas"],"aioseo_notices":[],"_links":{"self":[{"href":"https:\/\/elcronistadigital.com\/index.php?rest_route=\/wp\/v2\/posts\/55336","targetHints":{"allow":["GET"]}}],"collection":[{"href":"https:\/\/elcronistadigital.com\/index.php?rest_route=\/wp\/v2\/posts"}],"about":[{"href":"https:\/\/elcronistadigital.com\/index.php?rest_route=\/wp\/v2\/types\/post"}],"author":[{"embeddable":true,"href":"https:\/\/elcronistadigital.com\/index.php?rest_route=\/wp\/v2\/users\/1"}],"replies":[{"embeddable":true,"href":"https:\/\/elcronistadigital.com\/index.php?rest_route=%2Fwp%2Fv2%2Fcomments&post=55336"}],"version-history":[{"count":1,"href":"https:\/\/elcronistadigital.com\/index.php?rest_route=\/wp\/v2\/posts\/55336\/revisions"}],"predecessor-version":[{"id":55338,"href":"https:\/\/elcronistadigital.com\/index.php?rest_route=\/wp\/v2\/posts\/55336\/revisions\/55338"}],"wp:featuredmedia":[{"embeddable":true,"href":"https:\/\/elcronistadigital.com\/index.php?rest_route=\/wp\/v2\/media\/55337"}],"wp:attachment":[{"href":"https:\/\/elcronistadigital.com\/index.php?rest_route=%2Fwp%2Fv2%2Fmedia&parent=55336"}],"wp:term":[{"taxonomy":"category","embeddable":true,"href":"https:\/\/elcronistadigital.com\/index.php?rest_route=%2Fwp%2Fv2%2Fcategories&post=55336"},{"taxonomy":"post_tag","embeddable":true,"href":"https:\/\/elcronistadigital.com\/index.php?rest_route=%2Fwp%2Fv2%2Ftags&post=55336"}],"curies":[{"name":"wp","href":"https:\/\/api.w.org\/{rel}","templated":true}]}}