{"id":55355,"date":"2022-07-11T11:02:36","date_gmt":"2022-07-11T17:02:36","guid":{"rendered":"http:\/\/elcronistadigital.com\/?p=55355"},"modified":"2022-07-11T11:02:36","modified_gmt":"2022-07-11T17:02:36","slug":"dia-mundial-de-la-poblacion-algo-que-ver-con-nuestro-pais","status":"publish","type":"post","link":"https:\/\/elcronistadigital.com\/?p=55355","title":{"rendered":"D\u00eda Mundial de la Poblaci\u00f3n, \u00bfalgo que ver con nuestro pa\u00eds?"},"content":{"rendered":"<p><span style=\"color: #003366;\"><strong><a href=\"https:\/\/elcronistadigital.com\/wp-content\/uploads\/2022\/07\/aa2.jpg\"><img loading=\"lazy\" decoding=\"async\" class=\"alignleft size-full wp-image-55356\" alt=\"aa\" src=\"https:\/\/elcronistadigital.com\/wp-content\/uploads\/2022\/07\/aa2.jpg\" width=\"400\" height=\"357\" srcset=\"https:\/\/elcronistadigital.com\/wp-content\/uploads\/2022\/07\/aa2.jpg 400w, https:\/\/elcronistadigital.com\/wp-content\/uploads\/2022\/07\/aa2-300x267.jpg 300w, https:\/\/elcronistadigital.com\/wp-content\/uploads\/2022\/07\/aa2-342x305.jpg 342w\" sizes=\"auto, (max-width: 400px) 100vw, 400px\" \/><\/a>Dr. Vicente Maltez Montiel*<\/strong><\/span><\/p>\n<p>La sobrepoblaci\u00f3n y los m\u00faltiples tensionantes del planeta pueden asumirse promoviendo un futuro resiliente para un mundo de 8,000 millones de habitantes, se\u00f1ala la ONU en el D\u00eda Mundial de la Poblaci\u00f3n.<\/p>\n<p>Para el 2030 esperamos 8,600 millones de personas y China e India aportan un 40%. Un crecimiento poblaci\u00f3nal que no solo es fruto de la falta de anticonceptivos, viene asociado con pobreza, falta de salud, educaci\u00f3n, derechos y en la etapa actual de la pandemia Covid, las mujeres son m\u00e1s vulnerables: trabajan en primera l\u00ednea, muchas veces laboran doble, reciben violencia y carecen de derechos.<\/p>\n<p>M\u00e1s de 1,800 millones de j\u00f3venes viven en el planeta, en especial en pa\u00edses pobres como el nuestro. En Am\u00e9rica Latina y Caribe los j\u00f3venes pasan de 120 millones y m\u00e1s de 55 millones son ni\u00f1as. 20% de estas ni\u00f1as est\u00e1n casadas o Unidas de hecho y el mismo porcentaje se convierte en madres antes de tiempo.<\/p>\n<p>Nicaragua est\u00e1 pr\u00f3xima a los 7 millones de habitantes (6,702,379) y el 65% de nuestra poblaci\u00f3n es joven. El reto es promover esta mayor\u00eda joven (bono demogr\u00e1fico) y darle salud, trabajo decente, pulir sus capacidades y contribuir al crecimiento econ\u00f3mico social sostenible.<\/p>\n<p>Una naci\u00f3n como la nuestra que se ha trazado la meta del Bien Com\u00fan y una Patria para todos, deber\u00e1 dar sus mejores esfuerzos en esta tarea.<\/p>\n<p><span style=\"color: #003366;\"><strong>* Internista. Tel\u00e9fonos: 8854-7884 y 8903 6211.<\/strong><\/span><\/p>\n","protected":false},"excerpt":{"rendered":"<p>Dr. Vicente Maltez Montiel* La sobrepoblaci\u00f3n y los m\u00faltiples tensionantes del planeta pueden asumirse promoviendo un futuro resiliente para un mundo de 8,000 millones de habitantes, se\u00f1ala la ONU en el D\u00eda Mundial de la Poblaci\u00f3n. Para el 2030 esperamos 8,600 millones de personas y China e India aportan un 40%. Un crecimiento poblaci\u00f3nal que [&hellip;]<\/p>\n","protected":false},"author":1,"featured_media":55356,"comment_status":"open","ping_status":"open","sticky":false,"template":"","format":"standard","meta":{"om_disable_all_campaigns":false,"_monsterinsights_skip_tracking":false,"_monsterinsights_sitenote_active":false,"_monsterinsights_sitenote_note":"","_monsterinsights_sitenote_category":0,"footnotes":""},"categories":[3,7],"tags":[],"class_list":["post-55355","post","type-post","status-publish","format-standard","has-post-thumbnail","hentry","category-nacionales","category-salud-y-belleza"],"aioseo_notices":[],"_links":{"self":[{"href":"https:\/\/elcronistadigital.com\/index.php?rest_route=\/wp\/v2\/posts\/55355","targetHints":{"allow":["GET"]}}],"collection":[{"href":"https:\/\/elcronistadigital.com\/index.php?rest_route=\/wp\/v2\/posts"}],"about":[{"href":"https:\/\/elcronistadigital.com\/index.php?rest_route=\/wp\/v2\/types\/post"}],"author":[{"embeddable":true,"href":"https:\/\/elcronistadigital.com\/index.php?rest_route=\/wp\/v2\/users\/1"}],"replies":[{"embeddable":true,"href":"https:\/\/elcronistadigital.com\/index.php?rest_route=%2Fwp%2Fv2%2Fcomments&post=55355"}],"version-history":[{"count":1,"href":"https:\/\/elcronistadigital.com\/index.php?rest_route=\/wp\/v2\/posts\/55355\/revisions"}],"predecessor-version":[{"id":55357,"href":"https:\/\/elcronistadigital.com\/index.php?rest_route=\/wp\/v2\/posts\/55355\/revisions\/55357"}],"wp:featuredmedia":[{"embeddable":true,"href":"https:\/\/elcronistadigital.com\/index.php?rest_route=\/wp\/v2\/media\/55356"}],"wp:attachment":[{"href":"https:\/\/elcronistadigital.com\/index.php?rest_route=%2Fwp%2Fv2%2Fmedia&parent=55355"}],"wp:term":[{"taxonomy":"category","embeddable":true,"href":"https:\/\/elcronistadigital.com\/index.php?rest_route=%2Fwp%2Fv2%2Fcategories&post=55355"},{"taxonomy":"post_tag","embeddable":true,"href":"https:\/\/elcronistadigital.com\/index.php?rest_route=%2Fwp%2Fv2%2Ftags&post=55355"}],"curies":[{"name":"wp","href":"https:\/\/api.w.org\/{rel}","templated":true}]}}