{"id":55414,"date":"2022-08-09T10:27:31","date_gmt":"2022-08-09T16:27:31","guid":{"rendered":"http:\/\/elcronistadigital.com\/?p=55414"},"modified":"2022-08-09T10:27:31","modified_gmt":"2022-08-09T16:27:31","slug":"extrano-movimiento-de-la-tierra-levanta-alarmas","status":"publish","type":"post","link":"https:\/\/elcronistadigital.com\/?p=55414","title":{"rendered":"Extra\u00f1o movimiento de la Tierra levanta alarmas"},"content":{"rendered":"<p><span style=\"color: #993300;\"><em><strong><a href=\"https:\/\/elcronistadigital.com\/wp-content\/uploads\/2022\/08\/aa3.jpg\"><img loading=\"lazy\" decoding=\"async\" class=\"alignleft size-full wp-image-55415\" alt=\"aa\" src=\"https:\/\/elcronistadigital.com\/wp-content\/uploads\/2022\/08\/aa3.jpg\" width=\"379\" height=\"379\" srcset=\"https:\/\/elcronistadigital.com\/wp-content\/uploads\/2022\/08\/aa3.jpg 379w, https:\/\/elcronistadigital.com\/wp-content\/uploads\/2022\/08\/aa3-150x150.jpg 150w, https:\/\/elcronistadigital.com\/wp-content\/uploads\/2022\/08\/aa3-300x300.jpg 300w, https:\/\/elcronistadigital.com\/wp-content\/uploads\/2022\/08\/aa3-50x50.jpg 50w, https:\/\/elcronistadigital.com\/wp-content\/uploads\/2022\/08\/aa3-342x342.jpg 342w, https:\/\/elcronistadigital.com\/wp-content\/uploads\/2022\/08\/aa3-70x70.jpg 70w, https:\/\/elcronistadigital.com\/wp-content\/uploads\/2022\/08\/aa3-55x55.jpg 55w\" sizes=\"auto, (max-width: 379px) 100vw, 379px\" \/><\/a>* Los cient\u00edficos est\u00e1n alertados por cambios que hacen que los d\u00edas sean cada vez m\u00e1s cortos.<\/strong><\/em><\/span><\/p>\n<p>Blanca Espada \u2502 okdiario<\/p>\n<p>Desde hace algunos a\u00f1os, la Tierra parece tener un extra\u00f1o movimiento que est\u00e1 causando alarma entre la comunidad cient\u00edfica. Un movimiento que no es otro que el hecho en s\u00ed de que gira m\u00e1s r\u00e1pido que en el pasado, lo que da como resultado que los d\u00edas sean cada vez m\u00e1s cortos, pero \u00bfa qu\u00e9 se debe esto? Intentamos darle una explicaci\u00f3n a partir de lo que opinan los expertos y tambi\u00e9n, si es realmente motivo de alarma.<\/p>\n<p>El extra\u00f1o movimiento de la Tierra<\/p>\n<p>Que los d\u00edas son cada vez m\u00e1s cortos es algo que ya nadie duda. O, de hecho, la comunidad cient\u00edfica lo tiene muy claro si hacemos caso a los registros que llevan al respecto debido a que se ha descubierto que el movimiento de giro completo que realiza es cada vez m\u00e1s r\u00e1pido. De hecho, este verano ha batido su propio r\u00e9cord de rotaci\u00f3n.<\/p>\n<p>El r\u00e9cord en cuesti\u00f3n se registr\u00f3 el 29 de junio, cuando el d\u00eda dur\u00f3 poco menos de 24 horas, para ser exactos, 24 horas menos 1,59 milisegundos. Tambi\u00e9n el 26 de julio, el d\u00eda dur\u00f3 1,50 milisegundos menos.<\/p>\n<p>El motivo por el que la Tierra cada vez m\u00e1s r\u00e1pido<\/p>\n<p>Despu\u00e9s de casi dos siglos en los que la Tierra ha girado cada vez m\u00e1s despacio, las cosas han cambiado en los \u00faltimos 7 a\u00f1os, de modo que la sorpresa entre los cient\u00edficos es toda una realidad. \u201cDesde 2016 hemos notado que la velocidad de rotaci\u00f3n de la Tierra se acelera, por lo que la duraci\u00f3n del d\u00eda disminuye\u201d, dice Christian Bizouard, astr\u00f3nomo franc\u00e9s.<\/p>\n<p>Desde 1830, es decir, desde que existe este tipo de registros sobre el tiempo que tarda la Tierra en girar, el fen\u00f3meno ha sido el contrario. Y por el momento, los cient\u00edficos no saben por qu\u00e9 el planeta se est\u00e1 acelerando.<\/p>\n<p>Sin embargo, existe una teor\u00eda, que es la m\u00e1s aceptada, y que alude no s\u00f3lo al aumento de velocidad de giro, sino tambi\u00e9n a su ralentizaci\u00f3n. Un efecto de aceleraci\u00f3n desaceleraci\u00f3n de la Tierra que se debe principalmente a la forma el\u00edptica del planeta, y que lleva esa creencia de porqu\u00e9 la Tierra gira actualmente, cada vez m\u00e1s r\u00e1pido.<\/p>\n<p>El motivo parece ser el llamado \u00abbamboleo de Chandler\u00bb; un fen\u00f3meno que tiene que ver con una ligera desviaci\u00f3n en el eje de rotaci\u00f3n de la Tierra; algo similar a cuando hacemos girar una peonza y vemos que tiembla cuando aumenta la velocidad o cuando est\u00e1 par\u00e1ndose.<\/p>\n<p>\u00bfDebemos preocuparnos?<\/p>\n<p>\u00bfEntonces esta aceleraci\u00f3n es algo que tenga que preocuparnos? Seg\u00fan Bizouard, no tendr\u00edamos nada que temer. En el transcurso de uno o dos a\u00f1os, la velocidad de rotaci\u00f3n de la Tierra var\u00eda seg\u00fan la estaci\u00f3n. Adem\u00e1s, al margen del \u00abbamboleo de Chandler\u00bb; otros elementos entran en juego como los vientos en la atm\u00f3sfera o las mareas, que tambi\u00e9n pueden tener que ver. Por otro lado, no se han hecho observaciones claras que puedan vincular este fen\u00f3meno con el cambio clim\u00e1tico.<\/p>\n","protected":false},"excerpt":{"rendered":"<p>* Los cient\u00edficos est\u00e1n alertados por cambios que hacen que los d\u00edas sean cada vez m\u00e1s cortos. Blanca Espada \u2502 okdiario Desde hace algunos a\u00f1os, la Tierra parece tener un extra\u00f1o movimiento que est\u00e1 causando alarma entre la comunidad cient\u00edfica. Un movimiento que no es otro que el hecho en s\u00ed de que gira m\u00e1s [&hellip;]<\/p>\n","protected":false},"author":1,"featured_media":55415,"comment_status":"open","ping_status":"open","sticky":false,"template":"","format":"standard","meta":{"om_disable_all_campaigns":false,"_monsterinsights_skip_tracking":false,"_monsterinsights_sitenote_active":false,"_monsterinsights_sitenote_note":"","_monsterinsights_sitenote_category":0,"footnotes":""},"categories":[9,13],"tags":[],"class_list":["post-55414","post","type-post","status-publish","format-standard","has-post-thumbnail","hentry","category-ciencia-y-tecnologia","category-portada"],"aioseo_notices":[],"_links":{"self":[{"href":"https:\/\/elcronistadigital.com\/index.php?rest_route=\/wp\/v2\/posts\/55414","targetHints":{"allow":["GET"]}}],"collection":[{"href":"https:\/\/elcronistadigital.com\/index.php?rest_route=\/wp\/v2\/posts"}],"about":[{"href":"https:\/\/elcronistadigital.com\/index.php?rest_route=\/wp\/v2\/types\/post"}],"author":[{"embeddable":true,"href":"https:\/\/elcronistadigital.com\/index.php?rest_route=\/wp\/v2\/users\/1"}],"replies":[{"embeddable":true,"href":"https:\/\/elcronistadigital.com\/index.php?rest_route=%2Fwp%2Fv2%2Fcomments&post=55414"}],"version-history":[{"count":1,"href":"https:\/\/elcronistadigital.com\/index.php?rest_route=\/wp\/v2\/posts\/55414\/revisions"}],"predecessor-version":[{"id":55416,"href":"https:\/\/elcronistadigital.com\/index.php?rest_route=\/wp\/v2\/posts\/55414\/revisions\/55416"}],"wp:featuredmedia":[{"embeddable":true,"href":"https:\/\/elcronistadigital.com\/index.php?rest_route=\/wp\/v2\/media\/55415"}],"wp:attachment":[{"href":"https:\/\/elcronistadigital.com\/index.php?rest_route=%2Fwp%2Fv2%2Fmedia&parent=55414"}],"wp:term":[{"taxonomy":"category","embeddable":true,"href":"https:\/\/elcronistadigital.com\/index.php?rest_route=%2Fwp%2Fv2%2Fcategories&post=55414"},{"taxonomy":"post_tag","embeddable":true,"href":"https:\/\/elcronistadigital.com\/index.php?rest_route=%2Fwp%2Fv2%2Ftags&post=55414"}],"curies":[{"name":"wp","href":"https:\/\/api.w.org\/{rel}","templated":true}]}}