{"id":55754,"date":"2023-08-06T09:39:30","date_gmt":"2023-08-06T15:39:30","guid":{"rendered":"http:\/\/elcronistadigital.com\/?p=55754"},"modified":"2023-08-06T09:39:30","modified_gmt":"2023-08-06T15:39:30","slug":"oms-alerta-sobre-estragos-de-el-nino","status":"publish","type":"post","link":"https:\/\/elcronistadigital.com\/?p=55754","title":{"rendered":"OMS alerta sobre estragos de \u201cEl Ni\u00f1o\u201d"},"content":{"rendered":"<p><a href=\"https:\/\/elcronistadigital.com\/wp-content\/uploads\/2023\/08\/aa.jpg\"><img loading=\"lazy\" decoding=\"async\" class=\"alignleft size-full wp-image-55755\" alt=\"aa\" src=\"https:\/\/elcronistadigital.com\/wp-content\/uploads\/2023\/08\/aa.jpg\" width=\"400\" height=\"244\" srcset=\"https:\/\/elcronistadigital.com\/wp-content\/uploads\/2023\/08\/aa.jpg 400w, https:\/\/elcronistadigital.com\/wp-content\/uploads\/2023\/08\/aa-300x183.jpg 300w, https:\/\/elcronistadigital.com\/wp-content\/uploads\/2023\/08\/aa-342x208.jpg 342w\" sizes=\"auto, (max-width: 400px) 100vw, 400px\" \/><\/a>Nicaragua se encuentra entre los 25 pa\u00edses mencionados por la Organizaci\u00f3n Mundial de la Salud (OMS), que podr\u00edan tener graves repercusiones en la salud de la poblaci\u00f3n por el recorrido del fen\u00f3meno meteorol\u00f3gico de &#8216;El Ni\u00f1o&#8217; hasta septiembre, que agudizar\u00e1 crisis ya existentes y podr\u00eda provocar otras nuevas, incluyendo epidemias.<\/p>\n<p>En el caso de Nicaragua, las autoridades de Salud generalmente se preparan para este tipo de situaciones, no as\u00ed en otros pa\u00edses, donde el impacto de \u201cEl Ni\u00f1o\u201d es generalmente desastroso.<\/p>\n<p>&#8216;El Ni\u00f1o&#8217; se presenta cada dos a siete a\u00f1os, con episodios que tienen una duraci\u00f3n aproximada de entre nueve a 12 meses. Aunque es un patr\u00f3n clim\u00e1tico que ocurre naturalmente asociado con el calentamiento de las temperaturas de la superficie del oc\u00e9ano en el Pac\u00edfico tropical, central y oriental, tiene lugar en el contexto de un clima modificado por las actividades humanas.<\/p>\n<p>El fen\u00f3meno, que comenz\u00f3 su actividad el mes pasado, proseguir\u00e1 hasta septiembre acompa\u00f1ado de sequ\u00edas como inundaciones que pueden desencadenar la inseguridad alimentaria, incrementar la desnutrici\u00f3n y, por lo tanto, la vulnerabilidad de la poblaci\u00f3n a las enfermedades infecciosas, sin mencionar la p\u00e9rdida de vidas o los desplazamientos de la poblaci\u00f3n.<\/p>\n<p>El aumento de las temperaturas que conlleva puede desembocar, avisa adem\u00e1s la OMS, en \u00abepidemias de enfermedades transmitidas por vectores\u00bb en zonas de gran altitud, que generalmente son demasiado fr\u00edas para esta clase de transmisi\u00f3n.<\/p>\n<p>As\u00ed las cosas, la OMS avisa de que poblaciones ya afectadas por una crisis humanitaria se enfrentan a un mayor riesgo de las consecuencias para la salud derivadas tanto del calor extremo como del exceso de humedad.<\/p>\n<p>Entre los pa\u00edses que la OMS identifica de alto riesgo se encuentran Colombia (en particular su regi\u00f3n norte), El Salvador, Guatemala, Guyana, Honduras, Nicaragua, Per\u00fa (regi\u00f3n norte), Surinam o Venezuela, tambi\u00e9n en su parte septentrional.<\/p>\n<p>Los pa\u00edses asi\u00e1ticos que podr\u00edan resultar especialmente afectados han sido identificados como Indonesia, Pap\u00faa New Guinea, Birmania, Filipinas, Vietnam o Sri Lanka. En lo que toca finalmente a \u00c1frica, la OMS recomienda especial precauci\u00f3n en Burundi, el sur de Etiop\u00eda, Kenia, Somalia, Ruanda, Tanzania o Uganda.<\/p>\n","protected":false},"excerpt":{"rendered":"<p>Nicaragua se encuentra entre los 25 pa\u00edses mencionados por la Organizaci\u00f3n Mundial de la Salud (OMS), que podr\u00edan tener graves repercusiones en la salud de la poblaci\u00f3n por el recorrido del fen\u00f3meno meteorol\u00f3gico de &#8216;El Ni\u00f1o&#8217; hasta septiembre, que agudizar\u00e1 crisis ya existentes y podr\u00eda provocar otras nuevas, incluyendo epidemias. En el caso de Nicaragua, [&hellip;]<\/p>\n","protected":false},"author":1,"featured_media":55755,"comment_status":"open","ping_status":"open","sticky":false,"template":"","format":"standard","meta":{"om_disable_all_campaigns":false,"_monsterinsights_skip_tracking":false,"_monsterinsights_sitenote_active":false,"_monsterinsights_sitenote_note":"","_monsterinsights_sitenote_category":0,"footnotes":""},"categories":[3,3524],"tags":[],"class_list":["post-55754","post","type-post","status-publish","format-standard","has-post-thumbnail","hentry","category-nacionales","category-noticas"],"aioseo_notices":[],"_links":{"self":[{"href":"https:\/\/elcronistadigital.com\/index.php?rest_route=\/wp\/v2\/posts\/55754","targetHints":{"allow":["GET"]}}],"collection":[{"href":"https:\/\/elcronistadigital.com\/index.php?rest_route=\/wp\/v2\/posts"}],"about":[{"href":"https:\/\/elcronistadigital.com\/index.php?rest_route=\/wp\/v2\/types\/post"}],"author":[{"embeddable":true,"href":"https:\/\/elcronistadigital.com\/index.php?rest_route=\/wp\/v2\/users\/1"}],"replies":[{"embeddable":true,"href":"https:\/\/elcronistadigital.com\/index.php?rest_route=%2Fwp%2Fv2%2Fcomments&post=55754"}],"version-history":[{"count":1,"href":"https:\/\/elcronistadigital.com\/index.php?rest_route=\/wp\/v2\/posts\/55754\/revisions"}],"predecessor-version":[{"id":55756,"href":"https:\/\/elcronistadigital.com\/index.php?rest_route=\/wp\/v2\/posts\/55754\/revisions\/55756"}],"wp:featuredmedia":[{"embeddable":true,"href":"https:\/\/elcronistadigital.com\/index.php?rest_route=\/wp\/v2\/media\/55755"}],"wp:attachment":[{"href":"https:\/\/elcronistadigital.com\/index.php?rest_route=%2Fwp%2Fv2%2Fmedia&parent=55754"}],"wp:term":[{"taxonomy":"category","embeddable":true,"href":"https:\/\/elcronistadigital.com\/index.php?rest_route=%2Fwp%2Fv2%2Fcategories&post=55754"},{"taxonomy":"post_tag","embeddable":true,"href":"https:\/\/elcronistadigital.com\/index.php?rest_route=%2Fwp%2Fv2%2Ftags&post=55754"}],"curies":[{"name":"wp","href":"https:\/\/api.w.org\/{rel}","templated":true}]}}