{"id":55875,"date":"2024-01-10T09:52:10","date_gmt":"2024-01-10T15:52:10","guid":{"rendered":"http:\/\/elcronistadigital.com\/?p=55875"},"modified":"2024-01-10T09:52:10","modified_gmt":"2024-01-10T15:52:10","slug":"francisco-arredondo-piloto-del-puma-energy-rally-team-abandona-el-dakar-2024-tras-caida","status":"publish","type":"post","link":"https:\/\/elcronistadigital.com\/?p=55875","title":{"rendered":"Francisco Arredondo, piloto del Puma Energy Rally Team, abandona el Dakar 2024 tras ca\u00edda"},"content":{"rendered":"<p><span style=\"color: #993300;\"><em><strong><a href=\"https:\/\/elcronistadigital.com\/wp-content\/uploads\/2024\/01\/aa1.jpg\"><img loading=\"lazy\" decoding=\"async\" class=\"aligncenter size-full wp-image-55876\" alt=\"aa\" src=\"https:\/\/elcronistadigital.com\/wp-content\/uploads\/2024\/01\/aa1.jpg\" width=\"600\" height=\"405\" srcset=\"https:\/\/elcronistadigital.com\/wp-content\/uploads\/2024\/01\/aa1.jpg 600w, https:\/\/elcronistadigital.com\/wp-content\/uploads\/2024\/01\/aa1-300x202.jpg 300w, https:\/\/elcronistadigital.com\/wp-content\/uploads\/2024\/01\/aa1-342x230.jpg 342w\" sizes=\"auto, (max-width: 600px) 100vw, 600px\" \/><\/a><\/strong><\/em><\/span><\/p>\n<p><span style=\"color: #993300;\"><em><strong>* Lamentamos informar que el piloto guatemalteco Francisco Arredondo sufri\u00f3 una ca\u00edda, que lo oblig\u00f3 a abandonar el Dakar 2024. Como medida preventiva, Arredondo fue trasladado a un hospital de Ryad, para constatar que no haya sufrido lesiones mayores, aunque el propio piloto confirm\u00f3 que se encuentra en buen estado.<\/strong><\/em><\/span><\/p>\n<p>Durante la cuarta etapa de la carrera, Arredondo, compitiendo en la categor\u00eda Motos, con una KTM 450 Rally, sufri\u00f3 un golpe en los primeros kil\u00f3metros de la jornada, que se desarroll\u00f3 entre Al Salamiya y Al Hofuf, al Este de Arabia Saudita.<\/p>\n<p>Esta era la finalizaci\u00f3n de la denominada \u201cEtapa Marat\u00f3n\u201d, en la que los pilotos pasaron la noche en un vivac destinado exclusivamente para los competidores, sin la intervenci\u00f3n de los equipos. Hasta ese momento, Arredondo, entre las motos, ocupaba el 82\u00b0 puesto en la clasificaci\u00f3n general.<\/p>\n<p>El experimentado piloto del Puma Energy Rally Team debut\u00f3 en el Dakar en 2004, siendo uno de los pocos pilotos en la actualidad que participaron de la carrera en los cuatro continentes: Europa, \u00c1frica, Am\u00e9rica del Sur y Asia.<\/p>\n<p>En nombre de todo el equipo expresamos nuestro apoyo a Arredondo y le deseamos una pronta recuperaci\u00f3n. Confiamos en que volver\u00e1 a la competencia para superar nuevos desaf\u00edos.<\/p>\n<p>Agradecemos a los fan\u00e1ticos por su continuo respaldo y seguimos presentes en esta desafiante competencia, representados por el paraguayo Oscar Santo, en autos, con el UTV Can Am modelo Maverick T3 South Racing.<\/p>\n","protected":false},"excerpt":{"rendered":"<p>* Lamentamos informar que el piloto guatemalteco Francisco Arredondo sufri\u00f3 una ca\u00edda, que lo oblig\u00f3 a abandonar el Dakar 2024. Como medida preventiva, Arredondo fue trasladado a un hospital de Ryad, para constatar que no haya sufrido lesiones mayores, aunque el propio piloto confirm\u00f3 que se encuentra en buen estado. Durante la cuarta etapa de [&hellip;]<\/p>\n","protected":false},"author":1,"featured_media":55876,"comment_status":"open","ping_status":"open","sticky":false,"template":"","format":"standard","meta":{"om_disable_all_campaigns":false,"_monsterinsights_skip_tracking":false,"_monsterinsights_sitenote_active":false,"_monsterinsights_sitenote_note":"","_monsterinsights_sitenote_category":0,"footnotes":""},"categories":[3524],"tags":[],"class_list":["post-55875","post","type-post","status-publish","format-standard","has-post-thumbnail","hentry","category-noticas"],"aioseo_notices":[],"_links":{"self":[{"href":"https:\/\/elcronistadigital.com\/index.php?rest_route=\/wp\/v2\/posts\/55875","targetHints":{"allow":["GET"]}}],"collection":[{"href":"https:\/\/elcronistadigital.com\/index.php?rest_route=\/wp\/v2\/posts"}],"about":[{"href":"https:\/\/elcronistadigital.com\/index.php?rest_route=\/wp\/v2\/types\/post"}],"author":[{"embeddable":true,"href":"https:\/\/elcronistadigital.com\/index.php?rest_route=\/wp\/v2\/users\/1"}],"replies":[{"embeddable":true,"href":"https:\/\/elcronistadigital.com\/index.php?rest_route=%2Fwp%2Fv2%2Fcomments&post=55875"}],"version-history":[{"count":1,"href":"https:\/\/elcronistadigital.com\/index.php?rest_route=\/wp\/v2\/posts\/55875\/revisions"}],"predecessor-version":[{"id":55877,"href":"https:\/\/elcronistadigital.com\/index.php?rest_route=\/wp\/v2\/posts\/55875\/revisions\/55877"}],"wp:featuredmedia":[{"embeddable":true,"href":"https:\/\/elcronistadigital.com\/index.php?rest_route=\/wp\/v2\/media\/55876"}],"wp:attachment":[{"href":"https:\/\/elcronistadigital.com\/index.php?rest_route=%2Fwp%2Fv2%2Fmedia&parent=55875"}],"wp:term":[{"taxonomy":"category","embeddable":true,"href":"https:\/\/elcronistadigital.com\/index.php?rest_route=%2Fwp%2Fv2%2Fcategories&post=55875"},{"taxonomy":"post_tag","embeddable":true,"href":"https:\/\/elcronistadigital.com\/index.php?rest_route=%2Fwp%2Fv2%2Ftags&post=55875"}],"curies":[{"name":"wp","href":"https:\/\/api.w.org\/{rel}","templated":true}]}}