{"id":55890,"date":"2024-01-16T10:54:58","date_gmt":"2024-01-16T16:54:58","guid":{"rendered":"http:\/\/elcronistadigital.com\/?p=55890"},"modified":"2024-01-16T10:54:58","modified_gmt":"2024-01-16T16:54:58","slug":"empresas-no-estan-interesadas-en-contratar-a-la-generacion-z","status":"publish","type":"post","link":"https:\/\/elcronistadigital.com\/?p=55890","title":{"rendered":"Empresas no est\u00e1n interesadas en contratar a la Generaci\u00f3n Z"},"content":{"rendered":"<p><a href=\"https:\/\/elcronistadigital.com\/wp-content\/uploads\/2024\/01\/aa6.jpg\"><img loading=\"lazy\" decoding=\"async\" class=\"alignleft size-full wp-image-55891\" alt=\"aa\" src=\"https:\/\/elcronistadigital.com\/wp-content\/uploads\/2024\/01\/aa6.jpg\" width=\"400\" height=\"200\" srcset=\"https:\/\/elcronistadigital.com\/wp-content\/uploads\/2024\/01\/aa6.jpg 400w, https:\/\/elcronistadigital.com\/wp-content\/uploads\/2024\/01\/aa6-300x150.jpg 300w, https:\/\/elcronistadigital.com\/wp-content\/uploads\/2024\/01\/aa6-342x171.jpg 342w\" sizes=\"auto, (max-width: 400px) 100vw, 400px\" \/><\/a>Los universitarios reci\u00e9n licenciados suelen fracasar en las entrevistas de trabajo debido a sus escasas habilidades comunicativas, sostiene el grupo de investigaci\u00f3n estadounidense Intelligent, que lleg\u00f3 a esta y a otras conclusiones despu\u00e9s de realizar el pasado mes diciembre una encuesta entre 800 personas implicadas de uno u otro modo en el proceso de contrataci\u00f3n.<\/p>\n<p>Las respuestas recabadas por los investigadores reflejan que un 39 % prefiere contratar a empleados de m\u00e1s edad, con experiencia y altamente cualificados, en vez de a representantes de la Generaci\u00f3n Z.<\/p>\n<p>Para no enfrentarse a problemas adicionales derivados de la contrataci\u00f3n de empleados j\u00f3venes, los empresarios hacen todo lo posible para crear condiciones m\u00e1s favorables para los candidatos de m\u00e1s edad. As\u00ed, alrededor del 60 % de los encuestados les ofrece salarios m\u00e1s altos y beneficios adicionales, mientras que el 48 % est\u00e1 dispuesto a permitirles trabajar a distancia o en modo h\u00edbrido. Asimismo, un 46 % prefiere contratar a candidatos sobrecualificados.<\/p>\n<p>Por otra parte, el 20 % de los empresarios observa a menudo que los reci\u00e9n licenciados no est\u00e1n bien preparados para las entrevistas. En particular, m\u00e1s de la mitad de los encuestados destaca la incapacidad de la generaci\u00f3n Z para mantener el contacto visual.<\/p>\n<p>Entre otras quejas sobre los graduados que buscan su primer empleo, cerca del 50 % de los encuestados llaman la atenci\u00f3n sobre su deseo de recibir un salario excesivamente alto y la inadecuada elecci\u00f3n de ropa para hacer las entrevistas de trabajo.<\/p>\n<p>Asimismo, de acuerdo con casi el 20 % de los empleadores, algunos acuden a la entrevista acompa\u00f1ados de sus padres.<\/p>\n<p>Los encuestados tambi\u00e9n destacan otro tipo de problemas, incluso durante la entrevista virtual. De este modo, el 21 % de los empresarios tuvo que comunicarse con candidatos que, simplemente, no quisieron encender la c\u00e1mara.<\/p>\n<p>Mientras tanto, entre otras razones comunes para no contratar a un reci\u00e9n licenciado figuran una baja tolerancia al estr\u00e9s (alrededor del 33 %), la impuntualidad (alrededor del 60 %) e incapacidad para aceptar cr\u00edticas (el 58 %), as\u00ed como falta de profesionalidad y escasas habilidades de comunicaci\u00f3n.<\/p>\n<p>Ante todas estas afirmaciones, no es sorprendente que el 47 % de los encuestados haya despedido recientemente a un reci\u00e9n graduado universitario. Por otra parte, como declar\u00f3 el 63 % de los empresarios, es necesario dar paso a los j\u00f3venes, por lo que est\u00e1n dispuestos a contratarlos.<\/p>\n","protected":false},"excerpt":{"rendered":"<p>Los universitarios reci\u00e9n licenciados suelen fracasar en las entrevistas de trabajo debido a sus escasas habilidades comunicativas, sostiene el grupo de investigaci\u00f3n estadounidense Intelligent, que lleg\u00f3 a esta y a otras conclusiones despu\u00e9s de realizar el pasado mes diciembre una encuesta entre 800 personas implicadas de uno u otro modo en el proceso de contrataci\u00f3n. [&hellip;]<\/p>\n","protected":false},"author":1,"featured_media":55891,"comment_status":"open","ping_status":"open","sticky":false,"template":"","format":"standard","meta":{"om_disable_all_campaigns":false,"_monsterinsights_skip_tracking":false,"_monsterinsights_sitenote_active":false,"_monsterinsights_sitenote_note":"","_monsterinsights_sitenote_category":0,"footnotes":""},"categories":[3524],"tags":[],"class_list":["post-55890","post","type-post","status-publish","format-standard","has-post-thumbnail","hentry","category-noticas"],"aioseo_notices":[],"_links":{"self":[{"href":"https:\/\/elcronistadigital.com\/index.php?rest_route=\/wp\/v2\/posts\/55890","targetHints":{"allow":["GET"]}}],"collection":[{"href":"https:\/\/elcronistadigital.com\/index.php?rest_route=\/wp\/v2\/posts"}],"about":[{"href":"https:\/\/elcronistadigital.com\/index.php?rest_route=\/wp\/v2\/types\/post"}],"author":[{"embeddable":true,"href":"https:\/\/elcronistadigital.com\/index.php?rest_route=\/wp\/v2\/users\/1"}],"replies":[{"embeddable":true,"href":"https:\/\/elcronistadigital.com\/index.php?rest_route=%2Fwp%2Fv2%2Fcomments&post=55890"}],"version-history":[{"count":1,"href":"https:\/\/elcronistadigital.com\/index.php?rest_route=\/wp\/v2\/posts\/55890\/revisions"}],"predecessor-version":[{"id":55892,"href":"https:\/\/elcronistadigital.com\/index.php?rest_route=\/wp\/v2\/posts\/55890\/revisions\/55892"}],"wp:featuredmedia":[{"embeddable":true,"href":"https:\/\/elcronistadigital.com\/index.php?rest_route=\/wp\/v2\/media\/55891"}],"wp:attachment":[{"href":"https:\/\/elcronistadigital.com\/index.php?rest_route=%2Fwp%2Fv2%2Fmedia&parent=55890"}],"wp:term":[{"taxonomy":"category","embeddable":true,"href":"https:\/\/elcronistadigital.com\/index.php?rest_route=%2Fwp%2Fv2%2Fcategories&post=55890"},{"taxonomy":"post_tag","embeddable":true,"href":"https:\/\/elcronistadigital.com\/index.php?rest_route=%2Fwp%2Fv2%2Ftags&post=55890"}],"curies":[{"name":"wp","href":"https:\/\/api.w.org\/{rel}","templated":true}]}}