{"id":5610,"date":"2012-02-29T16:49:49","date_gmt":"2012-02-29T22:49:49","guid":{"rendered":"http:\/\/elcronistadigital.com\/?p=5610"},"modified":"2012-02-29T16:49:49","modified_gmt":"2012-02-29T22:49:49","slug":"el-fenomeno-mundial-de-los-ninis","status":"publish","type":"post","link":"https:\/\/elcronistadigital.com\/?p=5610","title":{"rendered":"El fen\u00f3meno mundial de los ninis"},"content":{"rendered":"<p>R<a rel=\"attachment wp-att-5611\" href=\"https:\/\/elcronistadigital.com\/?attachment_id=5611\"><img loading=\"lazy\" decoding=\"async\" class=\"alignleft size-full wp-image-5611\" title=\"ninis\" src=\"https:\/\/elcronistadigital.com\/wp-content\/uploads\/2012\/02\/ninis.jpg\" alt=\"\" width=\"275\" height=\"183\" \/><\/a>ub\u00e9n Aguilar Valenzuela<\/p>\n<p>El problema de los ninis, j\u00f3venes entre los 12 y los 29 a\u00f1os que no estudian ni trabajan, tiene car\u00e1cter mundial. En M\u00e9xico, en esa condici\u00f3n se encuentra 20% de los mismos, que es semejante a Grecia (20.6%), Rumania (20.1%) y (19.1%) Estonia.<\/p>\n<p>En una situaci\u00f3n peor que la de M\u00e9xico, hablando de pa\u00edses de la Uni\u00f3n Europea (UE), se ubican Espa\u00f1a (22.4%), Irlanda (24.2%) y (27.8%) Bulgaria. Los que menos tienen, pero tambi\u00e9n les representa un problema, son Holanda (5.9%), Luxemburgo (6.9%) y (8.1%) Dinamarca.<\/p>\n<p>La Encuesta Nacional de la Juventud 2010, realizada por el Instituto de la Juventud (Injuve), consigna que en M\u00e9xico hay 36.2 millones de j\u00f3venes entre los 12 y 29 a\u00f1os y de \u00e9sos, 7.8 millones (20%) ni estudian ni trabajan.<\/p>\n<p>Las encuestas de empleo, por otro lado, establecen que el desempleo abierto en M\u00e9xico es de 5.2%, frente a 9.1% en Estados Unidos y 20% en Espa\u00f1a. De manera espec\u00edfica, el desempleo juvenil en el pa\u00eds es de 8.3%; mientras que la media de la UE es de 16.7%, la de Estados Unidos es de 16% y la de Espa\u00f1a de 40 por ciento.<\/p>\n<p>No se trata de ignorar el problema mexicano pero conviene situarlo en el contexto de la realidad internacional. De los datos de empleo se deriva que el n\u00famero de los ninis es en menor al indicado en las encuestas. La diferencia puede estar en que las encuestas de empleo y la que ha realizado el Injuve manejan distintos tramos de edad.<\/p>\n<p>El 75% de los ninis en M\u00e9xico es mujer, 5.9 millones, y 25%, 1.9 millones, hombre. Es un fen\u00f3meno con un claro desequilibro de g\u00e9nero. La gran mayor\u00eda de las mujeres que se encuentran en esta condici\u00f3n se dedica a labores del hogar. Han dejado la escuela pero desarrollan actividades que permiten que otros miembros de la familia, en particular los hombres, realicen otro tipo de trabajos.<\/p>\n<p>La Secretar\u00eda de Educaci\u00f3n (SEP) sostiene, no sin raz\u00f3n, que el problema de los ninis era peor en el pasado; aunque no se le conoc\u00eda con ese nombre. En 1960, en esa condici\u00f3n estaba 60% de los j\u00f3venes del pa\u00eds y ahora s\u00f3lo 20 por ciento. En 50 a\u00f1os se ha avanzado, pero todav\u00eda es mucho lo que queda por hacer.<\/p>\n<p>El 53% de los ninis del pa\u00eds se ubica en siete estados: Estado de M\u00e9xico, con el mayor porcentaje (15 puntos), seguido de Veracruz, Nuevo Le\u00f3n, Jalisco, Distrito Federal, Michoac\u00e1n y Sinaloa. El estado con el menor n\u00famero es Baja California Sur. De acuerdo con la encuesta del Injuve, 44% de los ninis concluy\u00f3 el nivel de educaci\u00f3n b\u00e1sica y tambi\u00e9n media superior (18.6%) y superior (11 por ciento).<\/p>\n<p>El fen\u00f3meno de los ninis no es nuevo y tampoco exclusivo de M\u00e9xico. Saber eso ayuda a entender y ubicar el problema, pero tambi\u00e9n indica que, si bien se ha avanzado, el pa\u00eds todav\u00eda no puede garantizar a todos sus j\u00f3venes, en particular a las mujeres, que puedan seguir estudiando y tampoco conseguir un trabajo fuera de su casa.<\/p>\n<p>&nbsp;<\/p>\n","protected":false},"excerpt":{"rendered":"<p>Rub\u00e9n Aguilar Valenzuela El problema de los ninis, j\u00f3venes entre los 12 y los 29 a\u00f1os que no estudian ni trabajan, tiene car\u00e1cter mundial. En M\u00e9xico, en esa condici\u00f3n se encuentra 20% de los mismos, que es semejante a Grecia (20.6%), Rumania (20.1%) y (19.1%) Estonia. En una situaci\u00f3n peor que la de M\u00e9xico, hablando [&hellip;]<\/p>\n","protected":false},"author":1,"featured_media":5611,"comment_status":"open","ping_status":"open","sticky":false,"template":"","format":"standard","meta":{"om_disable_all_campaigns":false,"_monsterinsights_skip_tracking":false,"_monsterinsights_sitenote_active":false,"_monsterinsights_sitenote_note":"","_monsterinsights_sitenote_category":0,"footnotes":""},"categories":[5,1],"tags":[],"class_list":["post-5610","post","type-post","status-publish","format-standard","has-post-thumbnail","hentry","category-mundo","category-opinion"],"aioseo_notices":[],"_links":{"self":[{"href":"https:\/\/elcronistadigital.com\/index.php?rest_route=\/wp\/v2\/posts\/5610","targetHints":{"allow":["GET"]}}],"collection":[{"href":"https:\/\/elcronistadigital.com\/index.php?rest_route=\/wp\/v2\/posts"}],"about":[{"href":"https:\/\/elcronistadigital.com\/index.php?rest_route=\/wp\/v2\/types\/post"}],"author":[{"embeddable":true,"href":"https:\/\/elcronistadigital.com\/index.php?rest_route=\/wp\/v2\/users\/1"}],"replies":[{"embeddable":true,"href":"https:\/\/elcronistadigital.com\/index.php?rest_route=%2Fwp%2Fv2%2Fcomments&post=5610"}],"version-history":[{"count":3,"href":"https:\/\/elcronistadigital.com\/index.php?rest_route=\/wp\/v2\/posts\/5610\/revisions"}],"predecessor-version":[{"id":5614,"href":"https:\/\/elcronistadigital.com\/index.php?rest_route=\/wp\/v2\/posts\/5610\/revisions\/5614"}],"wp:featuredmedia":[{"embeddable":true,"href":"https:\/\/elcronistadigital.com\/index.php?rest_route=\/wp\/v2\/media\/5611"}],"wp:attachment":[{"href":"https:\/\/elcronistadigital.com\/index.php?rest_route=%2Fwp%2Fv2%2Fmedia&parent=5610"}],"wp:term":[{"taxonomy":"category","embeddable":true,"href":"https:\/\/elcronistadigital.com\/index.php?rest_route=%2Fwp%2Fv2%2Fcategories&post=5610"},{"taxonomy":"post_tag","embeddable":true,"href":"https:\/\/elcronistadigital.com\/index.php?rest_route=%2Fwp%2Fv2%2Ftags&post=5610"}],"curies":[{"name":"wp","href":"https:\/\/api.w.org\/{rel}","templated":true}]}}