{"id":56543,"date":"2025-08-08T14:15:05","date_gmt":"2025-08-08T20:15:05","guid":{"rendered":"https:\/\/elcronistadigital.com\/?p=56543"},"modified":"2025-08-08T14:16:57","modified_gmt":"2025-08-08T20:16:57","slug":"graves-riesgos-del-calor-extremo-para-el-cerebro","status":"publish","type":"post","link":"https:\/\/elcronistadigital.com\/?p=56543","title":{"rendered":"Graves riesgos del calor extremo para el cerebro"},"content":{"rendered":"\n<figure class=\"wp-block-gallery has-nested-images columns-default is-cropped wp-block-gallery-1 is-layout-flex wp-block-gallery-is-layout-flex\">\n<figure class=\"wp-block-image size-medium\"><img loading=\"lazy\" decoding=\"async\" width=\"300\" height=\"169\" data-id=\"56544\" src=\"https:\/\/elcronistadigital.com\/wp-content\/uploads\/2025\/08\/a-300x169.jpg\" alt=\"\" class=\"wp-image-56544\" srcset=\"https:\/\/elcronistadigital.com\/wp-content\/uploads\/2025\/08\/a-300x169.jpg 300w, https:\/\/elcronistadigital.com\/wp-content\/uploads\/2025\/08\/a-342x192.jpg 342w, https:\/\/elcronistadigital.com\/wp-content\/uploads\/2025\/08\/a.jpg 400w\" sizes=\"auto, (max-width: 300px) 100vw, 300px\" \/><\/figure>\n<\/figure>\n\n\n\n<p><strong><mark style=\"background-color:rgba(0, 0, 0, 0)\" class=\"has-inline-color has-vivid-cyan-blue-color\">RT<\/mark><\/strong><\/p>\n\n\n\n<p><strong><em><mark style=\"background-color:rgba(0, 0, 0, 0)\" class=\"has-inline-color has-luminous-vivid-orange-color\">* El aumento de la temperatura puede tener consecuencias en personas con enfermedades neurol\u00f3gicas y en las funciones cerebrales.<\/mark><\/em><\/strong><\/p>\n\n\n\n<p>A medida que se intensifican las olas de calor, los cient\u00edficos tratan de comprender de qu\u00e9 manera el aumento de la temperatura afecta el funcionamiento del cerebro, un \u00f3rgano particularmente vulnerable al calor debido a que no posee mecanismos propios para enfriarse.<\/p>\n\n\n\n<p>Esta limitaci\u00f3n hace que las altas temperaturas representen un riesgo considerable para quienes son susceptibles a ciertas afecciones neurol\u00f3gicas, como la epilepsia, la esquizofrenia, el alzh\u00e9imer y el p\u00e1rkinson. Seg\u00fan los investigadores, el calor extremo podr\u00eda provocar convulsiones m\u00e1s frecuentes y graves en personas con epilepsia.<\/p>\n\n\n\n<p>Este fen\u00f3meno tambi\u00e9n puede agravar el deterioro de las conexiones cerebrales defectuosas, lo que explica por qu\u00e9 los s\u00edntomas de enfermedades como la esclerosis m\u00faltiple suelen empeorar con el aumento de la temperatura.<\/p>\n\n\n\n<p>Adem\u00e1s, el calor favorece la deshidrataci\u00f3n, lo que espesa la sangre y eleva el riesgo de co\u00e1gulos, incrementando as\u00ed la probabilidad de sufrir accidentes cerebrovasculares. Los especialistas recuerdan que, durante la ola de calor que azot\u00f3 Europa en 2003, aproximadamente el 20\u202f% del exceso de muertes se registr\u00f3 entre personas con trastornos neurol\u00f3gicos.<\/p>\n\n\n\n<p>Alteraci\u00f3n de otras funciones cerebrales<\/p>\n\n\n\n<p>Sin embargo, el calor no solo afecta la salud f\u00edsica, sino que tambi\u00e9n puede alterar nuestra cognici\u00f3n, haci\u00e9ndonos m\u00e1s irritables, agresivos o propensos a la depresi\u00f3n. Diversos estudios han vinculado las altas temperaturas con un incremento de la delincuencia con violencia. Algunos trabajos incluso sugieren que el calor podr\u00eda influir directamente en el surgimiento de conductas destructivas.<\/p>\n\n\n\n<p>Por otro lado, se ha observado que el rendimiento cognitivo disminuye cuando aumenta la temperatura ambiente. Una investigaci\u00f3n mostr\u00f3 que un aumento de apenas cuatro grados cent\u00edgrados, percibido por los participantes como una temperatura agradable, redujo en promedio un 10\u202f% el desempe\u00f1o en pruebas de memoria, tiempo de reacci\u00f3n y funciones ejecutivas.<\/p>\n\n\n\n<p>Otro estudio hall\u00f3 que los a\u00f1os escolares con m\u00e1s d\u00edas calurosos se asociaban a peores resultados acad\u00e9micos, especialmente cuando las temperaturas superaban los 27 grados cent\u00edgrados. Una exposici\u00f3n prolongada al calor podr\u00eda afectar el proceso de aprendizaje de los estudiantes.<\/p>\n\n\n\n<p>\u00bfC\u00f3mo actuar en estos casos?<\/p>\n\n\n\n<p>La forma m\u00e1s eficaz de mitigar estos efectos es enfriar el cuerpo lo antes posible. Los investigadores aconsejan que, si no se dispone de aire acondicionado, los ventiladores pueden ser de ayuda, adem\u00e1s de que es fundamental mantenerse hidratado. Aunque parezca evidente, hay que subrayar que lo crucial para el bienestar del cerebro, el estado de \u00e1nimo y las funciones cognitivas no es tanto la temperatura exterior, sino la temperatura corporal.<\/p>\n","protected":false},"excerpt":{"rendered":"<p>RT * El aumento de la temperatura puede tener consecuencias en personas con enfermedades neurol\u00f3gicas y en las funciones cerebrales. A medida que se intensifican las olas de calor, los cient\u00edficos tratan de comprender de qu\u00e9 manera el aumento de la temperatura afecta el funcionamiento del cerebro, un \u00f3rgano particularmente vulnerable al calor debido a [&hellip;]<\/p>\n","protected":false},"author":1,"featured_media":56544,"comment_status":"open","ping_status":"open","sticky":false,"template":"","format":"standard","meta":{"om_disable_all_campaigns":false,"_monsterinsights_skip_tracking":false,"_monsterinsights_sitenote_active":false,"_monsterinsights_sitenote_note":"","_monsterinsights_sitenote_category":0,"footnotes":""},"categories":[7,3524],"tags":[],"class_list":["post-56543","post","type-post","status-publish","format-standard","has-post-thumbnail","hentry","category-salud-y-belleza","category-noticas"],"aioseo_notices":[],"_links":{"self":[{"href":"https:\/\/elcronistadigital.com\/index.php?rest_route=\/wp\/v2\/posts\/56543","targetHints":{"allow":["GET"]}}],"collection":[{"href":"https:\/\/elcronistadigital.com\/index.php?rest_route=\/wp\/v2\/posts"}],"about":[{"href":"https:\/\/elcronistadigital.com\/index.php?rest_route=\/wp\/v2\/types\/post"}],"author":[{"embeddable":true,"href":"https:\/\/elcronistadigital.com\/index.php?rest_route=\/wp\/v2\/users\/1"}],"replies":[{"embeddable":true,"href":"https:\/\/elcronistadigital.com\/index.php?rest_route=%2Fwp%2Fv2%2Fcomments&post=56543"}],"version-history":[{"count":1,"href":"https:\/\/elcronistadigital.com\/index.php?rest_route=\/wp\/v2\/posts\/56543\/revisions"}],"predecessor-version":[{"id":56545,"href":"https:\/\/elcronistadigital.com\/index.php?rest_route=\/wp\/v2\/posts\/56543\/revisions\/56545"}],"wp:featuredmedia":[{"embeddable":true,"href":"https:\/\/elcronistadigital.com\/index.php?rest_route=\/wp\/v2\/media\/56544"}],"wp:attachment":[{"href":"https:\/\/elcronistadigital.com\/index.php?rest_route=%2Fwp%2Fv2%2Fmedia&parent=56543"}],"wp:term":[{"taxonomy":"category","embeddable":true,"href":"https:\/\/elcronistadigital.com\/index.php?rest_route=%2Fwp%2Fv2%2Fcategories&post=56543"},{"taxonomy":"post_tag","embeddable":true,"href":"https:\/\/elcronistadigital.com\/index.php?rest_route=%2Fwp%2Fv2%2Ftags&post=56543"}],"curies":[{"name":"wp","href":"https:\/\/api.w.org\/{rel}","templated":true}]}}