{"id":56587,"date":"2025-09-10T11:31:02","date_gmt":"2025-09-10T17:31:02","guid":{"rendered":"https:\/\/elcronistadigital.com\/?p=56587"},"modified":"2025-09-10T11:42:29","modified_gmt":"2025-09-10T17:42:29","slug":"bcie-lanza-su-nueva-plataforma-de-datos-abiertos-y-presenta-concurso-para-periodistas-e-investigadores","status":"publish","type":"post","link":"https:\/\/elcronistadigital.com\/?p=56587","title":{"rendered":"BCIE lanza su nueva plataforma de datos abiertos y presenta concurso para periodistas e investigadores"},"content":{"rendered":"\n<figure class=\"wp-block-gallery has-nested-images columns-default is-cropped wp-block-gallery-1 is-layout-flex wp-block-gallery-is-layout-flex\">\n<figure class=\"wp-block-image size-large\"><img loading=\"lazy\" decoding=\"async\" width=\"600\" height=\"308\" data-id=\"56588\" src=\"https:\/\/elcronistadigital.com\/wp-content\/uploads\/2025\/09\/a-1.jpg\" alt=\"\" class=\"wp-image-56588\" srcset=\"https:\/\/elcronistadigital.com\/wp-content\/uploads\/2025\/09\/a-1.jpg 600w, https:\/\/elcronistadigital.com\/wp-content\/uploads\/2025\/09\/a-1-300x154.jpg 300w, https:\/\/elcronistadigital.com\/wp-content\/uploads\/2025\/09\/a-1-342x176.jpg 342w\" sizes=\"auto, (max-width: 600px) 100vw, 600px\" \/><\/figure>\n<\/figure>\n\n\n\n<p><strong><mark style=\"background-color:rgba(0, 0, 0, 0)\" class=\"has-inline-color has-black-color\">Tegucigalpa.-<\/mark><\/strong> El Banco Centroamericano de Integraci\u00f3n Econ\u00f3mica (BCIE), realiz\u00f3 el webinario \u201cPeriodismo e investigaci\u00f3n para el desarrollo: La nueva plataforma de datos abiertos del BCIE\u201d, con la participaci\u00f3n de m\u00e1s de 200 periodistas e investigadores.<\/p>\n\n\n\n<p>Durante la actividad se present\u00f3 el nuevo portal de datos abiertos, dise\u00f1ado para ofrecer informaci\u00f3n confiable y estructurada que facilite an\u00e1lisis rigurosos y convierta los datos en conocimiento \u00fatil para la investigaci\u00f3n, el periodismo y la toma de decisiones.<\/p>\n\n\n\n<p>El lanzamiento de esta primera fase responde a uno de los compromisos de la Pol\u00edtica de Acceso a la Informaci\u00f3n (PAI), vigente desde julio de 2025, y forma parte de las actividades del Mes de la Transparencia y Acceso a la Informaci\u00f3n, en conmemoraci\u00f3n del D\u00eda Internacional del Acceso Universal a la Informaci\u00f3n.<\/p>\n\n\n\n<p>\u201cEsta plataforma es un paso firme en nuestro compromiso con la rendici\u00f3n de cuentas y se conecta directamente con la Estrategia Institucional 2025\u20132029, que impulsa la transparencia como pilar de nuestra gesti\u00f3n\u201d, afirm\u00f3 la Presidenta Ejecutiva del Banco, se\u00f1ora Gisela S\u00e1nchez.<\/p>\n\n\n\n<p>Por su parte, la Directora por Honduras y Presidenta del Comit\u00e9 de Comunicaciones y de Acceso a la Informaci\u00f3n de la Instituci\u00f3n, se\u00f1ora Belinda Car\u00edas Mart\u00ednez, indic\u00f3: \u201ccon esta plataforma, el BCIE pone en manos de periodistas e investigadores un recurso que no solo fortalece la transparencia, sino que tambi\u00e9n impulsa la generaci\u00f3n de conocimiento y la construcci\u00f3n de soluciones para nuestra regi\u00f3n\u201d.<\/p>\n\n\n\n<p>En este mismo evento, el BCIE present\u00f3 el Concurso de Periodismo e Investigaci\u00f3n para el Desarrollo \u2013 Datos Abiertos BCIE, cuyo objetivo es reconocer los trabajos que utilicen la informaci\u00f3n publicada por el Banco para mostrar su aporte al desarrollo sostenible y a la integraci\u00f3n regional.<\/p>\n\n\n\n<p>Con esta iniciativa se busca incentivar un periodismo constructivo que transforme los datos en investigaciones y relatos de impacto, demostrando c\u00f3mo la transparencia y la informaci\u00f3n p\u00fablica son motores de confianza, conocimiento y progreso para nuestras sociedades.<\/p>\n\n\n\n<p>Las bases del concurso pueden consultarse: clic en el link:<\/p>\n\n\n\n<p><a href=\"https:\/\/www.bcie.org\/acceso-a-la-informacion\/concurso-de-periodismo-e-investigacion-para-el-desarrollo-datos-abiertos\">https:\/\/www.bcie.org\/acceso-a-la-informacion\/concurso-de-periodismo-e-investigacion-para-el-desarrollo-datos-abiertos<\/a><\/p>\n\n\n\n<p><\/p>\n\n\n<figure class=\"wp-block-post-featured-image\"><img loading=\"lazy\" decoding=\"async\" width=\"50\" height=\"50\" src=\"https:\/\/elcronistadigital.com\/wp-content\/uploads\/2025\/09\/a-1-50x50.jpg\" class=\"attachment-post-thumbnail size-post-thumbnail wp-post-image\" alt=\"\" style=\"object-fit:cover;\" srcset=\"https:\/\/elcronistadigital.com\/wp-content\/uploads\/2025\/09\/a-1-50x50.jpg 50w, https:\/\/elcronistadigital.com\/wp-content\/uploads\/2025\/09\/a-1-150x150.jpg 150w, https:\/\/elcronistadigital.com\/wp-content\/uploads\/2025\/09\/a-1-70x70.jpg 70w, https:\/\/elcronistadigital.com\/wp-content\/uploads\/2025\/09\/a-1-55x55.jpg 55w\" sizes=\"auto, (max-width: 50px) 100vw, 50px\" \/><\/figure>\n\n<figure class=\"wp-block-post-featured-image\"><img loading=\"lazy\" decoding=\"async\" width=\"50\" height=\"50\" src=\"https:\/\/elcronistadigital.com\/wp-content\/uploads\/2025\/09\/a-1-50x50.jpg\" class=\"attachment-post-thumbnail size-post-thumbnail wp-post-image\" alt=\"\" style=\"object-fit:cover;\" srcset=\"https:\/\/elcronistadigital.com\/wp-content\/uploads\/2025\/09\/a-1-50x50.jpg 50w, https:\/\/elcronistadigital.com\/wp-content\/uploads\/2025\/09\/a-1-150x150.jpg 150w, https:\/\/elcronistadigital.com\/wp-content\/uploads\/2025\/09\/a-1-70x70.jpg 70w, https:\/\/elcronistadigital.com\/wp-content\/uploads\/2025\/09\/a-1-55x55.jpg 55w\" sizes=\"auto, (max-width: 50px) 100vw, 50px\" \/><\/figure>\n\n<figure class=\"wp-block-post-featured-image\"><img loading=\"lazy\" decoding=\"async\" width=\"50\" height=\"50\" src=\"https:\/\/elcronistadigital.com\/wp-content\/uploads\/2025\/09\/a-1-50x50.jpg\" class=\"attachment-post-thumbnail size-post-thumbnail wp-post-image\" alt=\"\" style=\"object-fit:cover;\" srcset=\"https:\/\/elcronistadigital.com\/wp-content\/uploads\/2025\/09\/a-1-50x50.jpg 50w, https:\/\/elcronistadigital.com\/wp-content\/uploads\/2025\/09\/a-1-150x150.jpg 150w, https:\/\/elcronistadigital.com\/wp-content\/uploads\/2025\/09\/a-1-70x70.jpg 70w, https:\/\/elcronistadigital.com\/wp-content\/uploads\/2025\/09\/a-1-55x55.jpg 55w\" sizes=\"auto, (max-width: 50px) 100vw, 50px\" \/><\/figure>\n\n<figure class=\"wp-block-post-featured-image\"><img loading=\"lazy\" decoding=\"async\" width=\"50\" height=\"50\" src=\"https:\/\/elcronistadigital.com\/wp-content\/uploads\/2025\/09\/a-1-50x50.jpg\" class=\"attachment-post-thumbnail size-post-thumbnail wp-post-image\" alt=\"\" style=\"object-fit:cover;\" srcset=\"https:\/\/elcronistadigital.com\/wp-content\/uploads\/2025\/09\/a-1-50x50.jpg 50w, https:\/\/elcronistadigital.com\/wp-content\/uploads\/2025\/09\/a-1-150x150.jpg 150w, https:\/\/elcronistadigital.com\/wp-content\/uploads\/2025\/09\/a-1-70x70.jpg 70w, https:\/\/elcronistadigital.com\/wp-content\/uploads\/2025\/09\/a-1-55x55.jpg 55w\" sizes=\"auto, (max-width: 50px) 100vw, 50px\" \/><\/figure>\n\n<figure class=\"wp-block-post-featured-image\"><img loading=\"lazy\" decoding=\"async\" width=\"50\" height=\"50\" src=\"https:\/\/elcronistadigital.com\/wp-content\/uploads\/2025\/09\/a-1-50x50.jpg\" class=\"attachment-post-thumbnail size-post-thumbnail wp-post-image\" alt=\"\" style=\"object-fit:cover;\" srcset=\"https:\/\/elcronistadigital.com\/wp-content\/uploads\/2025\/09\/a-1-50x50.jpg 50w, https:\/\/elcronistadigital.com\/wp-content\/uploads\/2025\/09\/a-1-150x150.jpg 150w, https:\/\/elcronistadigital.com\/wp-content\/uploads\/2025\/09\/a-1-70x70.jpg 70w, https:\/\/elcronistadigital.com\/wp-content\/uploads\/2025\/09\/a-1-55x55.jpg 55w\" sizes=\"auto, (max-width: 50px) 100vw, 50px\" \/><\/figure>\n\n<figure class=\"wp-block-post-featured-image\"><img loading=\"lazy\" decoding=\"async\" width=\"50\" height=\"50\" src=\"https:\/\/elcronistadigital.com\/wp-content\/uploads\/2025\/09\/a-1-50x50.jpg\" class=\"attachment-post-thumbnail size-post-thumbnail wp-post-image\" alt=\"\" style=\"object-fit:cover;\" srcset=\"https:\/\/elcronistadigital.com\/wp-content\/uploads\/2025\/09\/a-1-50x50.jpg 50w, https:\/\/elcronistadigital.com\/wp-content\/uploads\/2025\/09\/a-1-150x150.jpg 150w, https:\/\/elcronistadigital.com\/wp-content\/uploads\/2025\/09\/a-1-70x70.jpg 70w, https:\/\/elcronistadigital.com\/wp-content\/uploads\/2025\/09\/a-1-55x55.jpg 55w\" sizes=\"auto, (max-width: 50px) 100vw, 50px\" \/><\/figure>\n\n<figure class=\"wp-block-post-featured-image\"><img loading=\"lazy\" decoding=\"async\" width=\"50\" height=\"50\" src=\"https:\/\/elcronistadigital.com\/wp-content\/uploads\/2025\/09\/a-1-50x50.jpg\" class=\"attachment-post-thumbnail size-post-thumbnail wp-post-image\" alt=\"\" style=\"object-fit:cover;\" srcset=\"https:\/\/elcronistadigital.com\/wp-content\/uploads\/2025\/09\/a-1-50x50.jpg 50w, https:\/\/elcronistadigital.com\/wp-content\/uploads\/2025\/09\/a-1-150x150.jpg 150w, https:\/\/elcronistadigital.com\/wp-content\/uploads\/2025\/09\/a-1-70x70.jpg 70w, https:\/\/elcronistadigital.com\/wp-content\/uploads\/2025\/09\/a-1-55x55.jpg 55w\" sizes=\"auto, (max-width: 50px) 100vw, 50px\" \/><\/figure>\n\n<figure class=\"wp-block-post-featured-image\"><img loading=\"lazy\" decoding=\"async\" width=\"50\" height=\"50\" src=\"https:\/\/elcronistadigital.com\/wp-content\/uploads\/2025\/09\/a-1-50x50.jpg\" class=\"attachment-post-thumbnail size-post-thumbnail wp-post-image\" alt=\"\" style=\"object-fit:cover;\" srcset=\"https:\/\/elcronistadigital.com\/wp-content\/uploads\/2025\/09\/a-1-50x50.jpg 50w, https:\/\/elcronistadigital.com\/wp-content\/uploads\/2025\/09\/a-1-150x150.jpg 150w, https:\/\/elcronistadigital.com\/wp-content\/uploads\/2025\/09\/a-1-70x70.jpg 70w, https:\/\/elcronistadigital.com\/wp-content\/uploads\/2025\/09\/a-1-55x55.jpg 55w\" sizes=\"auto, (max-width: 50px) 100vw, 50px\" \/><\/figure>\n\n\n<p><\/p>\n","protected":false},"excerpt":{"rendered":"<p>Tegucigalpa.- El Banco Centroamericano de Integraci\u00f3n Econ\u00f3mica (BCIE), realiz\u00f3 el webinario \u201cPeriodismo e investigaci\u00f3n para el desarrollo: La nueva plataforma de datos abiertos del BCIE\u201d, con la participaci\u00f3n de m\u00e1s de 200 periodistas e investigadores. Durante la actividad se present\u00f3 el nuevo portal de datos abiertos, dise\u00f1ado para ofrecer informaci\u00f3n confiable y estructurada que facilite [&hellip;]<\/p>\n","protected":false},"author":1,"featured_media":56588,"comment_status":"open","ping_status":"open","sticky":false,"template":"","format":"standard","meta":{"om_disable_all_campaigns":false,"_monsterinsights_skip_tracking":false,"_monsterinsights_sitenote_active":false,"_monsterinsights_sitenote_note":"","_monsterinsights_sitenote_category":0,"footnotes":""},"categories":[3],"tags":[],"class_list":["post-56587","post","type-post","status-publish","format-standard","has-post-thumbnail","hentry","category-nacionales"],"aioseo_notices":[],"_links":{"self":[{"href":"https:\/\/elcronistadigital.com\/index.php?rest_route=\/wp\/v2\/posts\/56587","targetHints":{"allow":["GET"]}}],"collection":[{"href":"https:\/\/elcronistadigital.com\/index.php?rest_route=\/wp\/v2\/posts"}],"about":[{"href":"https:\/\/elcronistadigital.com\/index.php?rest_route=\/wp\/v2\/types\/post"}],"author":[{"embeddable":true,"href":"https:\/\/elcronistadigital.com\/index.php?rest_route=\/wp\/v2\/users\/1"}],"replies":[{"embeddable":true,"href":"https:\/\/elcronistadigital.com\/index.php?rest_route=%2Fwp%2Fv2%2Fcomments&post=56587"}],"version-history":[{"count":4,"href":"https:\/\/elcronistadigital.com\/index.php?rest_route=\/wp\/v2\/posts\/56587\/revisions"}],"predecessor-version":[{"id":56593,"href":"https:\/\/elcronistadigital.com\/index.php?rest_route=\/wp\/v2\/posts\/56587\/revisions\/56593"}],"wp:featuredmedia":[{"embeddable":true,"href":"https:\/\/elcronistadigital.com\/index.php?rest_route=\/wp\/v2\/media\/56588"}],"wp:attachment":[{"href":"https:\/\/elcronistadigital.com\/index.php?rest_route=%2Fwp%2Fv2%2Fmedia&parent=56587"}],"wp:term":[{"taxonomy":"category","embeddable":true,"href":"https:\/\/elcronistadigital.com\/index.php?rest_route=%2Fwp%2Fv2%2Fcategories&post=56587"},{"taxonomy":"post_tag","embeddable":true,"href":"https:\/\/elcronistadigital.com\/index.php?rest_route=%2Fwp%2Fv2%2Ftags&post=56587"}],"curies":[{"name":"wp","href":"https:\/\/api.w.org\/{rel}","templated":true}]}}