{"id":6014,"date":"2012-03-20T18:50:25","date_gmt":"2012-03-21T00:50:25","guid":{"rendered":"http:\/\/elcronistadigital.com\/?p=6014"},"modified":"2012-03-20T18:50:25","modified_gmt":"2012-03-21T00:50:25","slug":"se-vende-africa","status":"publish","type":"post","link":"https:\/\/elcronistadigital.com\/?p=6014","title":{"rendered":"Se vende \u00c1frica"},"content":{"rendered":"<p>Rub\u00e9n Aguilar Valenzuela<\/p>\n<p>Algunos pa\u00edses cuyo abasto de alimentos depende en gran medida de las importaciones, decidieron hacer frente a su vulnerabilidad comprando o rentando tierras, de manera particular en \u00c1frica, despu\u00e9s de la crisis provocada por el alza de los precios en el periodo 2007-2008.<\/p>\n<p>&nbsp;<\/p>\n<p>Entre el 2004 y el 2009 se vendieron o alquilaron, por gobiernos e inversionistas extranjeros, 1\u2019490,000 hect\u00e1reas en Liberia, y 1\u2019255,000 hect\u00e1reas en Mozambique, que equivalen a 14,900 kil\u00f3metros cuadrados y 12,500 kil\u00f3metros cuadrados respectivamente, seg\u00fan informaci\u00f3n de la FAO y el Banco Mundial (BM).<\/p>\n<p>En el caso de Sud\u00e1n fueron 872,000 hect\u00e1reas y 607,000 hect\u00e1reas en Etiop\u00eda, que suman 8,720 kil\u00f3metros cuadrados y 6,070 kil\u00f3metros cuadrados, respectivamente, en el mismo tiempo y de acuerdo con las fuentes ya citadas.<\/p>\n<p>Se sabe que en el 2010 Mal\u00ed vendi\u00f3 o rent\u00f3 372,000 hect\u00e1reas, que son 3,720 kil\u00f3metros cuadrados. S\u00f3lo en estos cinco pa\u00edses suman 4&#8217;596,000 hect\u00e1reas, que equivalen a 45,960 kil\u00f3metros cuadrados, un poco m\u00e1s que la extensi\u00f3n de un pa\u00eds como Suiza.<\/p>\n<p>El caso de Madagascar, indica lo que podr\u00eda ocurrir en el futuro. En el 2009, la transnacional surcoreana Daewood intent\u00f3 comprar 1&#8217;300,000 hect\u00e1reas, 13,000 kil\u00f3metros cuadrados, que equivale a un poco m\u00e1s de la mitad de B\u00e9lgica o de El Salvador.<\/p>\n<p>La noticia de la venta provoc\u00f3, entre campesinos expropiados o pastores despojados al acceso a la tierra, grandes disturbios que dejaron decenas de muertos y provoc\u00f3 la ca\u00edda del gobierno. La nueva administraci\u00f3n al asumir el poder ech\u00f3 abajo el acuerdo anterior.<\/p>\n<p>A los problemas de la tierra se a\u00f1ade el del uso del agua, que provoca tensiones de una naci\u00f3n con otra. Los conflictos est\u00e1n ya presentes entre los pa\u00edses de las cuencas de los r\u00edos Nilo y Niger, donde se concentra buena parte de las tierras vendidas o rentadas por la extracci\u00f3n desmedida del agua.<\/p>\n<p><a rel=\"attachment wp-att-6015\" href=\"https:\/\/elcronistadigital.com\/?attachment_id=6015\"><img loading=\"lazy\" decoding=\"async\" class=\"alignleft size-medium wp-image-6015\" title=\"africa_10\" src=\"https:\/\/elcronistadigital.com\/wp-content\/uploads\/2012\/03\/africa_10-300x204.jpg\" alt=\"\" width=\"300\" height=\"204\" srcset=\"https:\/\/elcronistadigital.com\/wp-content\/uploads\/2012\/03\/africa_10-300x204.jpg 300w, https:\/\/elcronistadigital.com\/wp-content\/uploads\/2012\/03\/africa_10-342x233.jpg 342w, https:\/\/elcronistadigital.com\/wp-content\/uploads\/2012\/03\/africa_10.jpg 800w\" sizes=\"auto, (max-width: 300px) 100vw, 300px\" \/><\/a>La pugna por la tierra y el agua tiene una carga pol\u00edtica desestabilizadora en pa\u00edses donde el acceso a estos bienes sigue siendo fundamental para la subsistencia de una gran parte de su poblaci\u00f3n. Los que defienden este tipo de inversiones sostienen que traen capital, infraestructura, tecnolog\u00eda y empleo a la regi\u00f3n.<\/p>\n<p>Los gobiernos que compran o rentan tierras en \u00c1frica son cinco: China, India, Corea del Sur, Arabia Saudita, Quatar y Emiratos \u00c1rabes Unidos. De estos pa\u00edses provienen tambi\u00e9n los inversionistas privados, que muchas veces est\u00e1n relacionados con sus gobiernos.<\/p>\n<p>El problema lo plantea David Anderson, profesor del Centro de Estudios Africanos de la Universidad de Oxford, cuando asegura que \u201c\u00c1frica est\u00e1 siendo explotada otra vez\u201d.<\/p>\n<p>\u201cSus tierras son soluci\u00f3n barata para los problemas de otros. Y es una situaci\u00f3n con potencial explosivo\u201d, dijo. (M\u00e1s informaci\u00f3n en El Pa\u00eds, 31 de octubre del 2011).<\/p>\n<p>Twitter: @RubenAguilar<\/p>\n","protected":false},"excerpt":{"rendered":"<p>Rub\u00e9n Aguilar Valenzuela Algunos pa\u00edses cuyo abasto de alimentos depende en gran medida de las importaciones, decidieron hacer frente a su vulnerabilidad comprando o rentando tierras, de manera particular en \u00c1frica, despu\u00e9s de la crisis provocada por el alza de los precios en el periodo 2007-2008. &nbsp; Entre el 2004 y el 2009 se vendieron [&hellip;]<\/p>\n","protected":false},"author":1,"featured_media":6015,"comment_status":"open","ping_status":"open","sticky":false,"template":"","format":"standard","meta":{"om_disable_all_campaigns":false,"_monsterinsights_skip_tracking":false,"_monsterinsights_sitenote_active":false,"_monsterinsights_sitenote_note":"","_monsterinsights_sitenote_category":0,"footnotes":""},"categories":[5,1],"tags":[],"class_list":["post-6014","post","type-post","status-publish","format-standard","has-post-thumbnail","hentry","category-mundo","category-opinion"],"aioseo_notices":[],"_links":{"self":[{"href":"https:\/\/elcronistadigital.com\/index.php?rest_route=\/wp\/v2\/posts\/6014","targetHints":{"allow":["GET"]}}],"collection":[{"href":"https:\/\/elcronistadigital.com\/index.php?rest_route=\/wp\/v2\/posts"}],"about":[{"href":"https:\/\/elcronistadigital.com\/index.php?rest_route=\/wp\/v2\/types\/post"}],"author":[{"embeddable":true,"href":"https:\/\/elcronistadigital.com\/index.php?rest_route=\/wp\/v2\/users\/1"}],"replies":[{"embeddable":true,"href":"https:\/\/elcronistadigital.com\/index.php?rest_route=%2Fwp%2Fv2%2Fcomments&post=6014"}],"version-history":[{"count":3,"href":"https:\/\/elcronistadigital.com\/index.php?rest_route=\/wp\/v2\/posts\/6014\/revisions"}],"predecessor-version":[{"id":6018,"href":"https:\/\/elcronistadigital.com\/index.php?rest_route=\/wp\/v2\/posts\/6014\/revisions\/6018"}],"wp:featuredmedia":[{"embeddable":true,"href":"https:\/\/elcronistadigital.com\/index.php?rest_route=\/wp\/v2\/media\/6015"}],"wp:attachment":[{"href":"https:\/\/elcronistadigital.com\/index.php?rest_route=%2Fwp%2Fv2%2Fmedia&parent=6014"}],"wp:term":[{"taxonomy":"category","embeddable":true,"href":"https:\/\/elcronistadigital.com\/index.php?rest_route=%2Fwp%2Fv2%2Fcategories&post=6014"},{"taxonomy":"post_tag","embeddable":true,"href":"https:\/\/elcronistadigital.com\/index.php?rest_route=%2Fwp%2Fv2%2Ftags&post=6014"}],"curies":[{"name":"wp","href":"https:\/\/api.w.org\/{rel}","templated":true}]}}