{"id":6020,"date":"2012-03-21T15:13:42","date_gmt":"2012-03-21T21:13:42","guid":{"rendered":"http:\/\/elcronistadigital.com\/?p=6020"},"modified":"2012-03-21T15:13:42","modified_gmt":"2012-03-21T21:13:42","slug":"%c2%bfa-que-llega-el-papa-a-mexico","status":"publish","type":"post","link":"https:\/\/elcronistadigital.com\/?p=6020","title":{"rendered":"\u00bfA qu\u00e9 llega el Papa a M\u00e9xico?"},"content":{"rendered":"<p><a rel=\"attachment wp-att-6021\" href=\"https:\/\/elcronistadigital.com\/?attachment_id=6021\"><img loading=\"lazy\" decoding=\"async\" class=\"alignleft size-medium wp-image-6021\" title=\"benedicto_xvi\" src=\"https:\/\/elcronistadigital.com\/wp-content\/uploads\/2012\/03\/benedicto_xvi-300x222.jpg\" alt=\"\" width=\"300\" height=\"222\" srcset=\"https:\/\/elcronistadigital.com\/wp-content\/uploads\/2012\/03\/benedicto_xvi-300x222.jpg 300w, https:\/\/elcronistadigital.com\/wp-content\/uploads\/2012\/03\/benedicto_xvi-342x253.jpg 342w, https:\/\/elcronistadigital.com\/wp-content\/uploads\/2012\/03\/benedicto_xvi-60x45.jpg 60w, https:\/\/elcronistadigital.com\/wp-content\/uploads\/2012\/03\/benedicto_xvi.jpg 500w\" sizes=\"auto, (max-width: 300px) 100vw, 300px\" \/><\/a>Rub\u00e9n Aguilar Valenzuela<\/p>\n<p>La visita de Benedicto XVI a M\u00e9xico ha despertado las m\u00e1s diversas interpretaciones y se mueven en el espectro amplio que va desde quienes aseguran que su presencia obedece a motivos estrictamente religiosos hasta los que afirman que se inscribe en el marco de la estrategia electoral del PAN.<\/p>\n<p>Las razones responden a la importancia que Am\u00e9rica Latina tiene para la Iglesia Cat\u00f3lica y el papel espec\u00edfico de M\u00e9xico como segunda cristiandad del mundo, la primera corresponde a Brasil. La pregunta, entonces, no es \u00bfpor qu\u00e9 viene el Papa?, sino \u00bfpor qu\u00e9 no hab\u00eda venido?<\/p>\n<p>Con su viaje, el Papa trata de \u201creparar\u201d el error de no haber visitado el pa\u00eds despu\u00e9s de siete a\u00f1os de estar en el cargo. El portavoz del Vaticano, el jesuita italiano Federico Lombardi, asegura haber escuchado decir al Pont\u00edfice: \u201cSi tengo la oportunidad de volver a Am\u00e9rica Latina, M\u00e9xico es una prioridad\u201d.<\/p>\n<p>La pol\u00edtica de la Santa Sede es clara e implica que el jerarca de la Iglesia Cat\u00f3lica Apost\u00f3lica Romana deber\u00eda volver a visitar Am\u00e9rica Latina, despu\u00e9s de que s\u00f3lo hab\u00eda estado en Brasil para presidir la V Conferencia General del Episcopado Latinoamericano y del Caribe en el 2007.<\/p>\n<p>Esta decisi\u00f3n implicaba, como lo plantea Lombardi, que \u201cde hacer un nuevo viaje a Am\u00e9rica Latina, M\u00e9xico era una meta ineludible\u201d.<\/p>\n<p>Esta visita a M\u00e9xico y luego a Cuba, el Vaticano la asume como si se hiciera a la regi\u00f3n. El portavoz afirma que el Papa \u201cconoce (&#8230;) la gran importancia que tiene Am\u00e9rica Latina para la humanidad y para el futuro de la Iglesia Cat\u00f3lica, por encontrarse all\u00ed el mayor n\u00famero de cat\u00f3licos del mundo\u201d y a\u00f1ade: \u201cLas visitas a M\u00e9xico y a Cuba son (&#8230;) una ulterior prueba del empe\u00f1o, inter\u00e9s y gran afecto que siente el Papa por ese continente\u201d.<\/p>\n<p>Las razones de la visita del Pont\u00edfice a M\u00e9xico son religiosas y tambi\u00e9n pol\u00edticas, pero no electorales. El Estado Vaticano tiene relaciones diplom\u00e1ticas con M\u00e9xico y siempre mantendr\u00e1 contacto con quien gobierne, sin importar de qu\u00e9 partido sea. Est\u00e1 en el inter\u00e9s del Vaticano que M\u00e9xico siga siendo mayoritariamente cat\u00f3lico.<\/p>\n<p>Le importa que los obispos y los cat\u00f3licos mexicanos se sientan identificados con el Papa y con la Santa Sede. Quiere dejar claro, aunque sea a destiempo, que nuestro pa\u00eds es muy importante y, como afirma el portavoz del Vaticano, el Papa con su visita responde \u201cal gran afecto y enorme deseo de recibirlo que siempre le ha manifestado el pueblo mexicano\u201d.<\/p>\n<p>El Vaticano entiende la visita del Papa a M\u00e9xico y Cuba como \u201cun expreso reconocimiento de la dignidad de Am\u00e9rica Latina, hecho que seguramente se traducir\u00e1 en un est\u00edmulo para que todas sus naciones puedan seguir desarroll\u00e1ndose en el marco de la paz, la justicia y la libertad\u201d. Su verdadero inter\u00e9s reside en que la mitad de los 1,000 millones de cat\u00f3licos en el mundo vive en la regi\u00f3n y, de ellos, casi una quinta parte habita en M\u00e9xico.<\/p>\n<p>&nbsp;<\/p>\n<p>Twitter: @RubenAguilar<\/p>\n<p>Facebook: http:\/\/on.fb.me\/wxlPuC<\/p>\n","protected":false},"excerpt":{"rendered":"<p>Rub\u00e9n Aguilar Valenzuela La visita de Benedicto XVI a M\u00e9xico ha despertado las m\u00e1s diversas interpretaciones y se mueven en el espectro amplio que va desde quienes aseguran que su presencia obedece a motivos estrictamente religiosos hasta los que afirman que se inscribe en el marco de la estrategia electoral del PAN. Las razones responden [&hellip;]<\/p>\n","protected":false},"author":1,"featured_media":6021,"comment_status":"open","ping_status":"open","sticky":false,"template":"","format":"standard","meta":{"om_disable_all_campaigns":false,"_monsterinsights_skip_tracking":false,"_monsterinsights_sitenote_active":false,"_monsterinsights_sitenote_note":"","_monsterinsights_sitenote_category":0,"footnotes":""},"categories":[5,1],"tags":[],"class_list":["post-6020","post","type-post","status-publish","format-standard","has-post-thumbnail","hentry","category-mundo","category-opinion"],"aioseo_notices":[],"_links":{"self":[{"href":"https:\/\/elcronistadigital.com\/index.php?rest_route=\/wp\/v2\/posts\/6020","targetHints":{"allow":["GET"]}}],"collection":[{"href":"https:\/\/elcronistadigital.com\/index.php?rest_route=\/wp\/v2\/posts"}],"about":[{"href":"https:\/\/elcronistadigital.com\/index.php?rest_route=\/wp\/v2\/types\/post"}],"author":[{"embeddable":true,"href":"https:\/\/elcronistadigital.com\/index.php?rest_route=\/wp\/v2\/users\/1"}],"replies":[{"embeddable":true,"href":"https:\/\/elcronistadigital.com\/index.php?rest_route=%2Fwp%2Fv2%2Fcomments&post=6020"}],"version-history":[{"count":3,"href":"https:\/\/elcronistadigital.com\/index.php?rest_route=\/wp\/v2\/posts\/6020\/revisions"}],"predecessor-version":[{"id":6024,"href":"https:\/\/elcronistadigital.com\/index.php?rest_route=\/wp\/v2\/posts\/6020\/revisions\/6024"}],"wp:featuredmedia":[{"embeddable":true,"href":"https:\/\/elcronistadigital.com\/index.php?rest_route=\/wp\/v2\/media\/6021"}],"wp:attachment":[{"href":"https:\/\/elcronistadigital.com\/index.php?rest_route=%2Fwp%2Fv2%2Fmedia&parent=6020"}],"wp:term":[{"taxonomy":"category","embeddable":true,"href":"https:\/\/elcronistadigital.com\/index.php?rest_route=%2Fwp%2Fv2%2Fcategories&post=6020"},{"taxonomy":"post_tag","embeddable":true,"href":"https:\/\/elcronistadigital.com\/index.php?rest_route=%2Fwp%2Fv2%2Ftags&post=6020"}],"curies":[{"name":"wp","href":"https:\/\/api.w.org\/{rel}","templated":true}]}}