{"id":6125,"date":"2012-03-26T19:59:08","date_gmt":"2012-03-27T01:59:08","guid":{"rendered":"http:\/\/elcronistadigital.com\/?p=6125"},"modified":"2014-01-13T21:46:20","modified_gmt":"2014-01-14T03:46:20","slug":"mexico-y-el-vaticano","status":"publish","type":"post","link":"https:\/\/elcronistadigital.com\/?p=6125","title":{"rendered":"M\u00e9xico y el Vaticano"},"content":{"rendered":"<p><a rel=\"attachment wp-att-6126\" href=\"https:\/\/elcronistadigital.com\/?attachment_id=6126\"><img loading=\"lazy\" decoding=\"async\" class=\"alignleft size-medium wp-image-6126\" title=\"papa-visita-mexico\" src=\"https:\/\/elcronistadigital.com\/wp-content\/uploads\/2012\/03\/papa-visita-mexico-300x168.jpg\" alt=\"\" width=\"300\" height=\"168\" srcset=\"https:\/\/elcronistadigital.com\/wp-content\/uploads\/2012\/03\/papa-visita-mexico-300x168.jpg 300w, https:\/\/elcronistadigital.com\/wp-content\/uploads\/2012\/03\/papa-visita-mexico-342x192.jpg 342w, https:\/\/elcronistadigital.com\/wp-content\/uploads\/2012\/03\/papa-visita-mexico.jpg 448w\" sizes=\"auto, (max-width: 300px) 100vw, 300px\" \/><\/a>Rub\u00e9n Aguilar Valenzuela<\/p>\n<p>El Papa, no s\u00f3lo en M\u00e9xico, sino en los pa\u00edses de mayor\u00eda cat\u00f3lica, siempre llama a las multitudes y a la cobertura de la prensa internacional. Esta vez no fue la excepci\u00f3n. La visita result\u00f3 un \u00e9xito y ganaron la Iglesia, el gobierno y tambi\u00e9n el pa\u00eds. La imagen de M\u00e9xico en el mundo, por fin, despu\u00e9s de cinco a\u00f1os, no fue la violencia.<\/p>\n<p>La visita de Benedicto XVI se ha dado en el marco institucional que surge el 21 de septiembre de 1992, cuando se establecieron las relaciones diplom\u00e1ticas entre el Estado Vaticano y M\u00e9xico. Antes hubo que modificar el Art\u00edculo 130 de la Constituci\u00f3n, para reconocer la personalidad jur\u00eddica de las iglesias y aprobar la Ley de Asociaciones Religiosas y Culto P\u00fablico.<\/p>\n<p>Este a\u00f1o se cumplen 20 a\u00f1os del establecimiento de las relaciones diplom\u00e1ticas entre ambos estados, que fue logro del Presidente Carlos Salinas de Gortari.<\/p>\n<p>El Vaticano, a trav\u00e9s de su portavoz, el jesuita Federico Lombardi, valora la relaci\u00f3n de estos a\u00f1os \u201ccomo excelentes, muy cordiales y algo muy bello\u201d.<\/p>\n<p>A\u00f1ade que antes se viv\u00eda \u201cuna situaci\u00f3n extra\u00f1a, an\u00f3mala, porque M\u00e9xico tiene una gran tradici\u00f3n cat\u00f3lica (&#8230;) Ahora vivimos una situaci\u00f3n normal, natural, que corresponde a la fe religiosa de su pueblo y a la amplia presencia de la Iglesia Cat\u00f3lica en el pa\u00eds\u201d. La reforma constitucional y la ley reglamentaria de 1992 establecieron el marco necesario, resultaba absurdo que no existiera, para reconocer a las iglesias y normar la relaci\u00f3n con ellas.<\/p>\n<p>La presencia en M\u00e9xico del Papa y su actitud dejan en claro que la Iglesia, como todav\u00eda piensan algunos, no se opone al Estado laico, que es una caracter\u00edstica fundamental del Estado democr\u00e1tico, plural e incluyente. En el pa\u00eds todav\u00eda algunos, cada vez son menos, confunden la laicidad con el jacobinismo o el anticlericalismo, que son posiciones militantes que niegan la laicidad del Estado.<\/p>\n<p>El Estado laico garantiza, no s\u00f3lo permite, la expresi\u00f3n de todas las creencias religiosas y tambi\u00e9n de quienes no profesan religi\u00f3n alguna. Lo \u00fanico que exige es que se den en el marco de la ley. La posici\u00f3n de ignorar la personalidad jur\u00eddica de las iglesias, que se mantuvo por muchos a\u00f1os, era una clara violaci\u00f3n a la condici\u00f3n laica del Estado, que se negaba a aceptar la existencia de las mismas.<\/p>\n<p>La visita del Papa y de cualquier l\u00edder religioso debe asumirse como algo normal y el gobierno siempre est\u00e1 obligado a garantizar que estos encuentros tengan todas las facilidades. El Estado laico no tiene religi\u00f3n para decidir en independencia de la misma y tambi\u00e9n para garantizar la expresi\u00f3n de todas las ideas religiosas en condici\u00f3n de igualdad.<\/p>\n<p>El hecho de que la Iglesia Cat\u00f3lica en M\u00e9xico sea la mayoritaria no implica que deba tener privilegios sobre las otras iglesias, pero tampoco que se ignore, ser\u00eda absurdo, pues al ser la m\u00e1s numerosa requiere de mayor atenci\u00f3n de parte de las autoridades en los distintos \u00f3rdenes de gobierno.<\/p>\n<p>&nbsp;<\/p>\n<p>Twitter: @RubenAguilar<\/p>\n<p>Facebook: http:\/\/on.fb.me\/wxlPuC<\/p>\n","protected":false},"excerpt":{"rendered":"<p>Rub\u00e9n Aguilar Valenzuela El Papa, no s\u00f3lo en M\u00e9xico, sino en los pa\u00edses de mayor\u00eda cat\u00f3lica, siempre llama a las multitudes y a la cobertura de la prensa internacional. Esta vez no fue la excepci\u00f3n. La visita result\u00f3 un \u00e9xito y ganaron la Iglesia, el gobierno y tambi\u00e9n el pa\u00eds. La imagen de M\u00e9xico en [&hellip;]<\/p>\n","protected":false},"author":1,"featured_media":6126,"comment_status":"open","ping_status":"open","sticky":false,"template":"","format":"standard","meta":{"om_disable_all_campaigns":false,"_monsterinsights_skip_tracking":false,"_monsterinsights_sitenote_active":false,"_monsterinsights_sitenote_note":"","_monsterinsights_sitenote_category":0,"footnotes":""},"categories":[5,3524,1],"tags":[],"class_list":["post-6125","post","type-post","status-publish","format-standard","has-post-thumbnail","hentry","category-mundo","category-noticas","category-opinion"],"aioseo_notices":[],"_links":{"self":[{"href":"https:\/\/elcronistadigital.com\/index.php?rest_route=\/wp\/v2\/posts\/6125","targetHints":{"allow":["GET"]}}],"collection":[{"href":"https:\/\/elcronistadigital.com\/index.php?rest_route=\/wp\/v2\/posts"}],"about":[{"href":"https:\/\/elcronistadigital.com\/index.php?rest_route=\/wp\/v2\/types\/post"}],"author":[{"embeddable":true,"href":"https:\/\/elcronistadigital.com\/index.php?rest_route=\/wp\/v2\/users\/1"}],"replies":[{"embeddable":true,"href":"https:\/\/elcronistadigital.com\/index.php?rest_route=%2Fwp%2Fv2%2Fcomments&post=6125"}],"version-history":[{"count":4,"href":"https:\/\/elcronistadigital.com\/index.php?rest_route=\/wp\/v2\/posts\/6125\/revisions"}],"predecessor-version":[{"id":6129,"href":"https:\/\/elcronistadigital.com\/index.php?rest_route=\/wp\/v2\/posts\/6125\/revisions\/6129"}],"wp:featuredmedia":[{"embeddable":true,"href":"https:\/\/elcronistadigital.com\/index.php?rest_route=\/wp\/v2\/media\/6126"}],"wp:attachment":[{"href":"https:\/\/elcronistadigital.com\/index.php?rest_route=%2Fwp%2Fv2%2Fmedia&parent=6125"}],"wp:term":[{"taxonomy":"category","embeddable":true,"href":"https:\/\/elcronistadigital.com\/index.php?rest_route=%2Fwp%2Fv2%2Fcategories&post=6125"},{"taxonomy":"post_tag","embeddable":true,"href":"https:\/\/elcronistadigital.com\/index.php?rest_route=%2Fwp%2Fv2%2Ftags&post=6125"}],"curies":[{"name":"wp","href":"https:\/\/api.w.org\/{rel}","templated":true}]}}