{"id":6511,"date":"2012-04-26T16:02:34","date_gmt":"2012-04-26T22:02:34","guid":{"rendered":"http:\/\/elcronistadigital.com\/?p=6511"},"modified":"2012-04-26T16:02:34","modified_gmt":"2012-04-26T22:02:34","slug":"vicepresidente-de-taiwan-se-reunion-con-bayardo-arce","status":"publish","type":"post","link":"https:\/\/elcronistadigital.com\/?p=6511","title":{"rendered":"Vicepresidente de Taiw\u00e1n se reuni\u00f3n con Bayardo Arce"},"content":{"rendered":"<div id=\"attachment_6512\" style=\"width: 310px\" class=\"wp-caption alignright\"><a rel=\"attachment wp-att-6512\" href=\"https:\/\/elcronistadigital.com\/?attachment_id=6512\"><img loading=\"lazy\" decoding=\"async\" aria-describedby=\"caption-attachment-6512\" class=\"size-medium wp-image-6512\" title=\"Vicepresidente de Taiwan y Sr. Arce Casta\u00f1o\" src=\"https:\/\/elcronistadigital.com\/wp-content\/uploads\/2012\/04\/Vicepresidente-de-Taiwan-y-Sr.-Arce-Casta\u00f1o-300x200.jpg\" alt=\"\" width=\"300\" height=\"200\" srcset=\"https:\/\/elcronistadigital.com\/wp-content\/uploads\/2012\/04\/Vicepresidente-de-Taiwan-y-Sr.-Arce-Casta\u00f1o-300x200.jpg 300w, https:\/\/elcronistadigital.com\/wp-content\/uploads\/2012\/04\/Vicepresidente-de-Taiwan-y-Sr.-Arce-Casta\u00f1o-342x227.jpg 342w, https:\/\/elcronistadigital.com\/wp-content\/uploads\/2012\/04\/Vicepresidente-de-Taiwan-y-Sr.-Arce-Casta\u00f1o.jpg 600w\" sizes=\"auto, (max-width: 300px) 100vw, 300px\" \/><\/a><p id=\"caption-attachment-6512\" class=\"wp-caption-text\">Vincent Siew, vicepresidente de Taiw\u00e1, con el asesor nicarag\u00fcense Bayardo Arce.<\/p><\/div>\n<p>El Vicepresidente de la Rep\u00fablica de China (Taiw\u00e1n) Sr. Vincent Siew, recibi\u00f3 en el Palacio Presidencial al asesor econ\u00f3mico de la Presidencia de Nicaragua Sr. Bayardo Arce Casta\u00f1o. El prop\u00f3sito de esta reuni\u00f3n fue estrechar y fortalecer lazos de amistad y cooperaci\u00f3n entre ambos pa\u00edses.<\/p>\n<p>Durante la reuni\u00f3n, el Vicepresidente taiwan\u00e9s aprovech\u00f3 la oportunidad para felicitar de nuevo al reci\u00e9n electo presidente de Nicaragua Sr. Daniel Ortega Saavedra,y explic\u00f3 que el presidente Ma Ying Jeou no pudo asistir por encontrarse en campa\u00f1a electoral, as\u00ed mismo transmiti\u00f3 la invitaci\u00f3n cordial de parte del presidente Ma para que el presidente Ortega y su excelent\u00edsima esposa, realicen una visita oficial a Taiw\u00e1n.<\/p>\n<p>El Sr. Siew se refiri\u00f3 tambi\u00e9n a los avances en las relaciones reconciliadoras entre los dos lados del Estrecho de Taiw\u00e1n en los \u00faltimos a\u00f1os, y destac\u00f3 el ambiente facilitador despu\u00e9s de la firma del hist\u00f3rico Acuerdo Macro de Cooperaci\u00f3n Econ\u00f3mica (ECFA, siglas en ingl\u00e9s).<\/p>\n<p>En la audiencia, el Sr. Bayardo Arce estuvo acompa\u00f1ado por su esposa, por el Vicecanciller de Taiw\u00e1n, Sr. Sim\u00f3n Ko y el embajador de Nicaragua en Taiw\u00e1n, Sr. William Tapia. En esta gira de trabajo el Sr. Arce se encuentra acompa\u00f1ado por la Directora General para Asia, \u00c1frica, Ocean\u00eda y otros de la Canciller\u00eda de Nicaragua, Sra. Rossana Espinoza.<\/p>\n<p>&nbsp;<\/p>\n","protected":false},"excerpt":{"rendered":"<p>El Vicepresidente de la Rep\u00fablica de China (Taiw\u00e1n) Sr. Vincent Siew, recibi\u00f3 en el Palacio Presidencial al asesor econ\u00f3mico de la Presidencia de Nicaragua Sr. Bayardo Arce Casta\u00f1o. El prop\u00f3sito de esta reuni\u00f3n fue estrechar y fortalecer lazos de amistad y cooperaci\u00f3n entre ambos pa\u00edses. Durante la reuni\u00f3n, el Vicepresidente taiwan\u00e9s aprovech\u00f3 la oportunidad para [&hellip;]<\/p>\n","protected":false},"author":1,"featured_media":6512,"comment_status":"open","ping_status":"open","sticky":false,"template":"","format":"standard","meta":{"om_disable_all_campaigns":false,"_monsterinsights_skip_tracking":false,"_monsterinsights_sitenote_active":false,"_monsterinsights_sitenote_note":"","_monsterinsights_sitenote_category":0,"footnotes":""},"categories":[3,4],"tags":[],"class_list":["post-6511","post","type-post","status-publish","format-standard","has-post-thumbnail","hentry","category-nacionales","category-economia"],"aioseo_notices":[],"_links":{"self":[{"href":"https:\/\/elcronistadigital.com\/index.php?rest_route=\/wp\/v2\/posts\/6511","targetHints":{"allow":["GET"]}}],"collection":[{"href":"https:\/\/elcronistadigital.com\/index.php?rest_route=\/wp\/v2\/posts"}],"about":[{"href":"https:\/\/elcronistadigital.com\/index.php?rest_route=\/wp\/v2\/types\/post"}],"author":[{"embeddable":true,"href":"https:\/\/elcronistadigital.com\/index.php?rest_route=\/wp\/v2\/users\/1"}],"replies":[{"embeddable":true,"href":"https:\/\/elcronistadigital.com\/index.php?rest_route=%2Fwp%2Fv2%2Fcomments&post=6511"}],"version-history":[{"count":3,"href":"https:\/\/elcronistadigital.com\/index.php?rest_route=\/wp\/v2\/posts\/6511\/revisions"}],"predecessor-version":[{"id":6515,"href":"https:\/\/elcronistadigital.com\/index.php?rest_route=\/wp\/v2\/posts\/6511\/revisions\/6515"}],"wp:featuredmedia":[{"embeddable":true,"href":"https:\/\/elcronistadigital.com\/index.php?rest_route=\/wp\/v2\/media\/6512"}],"wp:attachment":[{"href":"https:\/\/elcronistadigital.com\/index.php?rest_route=%2Fwp%2Fv2%2Fmedia&parent=6511"}],"wp:term":[{"taxonomy":"category","embeddable":true,"href":"https:\/\/elcronistadigital.com\/index.php?rest_route=%2Fwp%2Fv2%2Fcategories&post=6511"},{"taxonomy":"post_tag","embeddable":true,"href":"https:\/\/elcronistadigital.com\/index.php?rest_route=%2Fwp%2Fv2%2Ftags&post=6511"}],"curies":[{"name":"wp","href":"https:\/\/api.w.org\/{rel}","templated":true}]}}