{"id":6527,"date":"2012-04-27T15:14:52","date_gmt":"2012-04-27T21:14:52","guid":{"rendered":"http:\/\/elcronistadigital.com\/?p=6527"},"modified":"2012-04-27T15:14:52","modified_gmt":"2012-04-27T21:14:52","slug":"en-espana-nos-dejan-morir","status":"publish","type":"post","link":"https:\/\/elcronistadigital.com\/?p=6527","title":{"rendered":"En Espa\u00f1a nos dejan morir"},"content":{"rendered":"<div id=\"attachment_6529\" style=\"width: 310px\" class=\"wp-caption alignright\"><a rel=\"attachment wp-att-6529\" href=\"https:\/\/elcronistadigital.com\/?attachment_id=6529\"><img loading=\"lazy\" decoding=\"async\" aria-describedby=\"caption-attachment-6529\" class=\"size-medium wp-image-6529\" title=\"inmigrantes en Espa\u00f1a\" src=\"https:\/\/elcronistadigital.com\/wp-content\/uploads\/2012\/04\/inmigrantes-en-Espa\u00f1a1-300x225.jpg\" alt=\"\" width=\"300\" height=\"225\" srcset=\"https:\/\/elcronistadigital.com\/wp-content\/uploads\/2012\/04\/inmigrantes-en-Espa\u00f1a1-300x225.jpg 300w, https:\/\/elcronistadigital.com\/wp-content\/uploads\/2012\/04\/inmigrantes-en-Espa\u00f1a1-342x256.jpg 342w, https:\/\/elcronistadigital.com\/wp-content\/uploads\/2012\/04\/inmigrantes-en-Espa\u00f1a1-60x45.jpg 60w, https:\/\/elcronistadigital.com\/wp-content\/uploads\/2012\/04\/inmigrantes-en-Espa\u00f1a1-150x113.jpg 150w, https:\/\/elcronistadigital.com\/wp-content\/uploads\/2012\/04\/inmigrantes-en-Espa\u00f1a1-269x201.jpg 269w, https:\/\/elcronistadigital.com\/wp-content\/uploads\/2012\/04\/inmigrantes-en-Espa\u00f1a1.jpg 590w\" sizes=\"auto, (max-width: 300px) 100vw, 300px\" \/><\/a><p id=\"caption-attachment-6529\" class=\"wp-caption-text\">Inmigrantes buscando asistencia social en Espa\u00f1a.<\/p><\/div>\n<p>Una nicarag\u00fcense de 33 a\u00f1os que padece una rara enfermedad, podr\u00eda enfrentarse a la muerte a partir del 1 de septiembre pr\u00f3ximo en Espa\u00f1a, fecha l\u00edmite que el gobierno del presidente derechista Mariano Rajoy, fij\u00f3 para brindar atenci\u00f3n m\u00e9dica a los ilegales.<\/p>\n<p>Aqu\u00ed la nota publicada en diarios espa\u00f1oles y argentinos:<\/p>\n<p>Desde el 1 de setiembre, los extranjeros en Espa\u00f1a, en situaci\u00f3n irregular, s\u00f3lo tendr\u00e1n derecho a pediatr\u00eda, asistencia al embarazo y urgencias. El gobierno de Rajoy busca ahorrar 7.000 millones de euros. Unos 150.000 argentinos se ver\u00edan afectados por la restricci\u00f3n.<\/p>\n<p>Edici\u00f3n Impresa: viernes, 27 de abril de 2012<\/p>\n<p>Enfrentado a una crisis que arrastr\u00f3 de nuevo al pa\u00eds a la recesi\u00f3n y determinado a reducir el d\u00e9ficit al 5,3% del PBI, desde el 8,51% de 2011, el Gobierno espa\u00f1ol decidi\u00f3, entre otras medidas, limitar la salud p\u00fablica a los \u00abresidentes autorizados\u00bb.<\/p>\n<p>As\u00ed, a partir del 1 de setiembre, los inmigrantes irregulares o ilegales s\u00f3lo tendr\u00e1n derecho a pediatr\u00eda, asistencia al embarazo y atenci\u00f3n de urgencias, una medida con la que el gobierno espera ahorrar 500 millones de euros y que, seg\u00fan la ministra de Salud, Ana Mato, pone a Espa\u00f1a \u00abal nivel de otros pa\u00edses de la Uni\u00f3n Europea\u00bb.<\/p>\n<p><strong>500 mil personas que llevan sus genes<\/strong><\/p>\n<p>&nbsp;<\/p>\n<p>La restricci\u00f3n afectar\u00e1 a un universo de inmigrantes calculado en 500.000 personas, provenientes principalmente de Am\u00e9rica Latina, el norte de \u00c1frica y el este de Europa.<\/p>\n<p>&nbsp;<\/p>\n<p>De ese total, seg\u00fan cifras aportadas por el diario espa\u00f1ol La Vanguardia, unos 150.000 ser\u00edan argentinos, lo que los convertir\u00eda en la comunidad extranjera en situaci\u00f3n irregular m\u00e1s numerosa.<\/p>\n<p>&nbsp;<\/p>\n<p>Este \u00faltimo n\u00famero surge de datos publicados por el Instituto Nacional de Estad\u00edsticas espa\u00f1ol en 2009 y 2010, cuando ten\u00edan registrados a 290.281 argentinos \u00abempadronados\u00bb, es decir argentinos que hab\u00edan llegado a Espa\u00f1a aproximadamente entre 1985 y 2010.<\/p>\n<p>&nbsp;<\/p>\n<p>De ese total, 93.335 pose\u00edan la ciudadan\u00eda espa\u00f1ola. Si se toma en cuenta que unos 50.000 registraron su egreso de aeropuertos espa\u00f1oles, embarcados de vuelta a Argentina, restan unos 150.000, que es la cifra presunta de irregulares.<\/p>\n<p>&nbsp;<\/p>\n<p><strong>La nica Carmen Mar\u00eda<\/strong><\/p>\n<p>&nbsp;<\/p>\n<p>Un caso testigo es el de Carmen Mar\u00eda, una nicarag\u00fcense de 33 a\u00f1os que prefiere no dar su apellido. Gracias al seguimiento m\u00e9dico gratuito, ella puede vivir en Espa\u00f1a con una enfermedad incurable pese a no tener papeles, pero su tratamiento tiene los d\u00edas contados en un pa\u00eds que, para reducir el gasto p\u00fablico, se dispone a dejar sin sanidad a los inmigrantes irregulares.<\/p>\n<p>&nbsp;<\/p>\n<p>Carmen Mar\u00eda lleg\u00f3 a Espa\u00f1a a principios de 2010 y desde entonces, pese a trabajar como empleada del hogar, no logr\u00f3 un permiso de residencia. Pero, en un pa\u00eds que ten\u00eda como orgullo su atenci\u00f3n m\u00e9dica universal, esto no le impidi\u00f3 recibir asistencia especializada cuando, hace diez meses, le descubrieron una dermatomiositis.<\/p>\n<p>&nbsp;<\/p>\n<p>\u00abEs una enfermedad denominada rara y tengo que estar en chequeo constante con el m\u00e9dico\u00bb, explica sobre esta patolog\u00eda de la piel que puede ir asociada con el c\u00e1ncer y que \u00aben Nicaragua ni se conoce\u00bb.<\/p>\n<p>&nbsp;<\/p>\n<p><strong>Condenada a morir<\/strong><\/p>\n<p>&nbsp;<\/p>\n<p>\u00abNo puedo pasar un mes sin ir al m\u00e9dico porque qu\u00e9 s\u00e9 yo si en la anal\u00edtica de este mes sali\u00f3 que ya tengo un tumor en alguna parte\u00bb, se preocupa Carmen Mar\u00eda, que dej\u00f3 esposo y cuatro hijos en su pa\u00eds.<\/p>\n<p>&nbsp;<\/p>\n<p>\u00abEstoy aqu\u00ed sola, no tengo a nadie\u00bb, dice con voz temblorosa. Por eso acudi\u00f3 a SOS Racismo en busca de ayuda.<\/p>\n<p>&nbsp;<\/p>\n<p>Esta ONG, como muchas otras de defensa de los inmigrantes, dio la voz de alarma tras conocerse el plan de rigor con el que el gobierno conservador de Mariano Rajoy pretende ahorrar 7.000 millones de euros en salud p\u00fablica.<\/p>\n<p>&nbsp;<\/p>\n<p><strong>Situaci\u00f3n peligrosa<\/strong><\/p>\n<p>&nbsp;<\/p>\n<p>Para Vladimir Paspuel, presidente de la asociaci\u00f3n hispano-ecuatoriana Rumi\u00f1ahui, \u00abes una situaci\u00f3n muy peligrosa\u00bb.<\/p>\n<p>&nbsp;<\/p>\n<p>Puede implicar \u00abun riesgo a la vida por enfermedades que no se traten a tiempo\u00bb, dice rodeado de expedientes en su peque\u00f1o local del popular barrio madrile\u00f1o de Pueblo Nuevo donde una decena de personas ofrecen asistencia jur\u00eddica, laboral y social a los inmigrantes.<\/p>\n<p>&nbsp;<\/p>\n<p>\u00abDa adem\u00e1s un mensaje subliminal a la sociedad espa\u00f1ola, como diciendo: ?son los inmigrantes irregulares los que se est\u00e1n llevando el dinero, son los que est\u00e1n generando la crisis'\u00bb, fustiga.<\/p>\n<p>&nbsp;<\/p>\n<p><strong>Brindan falsas estad\u00edsticas<\/strong><\/p>\n<p>&nbsp;<\/p>\n<p>Para desmontar esta creencia, varias ONG divulgaron en los \u00faltimos d\u00edas estudios seg\u00fan los cuales los inmigrantes van menos al m\u00e9dico que los espa\u00f1oles.<\/p>\n<p>&nbsp;<\/p>\n<p>Uno de ellos, realizado por m\u00e9dicos de Zaragoza y citado por M\u00e9dicos del Mundo, se\u00f1ala que los inmigrantes adultos acuden a la sanidad una media de 4,2 veces frente a 6,7 para los espa\u00f1oles.<\/p>\n<p>&nbsp;<\/p>\n<p>Otro, realizado por un t\u00e9cnico de la salud p\u00fablica de Madrid y recogido por el diario El Pa\u00eds, situ\u00f3 la media de los extranjeros en 5,05 veces frente a 7,65 para los espa\u00f1oles.<\/p>\n<p>&nbsp;<\/p>\n<p>Esta \u00abirregularidad sobrevenida\u00bb golpea cada vez m\u00e1s a extranjeros que ten\u00edan una situaci\u00f3n legal, pagaron sus impuestos y aportaron a la seguridad social hasta que perdieron su trabajo en un pa\u00eds con un desempleo del 23%, m\u00e1s del 40% entre inmigrantes.<\/p>\n","protected":false},"excerpt":{"rendered":"<p>Una nicarag\u00fcense de 33 a\u00f1os que padece una rara enfermedad, podr\u00eda enfrentarse a la muerte a partir del 1 de septiembre pr\u00f3ximo en Espa\u00f1a, fecha l\u00edmite que el gobierno del presidente derechista Mariano Rajoy, fij\u00f3 para brindar atenci\u00f3n m\u00e9dica a los ilegales. Aqu\u00ed la nota publicada en diarios espa\u00f1oles y argentinos: Desde el 1 de [&hellip;]<\/p>\n","protected":false},"author":1,"featured_media":6529,"comment_status":"open","ping_status":"open","sticky":false,"template":"","format":"standard","meta":{"om_disable_all_campaigns":false,"_monsterinsights_skip_tracking":false,"_monsterinsights_sitenote_active":false,"_monsterinsights_sitenote_note":"","_monsterinsights_sitenote_category":0,"footnotes":""},"categories":[3,13],"tags":[],"class_list":["post-6527","post","type-post","status-publish","format-standard","has-post-thumbnail","hentry","category-nacionales","category-portada"],"aioseo_notices":[],"_links":{"self":[{"href":"https:\/\/elcronistadigital.com\/index.php?rest_route=\/wp\/v2\/posts\/6527","targetHints":{"allow":["GET"]}}],"collection":[{"href":"https:\/\/elcronistadigital.com\/index.php?rest_route=\/wp\/v2\/posts"}],"about":[{"href":"https:\/\/elcronistadigital.com\/index.php?rest_route=\/wp\/v2\/types\/post"}],"author":[{"embeddable":true,"href":"https:\/\/elcronistadigital.com\/index.php?rest_route=\/wp\/v2\/users\/1"}],"replies":[{"embeddable":true,"href":"https:\/\/elcronistadigital.com\/index.php?rest_route=%2Fwp%2Fv2%2Fcomments&post=6527"}],"version-history":[{"count":3,"href":"https:\/\/elcronistadigital.com\/index.php?rest_route=\/wp\/v2\/posts\/6527\/revisions"}],"predecessor-version":[{"id":6532,"href":"https:\/\/elcronistadigital.com\/index.php?rest_route=\/wp\/v2\/posts\/6527\/revisions\/6532"}],"wp:featuredmedia":[{"embeddable":true,"href":"https:\/\/elcronistadigital.com\/index.php?rest_route=\/wp\/v2\/media\/6529"}],"wp:attachment":[{"href":"https:\/\/elcronistadigital.com\/index.php?rest_route=%2Fwp%2Fv2%2Fmedia&parent=6527"}],"wp:term":[{"taxonomy":"category","embeddable":true,"href":"https:\/\/elcronistadigital.com\/index.php?rest_route=%2Fwp%2Fv2%2Fcategories&post=6527"},{"taxonomy":"post_tag","embeddable":true,"href":"https:\/\/elcronistadigital.com\/index.php?rest_route=%2Fwp%2Fv2%2Ftags&post=6527"}],"curies":[{"name":"wp","href":"https:\/\/api.w.org\/{rel}","templated":true}]}}