{"id":668,"date":"2010-05-13T01:05:01","date_gmt":"2010-05-13T01:05:01","guid":{"rendered":"http:\/\/elcronistadigital.com\/?p=668"},"modified":"2011-06-02T01:06:20","modified_gmt":"2011-06-02T01:06:20","slug":"union-europea-y-centroamerica-en-nuevo-intento-de-asociacion","status":"publish","type":"post","link":"https:\/\/elcronistadigital.com\/?p=668","title":{"rendered":"Uni\u00f3n Europea y Centroam\u00e9rica en nuevo intento de asociaci\u00f3n"},"content":{"rendered":"<p>\u00a0<\/p>\n<div><a href=\"https:\/\/elcronistadigital.com\/wp-content\/uploads\/2011\/06\/GANADO_DE_CRIA.jpg\"><img loading=\"lazy\" decoding=\"async\" class=\"alignleft size-full wp-image-669\" title=\"GANADO_DE_CRIA\" src=\"https:\/\/elcronistadigital.com\/wp-content\/uploads\/2011\/06\/GANADO_DE_CRIA.jpg\" alt=\"\" width=\"300\" height=\"225\" \/><\/a>\u00a0<\/div>\n<p style=\"text-align: justify;\">Los productos l\u00e1cteos son una de las trabas en pl\u00e1ticas con la Uni\u00f3n Europea.<\/p>\n<p style=\"text-align: justify;\">Madrid.-La UE y Centroam\u00e9rica retoman este jueves en Madrid las negociaciones para concluir un acuerdo de asociaci\u00f3n que la Presidencia espa\u00f1ola de la Uni\u00f3n ve posible firmar en la cumbre que las dos partes celebrar\u00e1n el pr\u00f3ximo 19 de mayo en la capital.<\/p>\n<p style=\"text-align: justify;\">El secretario de Estado para Iberoam\u00e9rica, Juan Pablo de Laiglesia, conf\u00eda en que esta nueva ronda negociadora, que se prolongar\u00e1 \u00abel tiempo que sea necesario\u00bb, permita cerrar los \u00abflecos\u00bb pendientes en los cap\u00edtulos pol\u00edtico y comercial del acuerdo.<\/p>\n<p style=\"text-align: justify;\">La UE estar\u00e1 representada en esas conversaciones por el negociador de la Comisi\u00f3n Europea designado para tal efecto, Jo\u00e3o Aguiar, quien se reunir\u00e1 con representantes de los Gobiernos centroamericanos despu\u00e9s de que Bruselas anunciara la pasada semana que las negociaciones con Costa Rica, El Salvador, Guatemala, Honduras, Nicaragua y Panam\u00e1 hab\u00edan quedado \u00aben suspenso\u00bb por la falta de avances a la hora de resolver los escollos pendientes.<\/p>\n<p style=\"text-align: justify;\">El lunes, el ministro de Asuntos Exteriores y Cooperaci\u00f3n espa\u00f1ol, Miguel \u00c1ngel Moratinos, confirmaba que se reanudar\u00edan y le rest\u00f3 importancia al par\u00f3n: \u00abSiempre, cuando se est\u00e1 al final del acuerdo se producen este tipo de situaciones donde hay posiciones de bloqueo\u00bb, afirm\u00f3.<\/p>\n<p style=\"text-align: justify;\">Bruselas las dio por suspendidas debido a la falta de avances en el cap\u00edtulo comercial. En concreto, son las cuestiones agr\u00edcolas las que presentan mayores dificultades, sobre todo respecto a la apertura del mercado centroamericano a algunos productos l\u00e1cteos, textiles y las llamadas indicaciones geogr\u00e1ficas, que suponen reconocer ciertas especificaciones para los productos europeos.<\/p>\n<p style=\"text-align: justify;\">Fricciones<\/p>\n<p style=\"text-align: justify;\">En el cap\u00edtulo pol\u00edtico, falta por concretar la llamada cl\u00e1usula transversal que permitir\u00eda a la UE suspender los beneficios del acuerdo \u00aben el supuesto de que se produzcan situaciones en materia de violaci\u00f3n de derechos humanos o interrupci\u00f3n de la normalidad institucional o gobernabilidad\u00bb en algunos de los pa\u00edses firmantes. A\u00fan se negocia en qu\u00e9 condiciones se aplicar\u00eda y qu\u00e9 l\u00edmites tendr\u00eda, precis\u00f3 el secretario de Estado a Europa Press.<\/p>\n<p style=\"text-align: justify;\">De Laiglesia conf\u00eda en que de aqu\u00ed a la Cumbre UE-Centroam\u00e9rica del 19 de mayo se llegue a un acuerdo \u00absobre todos estos flecos\u00bb, que ser\u00e1 de aplicaci\u00f3n inmediata, aunque posteriormente habr\u00e1 de ser ratificado por el Parlamento Europeo y las c\u00e1maras legislativas de los pa\u00edses centroamericanos.<\/p>\n<p style=\"text-align: justify;\">El secretario de Estado confirm\u00f3 que los acuerdos de asociaci\u00f3n de la UE con Per\u00fa y Colombia que tambi\u00e9n se prev\u00e9 firmar la semana pr\u00f3xima se encuentran \u00abformalmente cerrados\u00bb.<\/p>\n<p style=\"text-align: justify;\">\u00bfNegociar con Mercosur?<br \/>\nAdem\u00e1s, mostr\u00f3 su convencimiento de que los l\u00edderes de la UE y del Mercosur, que se reunir\u00e1n el 17 de mayo en Madrid, ratificar\u00e1n la voluntad ya expresada por la Comisi\u00f3n Europea para \u00abreabrir las negociaciones\u00bb que llevan suspendidas desde 2004 y establecer una hoja de ruta de cara para la conclusi\u00f3n definitiva del acuerdo. La Presidencia espa\u00f1ola de la UE tambi\u00e9n apoya que se retome el di\u00e1logo.<\/p>\n<p style=\"text-align: justify;\">Los ministros de Agricultura de la UE abordar\u00e1n ese mismo d\u00eda el impacto que podr\u00eda tener en la agricultura europea un acuerdo de asociaci\u00f3n con los pa\u00edses de Mercosur que, seg\u00fan los c\u00e1lculos de Bruselas, supondr\u00eda para la Uni\u00f3n Europea un beneficio econ\u00f3mico anual de 4.500 millones de euros en forma de incremento de las exportaciones.<\/p>\n<p style=\"text-align: justify;\">Francia, que rechaza de plano retomar las conversaciones suspendidas desde 2004, y otras siete delegaciones han pedido que este punto se aborde en el Consejo de Agricultura de la UE porque consideran que el anuncio de Bruselas de retomar las negociaciones con Mercosur \u00abenv\u00eda una se\u00f1al negativa para los agricultores europeos, que ya se enfrentan a desaf\u00edos muy relevantes\u00bb.<\/p>\n<p style=\"text-align: justify;\">Todos estos acuerdos se firmar\u00e1n o debatir\u00e1n en torno a los d\u00edas 17 y 18, cuando se celebre en Madrid la cumbre global entre la UE y los pa\u00edses de Am\u00e9rica Latina y el Caribe.<br \/>\nEuropa Press<\/p>\n","protected":false},"excerpt":{"rendered":"<p>\u00a0 \u00a0 Los productos l\u00e1cteos son una de las trabas en pl\u00e1ticas con la Uni\u00f3n Europea. Madrid.-La UE y Centroam\u00e9rica retoman este jueves en Madrid las negociaciones para concluir un acuerdo de asociaci\u00f3n que la Presidencia espa\u00f1ola de la Uni\u00f3n ve posible firmar en la cumbre que las dos partes celebrar\u00e1n el pr\u00f3ximo 19 de [&hellip;]<\/p>\n","protected":false},"author":1,"featured_media":669,"comment_status":"open","ping_status":"open","sticky":false,"template":"","format":"standard","meta":{"om_disable_all_campaigns":false,"_monsterinsights_skip_tracking":false,"_monsterinsights_sitenote_active":false,"_monsterinsights_sitenote_note":"","_monsterinsights_sitenote_category":0,"footnotes":""},"categories":[4],"tags":[],"class_list":["post-668","post","type-post","status-publish","format-standard","has-post-thumbnail","hentry","category-economia"],"aioseo_notices":[],"_links":{"self":[{"href":"https:\/\/elcronistadigital.com\/index.php?rest_route=\/wp\/v2\/posts\/668","targetHints":{"allow":["GET"]}}],"collection":[{"href":"https:\/\/elcronistadigital.com\/index.php?rest_route=\/wp\/v2\/posts"}],"about":[{"href":"https:\/\/elcronistadigital.com\/index.php?rest_route=\/wp\/v2\/types\/post"}],"author":[{"embeddable":true,"href":"https:\/\/elcronistadigital.com\/index.php?rest_route=\/wp\/v2\/users\/1"}],"replies":[{"embeddable":true,"href":"https:\/\/elcronistadigital.com\/index.php?rest_route=%2Fwp%2Fv2%2Fcomments&post=668"}],"version-history":[{"count":4,"href":"https:\/\/elcronistadigital.com\/index.php?rest_route=\/wp\/v2\/posts\/668\/revisions"}],"predecessor-version":[{"id":672,"href":"https:\/\/elcronistadigital.com\/index.php?rest_route=\/wp\/v2\/posts\/668\/revisions\/672"}],"wp:featuredmedia":[{"embeddable":true,"href":"https:\/\/elcronistadigital.com\/index.php?rest_route=\/wp\/v2\/media\/669"}],"wp:attachment":[{"href":"https:\/\/elcronistadigital.com\/index.php?rest_route=%2Fwp%2Fv2%2Fmedia&parent=668"}],"wp:term":[{"taxonomy":"category","embeddable":true,"href":"https:\/\/elcronistadigital.com\/index.php?rest_route=%2Fwp%2Fv2%2Fcategories&post=668"},{"taxonomy":"post_tag","embeddable":true,"href":"https:\/\/elcronistadigital.com\/index.php?rest_route=%2Fwp%2Fv2%2Ftags&post=668"}],"curies":[{"name":"wp","href":"https:\/\/api.w.org\/{rel}","templated":true}]}}