{"id":677,"date":"2010-05-28T01:09:23","date_gmt":"2010-05-28T01:09:23","guid":{"rendered":"http:\/\/elcronistadigital.com\/?p=677"},"modified":"2011-06-02T01:09:41","modified_gmt":"2011-06-02T01:09:41","slug":"moodys-eleva-calificacion-credito-de-nicaragua-a-b3","status":"publish","type":"post","link":"https:\/\/elcronistadigital.com\/?p=677","title":{"rendered":"Moody&#8217;s eleva calificaci\u00f3n cr\u00e9dito de Nicaragua a \u00abB3\u00bb"},"content":{"rendered":"<p><a href=\"https:\/\/elcronistadigital.com\/wp-content\/uploads\/2011\/06\/moodys.jpg\"><img loading=\"lazy\" decoding=\"async\" class=\"alignleft size-full wp-image-678\" title=\"moodys\" src=\"https:\/\/elcronistadigital.com\/wp-content\/uploads\/2011\/06\/moodys.jpg\" alt=\"\" width=\"300\" height=\"223\" \/><\/a><\/p>\n<p style=\"text-align: justify;\">NUEVA YORK &#8211; Moody&#8217;s Investors Service elev\u00f3 el mi\u00e9rcoles su calificaci\u00f3n crediticia de la deuda en moneda extranjera de Nicaragua en un escal\u00f3n a \u00abB3\u00bb desde \u00abCaa1\u00bb, para alinearla con su nota de bonos dom\u00e9sticos.<\/p>\n<p style=\"text-align: justify;\">\u00abEsta medida refleja nuestra visi\u00f3n de que, con raras excepciones, es igualmente probable que un Gobierno caiga en moratoria de sus obligaciones en moneda dom\u00e9stica o extranjera\u00bb, dijo el analista de deuda soberana de Moody&#8217;s, Gabriel Torres.<\/p>\n<p style=\"text-align: justify;\">El panorama de sus calificaciones de grado altamente especulativo para el pa\u00eds centroamericano es estable.<\/p>\n<p style=\"text-align: justify;\">Moody&#8217;s dijo que la baja calificaci\u00f3n refleja la \u00abmuy d\u00e9bil posici\u00f3n econ\u00f3mica de Nicaragua y las continuas preocupaciones sobre la estabilidad financiera e institucional, con mejor\u00edas en las principales m\u00e9tricas de deuda y en general bajos d\u00e9ficits fiscales\u00bb.<\/p>\n<p style=\"text-align: justify;\">El bajo desarrollo econ\u00f3mico se mantiene como una presi\u00f3n sobre las notas de largo plazo.<\/p>\n<p style=\"text-align: justify;\">Adem\u00e1s, el riesgo pol\u00edtico es una consideraci\u00f3n en la actual calificaci\u00f3n.<\/p>\n<p style=\"text-align: justify;\">\u00abLa polarizaci\u00f3n pol\u00edtica se ha incrementado en el pa\u00eds en la antesala de las elecciones presidenciales del pr\u00f3ximo a\u00f1o. Apoyando las calificaciones gubernamentales est\u00e1n las mejoras a las principales m\u00e9tricas de deuda, resultado de condonaciones de deuda internacional\u00bb, dijo Moody&#8217;s.<\/p>\n<p style=\"text-align: justify;\">Moody&#8217;s cit\u00f3 que la deuda como porcentaje del Producto Interno Bruto caer\u00eda a un estimado 45 por ciento este a\u00f1o, desde m\u00e1s del 130 por ciento en el 2003.<\/p>\n","protected":false},"excerpt":{"rendered":"<p>NUEVA YORK &#8211; Moody&#8217;s Investors Service elev\u00f3 el mi\u00e9rcoles su calificaci\u00f3n crediticia de la deuda en moneda extranjera de Nicaragua en un escal\u00f3n a \u00abB3\u00bb desde \u00abCaa1\u00bb, para alinearla con su nota de bonos dom\u00e9sticos. \u00abEsta medida refleja nuestra visi\u00f3n de que, con raras excepciones, es igualmente probable que un Gobierno caiga en moratoria de [&hellip;]<\/p>\n","protected":false},"author":1,"featured_media":678,"comment_status":"open","ping_status":"open","sticky":false,"template":"","format":"standard","meta":{"om_disable_all_campaigns":false,"_monsterinsights_skip_tracking":false,"_monsterinsights_sitenote_active":false,"_monsterinsights_sitenote_note":"","_monsterinsights_sitenote_category":0,"footnotes":""},"categories":[4],"tags":[],"class_list":["post-677","post","type-post","status-publish","format-standard","has-post-thumbnail","hentry","category-economia"],"aioseo_notices":[],"_links":{"self":[{"href":"https:\/\/elcronistadigital.com\/index.php?rest_route=\/wp\/v2\/posts\/677","targetHints":{"allow":["GET"]}}],"collection":[{"href":"https:\/\/elcronistadigital.com\/index.php?rest_route=\/wp\/v2\/posts"}],"about":[{"href":"https:\/\/elcronistadigital.com\/index.php?rest_route=\/wp\/v2\/types\/post"}],"author":[{"embeddable":true,"href":"https:\/\/elcronistadigital.com\/index.php?rest_route=\/wp\/v2\/users\/1"}],"replies":[{"embeddable":true,"href":"https:\/\/elcronistadigital.com\/index.php?rest_route=%2Fwp%2Fv2%2Fcomments&post=677"}],"version-history":[{"count":2,"href":"https:\/\/elcronistadigital.com\/index.php?rest_route=\/wp\/v2\/posts\/677\/revisions"}],"predecessor-version":[{"id":680,"href":"https:\/\/elcronistadigital.com\/index.php?rest_route=\/wp\/v2\/posts\/677\/revisions\/680"}],"wp:featuredmedia":[{"embeddable":true,"href":"https:\/\/elcronistadigital.com\/index.php?rest_route=\/wp\/v2\/media\/678"}],"wp:attachment":[{"href":"https:\/\/elcronistadigital.com\/index.php?rest_route=%2Fwp%2Fv2%2Fmedia&parent=677"}],"wp:term":[{"taxonomy":"category","embeddable":true,"href":"https:\/\/elcronistadigital.com\/index.php?rest_route=%2Fwp%2Fv2%2Fcategories&post=677"},{"taxonomy":"post_tag","embeddable":true,"href":"https:\/\/elcronistadigital.com\/index.php?rest_route=%2Fwp%2Fv2%2Ftags&post=677"}],"curies":[{"name":"wp","href":"https:\/\/api.w.org\/{rel}","templated":true}]}}