{"id":6817,"date":"2012-05-16T09:11:37","date_gmt":"2012-05-16T15:11:37","guid":{"rendered":"http:\/\/elcronistadigital.com\/?p=6817"},"modified":"2012-05-16T09:11:37","modified_gmt":"2012-05-16T15:11:37","slug":"usaid-apoya-creacion-de-departamento-pyme-en-el-bac","status":"publish","type":"post","link":"https:\/\/elcronistadigital.com\/?p=6817","title":{"rendered":"USAID apoya creaci\u00f3n de Departamento Pyme en el BAC"},"content":{"rendered":"<p><a href=\"https:\/\/elcronistadigital.com\/?attachment_id=6818\" rel=\"attachment wp-att-6818\"><img loading=\"lazy\" decoding=\"async\" class=\"alignleft size-medium wp-image-6818\" title=\"FOTO CONVENIO BAC USAID 5\" src=\"https:\/\/elcronistadigital.com\/wp-content\/uploads\/2012\/05\/FOTO-CONVENIO-BAC-USAID-5-300x170.jpg\" alt=\"\" width=\"300\" height=\"170\" srcset=\"https:\/\/elcronistadigital.com\/wp-content\/uploads\/2012\/05\/FOTO-CONVENIO-BAC-USAID-5-300x170.jpg 300w, https:\/\/elcronistadigital.com\/wp-content\/uploads\/2012\/05\/FOTO-CONVENIO-BAC-USAID-5-342x193.jpg 342w, https:\/\/elcronistadigital.com\/wp-content\/uploads\/2012\/05\/FOTO-CONVENIO-BAC-USAID-5.jpg 448w\" sizes=\"auto, (max-width: 300px) 100vw, 300px\" \/><\/a>El Programa Empresas y Empleo de la Agencia de los Estados Unidos para el Desarrollo Internacional, USAID, suscribi\u00f3 un convenio con el Banco de Am\u00e9rica Central (BAC), con el objetivo de facilitar acceso al cr\u00e9dito a las Pymes nicarag\u00fcenses, mediante el fortalecimiento del departamento de Cr\u00e9ditos Pymes BAC.<\/p>\n<p>El Convenio fue suscrito por el Se\u00f1or Steve Gonyea, Jefe de la Oficina de Crecimiento Econ\u00f3mico de USAID; el Se\u00f1or Danilo Cruz-DePaula, Director del Programa Empresas y Empleo, USAID; y el Se\u00f1or Juan Carlos Sans\u00f3n, Gerente General del Banco de Am\u00e9rica Central (BAC).<\/p>\n<p>Mediante este convenio se facilitar\u00e1n m\u00e1s de U$20 millones en financiamiento a m\u00e1s de 500 Peque\u00f1os y Medianos empresarios Pymes, por un per\u00edodo de un a\u00f1o.<\/p>\n<p>El Programa Empresas y Empleo de USAID, como parte de su compromiso con el desarrollo econ\u00f3mico de Nicaragua se complace en celebrar la firma de este convenio con el Banco de Am\u00e9rica Central (BAC), mediante el cual se fortalecer\u00e1 la capacidad del banco de atender los cr\u00e9ditos a Pymes, desde un departamento especializado, que facilite una oferta crediticia- \u00e1gil, y con las mejores condiciones para las Pymes nicarag\u00fcenses.<\/p>\n<p>Adem\u00e1s, mediante este convenio, se impartir\u00e1n capacitaciones que aporten conocimientos b\u00e1sicos e importantes a clientes Pymes, contribuyendo a un mejor manejo de sus negocios y se fomentar\u00e1 que las Pymes accedan a otros servicios financieros necesarios para impulsar su desarrollo empresarial.<\/p>\n<p>El Programa Empresas y Empleo de USAID, tiene como objetivo crear nuevos empleos a trav\u00e9s del fortalecimiento de las Pymes. Un eje fundamental del fomento de la competitividad de las mismas es el acceso al cr\u00e9dito. En este sentido, como parte de las metas alcanzadas por el programa hasta la fecha, se ha logrado facilitar financiamiento a las Pymes por m\u00e1s de $10 millones de d\u00f3lares.<\/p>\n<p>BAC es una instituci\u00f3n financiera comprometida con el desarrollo de Nicaragua y con la colocaci\u00f3n de cartera de cr\u00e9dito a los principales sectores econ\u00f3micos y de desarrollo del pa\u00eds, es por eso que dentro de sus prioridades estrat\u00e9gicas est\u00e1 fomentar los negocios inclusivos por medio del financiamiento a PYMES Es en este enfoque que El Programa Empresas y Empleo encontr\u00f3 oportunidades para beneficiar de manera conjunta a este importante sector empresarial de Nicaragua.<\/p>\n<p>El Programa Empresas y Empleo de USAID, tiene tres ejes principales de trabajo: Desarrollo Empresarial; Desarrollo de Capital Humano; Capacidad de Comercio y Clima de Negocios.<\/p>\n<p>Para m\u00e1s informaci\u00f3n, contacte al Programa Empresas &amp; Empleo, financiado por USAID.<br \/>\nContacto para prensa: Programa Empresas y Empleo, Tel\u00e9fonos: 2278-2409 Ext. 112,115 Celular: 8373-1247<br \/>\nE-mail: empresasyempleo@carana.com http:\/\/www.facebook.com\/EmpresasyEmpleoNicaragua<\/p>\n","protected":false},"excerpt":{"rendered":"<p>El Programa Empresas y Empleo de la Agencia de los Estados Unidos para el Desarrollo Internacional, USAID, suscribi\u00f3 un convenio con el Banco de Am\u00e9rica Central (BAC), con el objetivo de facilitar acceso al cr\u00e9dito a las Pymes nicarag\u00fcenses, mediante el fortalecimiento del departamento de Cr\u00e9ditos Pymes BAC. El Convenio fue suscrito por el Se\u00f1or [&hellip;]<\/p>\n","protected":false},"author":1,"featured_media":6818,"comment_status":"open","ping_status":"open","sticky":false,"template":"","format":"standard","meta":{"om_disable_all_campaigns":false,"_monsterinsights_skip_tracking":false,"_monsterinsights_sitenote_active":false,"_monsterinsights_sitenote_note":"","_monsterinsights_sitenote_category":0,"footnotes":""},"categories":[14],"tags":[],"class_list":["post-6817","post","type-post","status-publish","format-standard","has-post-thumbnail","hentry","category-empresas"],"aioseo_notices":[],"_links":{"self":[{"href":"https:\/\/elcronistadigital.com\/index.php?rest_route=\/wp\/v2\/posts\/6817","targetHints":{"allow":["GET"]}}],"collection":[{"href":"https:\/\/elcronistadigital.com\/index.php?rest_route=\/wp\/v2\/posts"}],"about":[{"href":"https:\/\/elcronistadigital.com\/index.php?rest_route=\/wp\/v2\/types\/post"}],"author":[{"embeddable":true,"href":"https:\/\/elcronistadigital.com\/index.php?rest_route=\/wp\/v2\/users\/1"}],"replies":[{"embeddable":true,"href":"https:\/\/elcronistadigital.com\/index.php?rest_route=%2Fwp%2Fv2%2Fcomments&post=6817"}],"version-history":[{"count":3,"href":"https:\/\/elcronistadigital.com\/index.php?rest_route=\/wp\/v2\/posts\/6817\/revisions"}],"predecessor-version":[{"id":6821,"href":"https:\/\/elcronistadigital.com\/index.php?rest_route=\/wp\/v2\/posts\/6817\/revisions\/6821"}],"wp:featuredmedia":[{"embeddable":true,"href":"https:\/\/elcronistadigital.com\/index.php?rest_route=\/wp\/v2\/media\/6818"}],"wp:attachment":[{"href":"https:\/\/elcronistadigital.com\/index.php?rest_route=%2Fwp%2Fv2%2Fmedia&parent=6817"}],"wp:term":[{"taxonomy":"category","embeddable":true,"href":"https:\/\/elcronistadigital.com\/index.php?rest_route=%2Fwp%2Fv2%2Fcategories&post=6817"},{"taxonomy":"post_tag","embeddable":true,"href":"https:\/\/elcronistadigital.com\/index.php?rest_route=%2Fwp%2Fv2%2Ftags&post=6817"}],"curies":[{"name":"wp","href":"https:\/\/api.w.org\/{rel}","templated":true}]}}