{"id":7302,"date":"2012-06-06T17:14:08","date_gmt":"2012-06-06T23:14:08","guid":{"rendered":"http:\/\/elcronistadigital.com\/?p=7302"},"modified":"2014-01-13T21:46:17","modified_gmt":"2014-01-14T03:46:17","slug":"seguridad-ciudadana","status":"publish","type":"post","link":"https:\/\/elcronistadigital.com\/?p=7302","title":{"rendered":"Seguridad ciudadana"},"content":{"rendered":"<p><a href=\"https:\/\/elcronistadigital.com\/?attachment_id=7303\" rel=\"attachment wp-att-7303\"><img loading=\"lazy\" decoding=\"async\" class=\"alignleft size-medium wp-image-7303\" title=\"seguridad ciudadana\" src=\"https:\/\/elcronistadigital.com\/wp-content\/uploads\/2012\/06\/seguridad-ciudadana-300x225.jpg\" alt=\"\" width=\"300\" height=\"225\" srcset=\"https:\/\/elcronistadigital.com\/wp-content\/uploads\/2012\/06\/seguridad-ciudadana-300x225.jpg 300w, https:\/\/elcronistadigital.com\/wp-content\/uploads\/2012\/06\/seguridad-ciudadana-342x256.jpg 342w, https:\/\/elcronistadigital.com\/wp-content\/uploads\/2012\/06\/seguridad-ciudadana-60x45.jpg 60w, https:\/\/elcronistadigital.com\/wp-content\/uploads\/2012\/06\/seguridad-ciudadana-150x113.jpg 150w, https:\/\/elcronistadigital.com\/wp-content\/uploads\/2012\/06\/seguridad-ciudadana-269x201.jpg 269w, https:\/\/elcronistadigital.com\/wp-content\/uploads\/2012\/06\/seguridad-ciudadana.jpg 450w\" sizes=\"auto, (max-width: 300px) 100vw, 300px\" \/><\/a>Rub\u00e9n Aguilar Valenzuela<\/p>\n<p>&nbsp;<\/p>\n<p>El Programa de las Naciones Unidas para el Desarrollo (PNUD) prepar\u00f3 un documento a solicitud del gobierno de Colombia, el cual plantea muy bien qu\u00e9 debe entenderse por seguridad ciudadana p\u00fablica y c\u00f3mo de ella dependen la garant\u00eda de otros derechos.<\/p>\n<p>&nbsp;<\/p>\n<p>Es un texto t\u00e9cnico, \u201cSeguridad Ciudadana y Criminalidad Trasnacional Organizada\u201d, que en M\u00e9xico deber\u00eda conocer el gobierno, los partidos, los candidatos, la academia y todas las organizaciones de la sociedad civil.<\/p>\n<p>&nbsp;<\/p>\n<p>En \u00e9l se plantea que la seguridad ciudadana debe comprenderse como un bien p\u00fablico que se refiere a \u201cun orden ciudadano democr\u00e1tico que elimina las amenazas de la violencia en la poblaci\u00f3n y permite la convivencia segura y pac\u00edfica\u201d.<\/p>\n<p>&nbsp;<\/p>\n<p>De que se haga realidad depende la garant\u00eda de la seguridad humana.<\/p>\n<p>&nbsp;<\/p>\n<p>La seguridad ciudadana \u201ctiene un papel central en la vigencia y tutela de ciertos derechos, por lo que se puede afirmar que no puede haber seguridad ciudadana sin que el efectivo disfrute de aquellos derechos humanos inherentes al concepto de seguridad humana\u201d.<\/p>\n<p>&nbsp;<\/p>\n<p>Los derechos propios de la seguridad humana son el espectro amplio de lo que se conoce como derechos humanos, de diversa generaci\u00f3n, como el \u201cderecho a la vida, a la integridad personal y otros derechos inherentes al \u00e1mbito m\u00e1s personal (inviolabilidad del domicilio, libertad de tr\u00e1nsito, disfrute del patrimonio&#8230;)\u201d.<\/p>\n<p>&nbsp;<\/p>\n<p>En el \u00e1mbito de la explicaci\u00f3n de lo que es la seguridad humana, el documento plantea que \u201cla falta de empleo, la pobreza, la inequidad o la carencia de libertades (&#8230;) no constituyen violencia o inseguridad por s\u00ed mismos, aunque s\u00ed condiciones propicias y amenazas directas a la seguridad y a la convivencia ciudadana en cualquier sociedad\u201d.<\/p>\n<p>&nbsp;<\/p>\n<p>\u201cLa seguridad ciudadana -afirma el texto- no debe ser vista exclusivamente como una reducci\u00f3n de los \u00edndices de delincuencia, sino como el resultado de una pol\u00edtica que se oriente hacia una estrategia integral\u201d.<\/p>\n<p>&nbsp;<\/p>\n<p>El PNUD asegura que una estrategia as\u00ed \u201cdebe incluir la mejora de la calidad de vida de la poblaci\u00f3n, la acci\u00f3n comunitaria para la prevenci\u00f3n del delito, una justicia accesible, \u00e1gil y eficaz, una educaci\u00f3n que se base en valores, en respeto de la ley y la tolerancia\u201d.<\/p>\n<p>&nbsp;<\/p>\n<p>Este enfoque tiene una serie de implicaciones sustanciales. Al tener su centro en la noci\u00f3n de amenaza y, de manera impl\u00edcita, en las de vulnerabilidad y desprotecci\u00f3n, la definici\u00f3n se aparta de las concepciones que definen la seguridad ciudadana puramente en funci\u00f3n de la criminalidad y el delito.<\/p>\n<p>&nbsp;<\/p>\n<p>Contar con una buena concepci\u00f3n de los problemas acerca, aunque no asegure del todo, a las buenas decisiones de pol\u00edtica p\u00fablica. Si el actual gobierno hubiera visto m\u00e1s all\u00e1 de s\u00f3lo la salida punitiva a los problemas de seguridad que \u00e9l mismo cre\u00f3, es probable que no hubieran muerto 60,000 mexicanos.<\/p>\n<p>&nbsp;<\/p>\n","protected":false},"excerpt":{"rendered":"<p>Rub\u00e9n Aguilar Valenzuela &nbsp; El Programa de las Naciones Unidas para el Desarrollo (PNUD) prepar\u00f3 un documento a solicitud del gobierno de Colombia, el cual plantea muy bien qu\u00e9 debe entenderse por seguridad ciudadana p\u00fablica y c\u00f3mo de ella dependen la garant\u00eda de otros derechos. &nbsp; Es un texto t\u00e9cnico, \u201cSeguridad Ciudadana y Criminalidad Trasnacional [&hellip;]<\/p>\n","protected":false},"author":1,"featured_media":7303,"comment_status":"open","ping_status":"open","sticky":false,"template":"","format":"standard","meta":{"om_disable_all_campaigns":false,"_monsterinsights_skip_tracking":false,"_monsterinsights_sitenote_active":false,"_monsterinsights_sitenote_note":"","_monsterinsights_sitenote_category":0,"footnotes":""},"categories":[5,12,3524],"tags":[],"class_list":["post-7302","post","type-post","status-publish","format-standard","has-post-thumbnail","hentry","category-mundo","category-blugs","category-noticas"],"aioseo_notices":[],"_links":{"self":[{"href":"https:\/\/elcronistadigital.com\/index.php?rest_route=\/wp\/v2\/posts\/7302","targetHints":{"allow":["GET"]}}],"collection":[{"href":"https:\/\/elcronistadigital.com\/index.php?rest_route=\/wp\/v2\/posts"}],"about":[{"href":"https:\/\/elcronistadigital.com\/index.php?rest_route=\/wp\/v2\/types\/post"}],"author":[{"embeddable":true,"href":"https:\/\/elcronistadigital.com\/index.php?rest_route=\/wp\/v2\/users\/1"}],"replies":[{"embeddable":true,"href":"https:\/\/elcronistadigital.com\/index.php?rest_route=%2Fwp%2Fv2%2Fcomments&post=7302"}],"version-history":[{"count":4,"href":"https:\/\/elcronistadigital.com\/index.php?rest_route=\/wp\/v2\/posts\/7302\/revisions"}],"predecessor-version":[{"id":7306,"href":"https:\/\/elcronistadigital.com\/index.php?rest_route=\/wp\/v2\/posts\/7302\/revisions\/7306"}],"wp:featuredmedia":[{"embeddable":true,"href":"https:\/\/elcronistadigital.com\/index.php?rest_route=\/wp\/v2\/media\/7303"}],"wp:attachment":[{"href":"https:\/\/elcronistadigital.com\/index.php?rest_route=%2Fwp%2Fv2%2Fmedia&parent=7302"}],"wp:term":[{"taxonomy":"category","embeddable":true,"href":"https:\/\/elcronistadigital.com\/index.php?rest_route=%2Fwp%2Fv2%2Fcategories&post=7302"},{"taxonomy":"post_tag","embeddable":true,"href":"https:\/\/elcronistadigital.com\/index.php?rest_route=%2Fwp%2Fv2%2Ftags&post=7302"}],"curies":[{"name":"wp","href":"https:\/\/api.w.org\/{rel}","templated":true}]}}