{"id":8459,"date":"2012-07-19T11:01:27","date_gmt":"2012-07-19T17:01:27","guid":{"rendered":"http:\/\/elcronistadigital.com\/?p=8459"},"modified":"2012-07-19T11:01:39","modified_gmt":"2012-07-19T17:01:39","slug":"perros-y-gatos-no-son-culpables-de-las-alergias","status":"publish","type":"post","link":"https:\/\/elcronistadigital.com\/?p=8459","title":{"rendered":"Perros y gatos no son culpables de las alergias"},"content":{"rendered":"<div id=\"attachment_8460\" style=\"width: 308px\" class=\"wp-caption alignleft\"><a href=\"https:\/\/elcronistadigital.com\/?attachment_id=8460\" rel=\"attachment wp-att-8460\"><img loading=\"lazy\" decoding=\"async\" aria-describedby=\"caption-attachment-8460\" class=\"size-full wp-image-8460\" title=\"rimbaud1\" src=\"https:\/\/elcronistadigital.com\/wp-content\/uploads\/2012\/07\/rimbaud1.jpg\" alt=\"\" width=\"298\" height=\"293\" srcset=\"https:\/\/elcronistadigital.com\/wp-content\/uploads\/2012\/07\/rimbaud1.jpg 298w, https:\/\/elcronistadigital.com\/wp-content\/uploads\/2012\/07\/rimbaud1-50x50.jpg 50w, https:\/\/elcronistadigital.com\/wp-content\/uploads\/2012\/07\/rimbaud1-70x70.jpg 70w, https:\/\/elcronistadigital.com\/wp-content\/uploads\/2012\/07\/rimbaud1-55x55.jpg 55w\" sizes=\"auto, (max-width: 298px) 100vw, 298px\" \/><\/a><p id=\"caption-attachment-8460\" class=\"wp-caption-text\">Dr. Enrique Rimbaud.<\/p><\/div>\n<p>Dr. Enrique Rimbaud<br \/>\nUno de los temas m\u00e1s pol\u00e9micos es acerca de si los pelos de los perros o gatos provocan alergias o problemas respiratorios, sobre todo asma, en los ni\u00f1os.<\/p>\n<p>Varias veces hemos tenido que salir a la palestra a defender lo contrario, dado que no son los pelos de los perros y gatos los que provocan estas afecciones, sino que es el polvo dom\u00e9stico. Es m\u00e1s, de acuerdo a las \u00faltimas investigaciones realizadas por la Universidad de California en los Estados Unidos, publicadas en Daily Science, aquellos ni\u00f1os que crecen con perros sufren mucho menos enfermedades respiratorias o al\u00e9rgicas que aquellos que crecen sin mascotas.<\/p>\n<p>Dec\u00edan los mayas, que en las casas que hab\u00eda xoloiztcuintle (perro pel\u00f3n mexicano), \u00e9ste se raptaba el asma, mejorando las condiciones de salud respiratoria de los habitantes de las casas.<\/p>\n<p>\u00bfPero por qu\u00e9 las leyendas urbanas y muchos dermat\u00f3logos haraganes siguen insistiendo con los pelos de perros y gatos?<\/p>\n<p>Porque al ser de menor tama\u00f1o y poder meterse debajo y encima de muebles, estos son grandes captadores de polvo dom\u00e9stico, el cual es el gran culpable de las alergias y problemas respiratorios, pero, \u00bfqu\u00e9 es y por qu\u00e9 provocan estas cosas el polvo dom\u00e9stico?<\/p>\n<p>El polvo en las casas, oficinas, y otros ambientes humanos es en gran medida generado por sus habitantes, especialmente por el desprendimiento de las c\u00e9lulas de la piel. Aproximadamente el 70 por ciento de la composici\u00f3n del polvo es c\u00e9lulas muertas de piel humana.<\/p>\n<p>Tambi\u00e9n se encuentra alg\u00fan porcentaje de polvo atmosf\u00e9rico del exterior (polvo de estrellas). En promedio, aproximadamente el ritmo de producci\u00f3n de polvo en una casa es de 6 mg\/m\u00b2\/d\u00eda, dependiendo de la cantidad de tiempo que se permanezca en la casa y del n\u00famero de habitantes. Cuando se acumula suficiente cantidad de polvo se forman pelusas (son las llamadas \u00abmotas de polvo\u00bb).<\/p>\n<p>Los insectos y otra fauna menor que habitan en las casas poseen una serie de interacciones sutiles con el polvo, dado que principalmente se alimentan de las c\u00e9lulas muertas descamadas, lo cual puede afectar la salud de los habitantes de la casa. Por ello, es recomendable mantener una cierta circulaci\u00f3n de aire, manteniendo las ventanas o puertas parcialmente abiertas. Una vez en el exterior, las part\u00edculas de polvo son llevadas por las brisas o desintegradas por la luz solar.<\/p>\n<p>Los \u00e1caros del polvo dom\u00e9stico se encuentran en todas las superficies y a\u00fan suspendidos en el aire. Los \u00e1caros del polvo se alimentan de peque\u00f1as part\u00edculas de materia org\u00e1nica, que es precisamente el principal constituyente del polvo dom\u00e9stico. Ellos excretan enzimas para digerir las part\u00edculas de polvo; estas enzimas y sus heces, a su vez, forman parte del polvo dom\u00e9stico y pueden provocar reacciones al\u00e9rgicas en los seres humanos (sobre todo rinitis al\u00e9rgica o asma).<\/p>\n<p>Los \u00e1caros del polvo se desarrollan con preferencia en las fibras de los acolchados, muebles y alfombras. El polvo dom\u00e9stico puede ser eliminado con varios m\u00e9todos: barriendo o sacudiendo con un trozo de tela, esponja, plumero o escobill\u00f3n, o por medio de succi\u00f3n con una aspiradora o con un filtro de aire.<\/p>\n<p>En principio, el dispositivo que se use retendr\u00e1 el polvo; sin embargo, parte del mismo puede ser puesto en suspensi\u00f3n en el aire con la propia actividad de limpieza (las part\u00edculas que forman el polvo dom\u00e9stico pueden entrar f\u00e1cilmente en suspensi\u00f3n) y alcanzar los pulmones de la persona que realiza esta actividad, aumentando el riesgo. Por ello, es preciso tener precauci\u00f3n al limpiar el polvo: es preferible juntarlo o rechazarlo aplicando alg\u00fan tipo de carga el\u00e9ctrica (electrost\u00e1tica).<\/p>\n<p>Esto quiere decir, que la recomendaci\u00f3n adecuada para evitar problemas de alergia o asma en los ni\u00f1os, no es criarlos sin mascotas, sino limpiar a profundidad nuestro hogar liber\u00e1ndonos del polvo e inclusive fumigar para controlar los \u00e1caros del polvo dom\u00e9stico.<\/p>\n<p>Es m\u00e1s, de acuerdo a las investigaciones realizadas, los perros al ingerir o respirar el polvo dom\u00e9stico, inactivar\u00edan los \u00e1caros mediante la digesti\u00f3n y anticuerpos espec\u00edficos, impidiendo que provoquen enfermedad en los seres humanos.<\/p>\n<p>Les pedimos a los dermat\u00f3logos, que si bien es m\u00e1s dif\u00edcil, no trunquen la felicidad de los ni\u00f1os sin motivo, no les pidan a las madres que los cr\u00eden sin mascotas, sino que limpien a fondo sus casas.<\/p>\n<p>Por lo antes dicho, porque son parte de la familia, porque son fieles, porque son nuestros amigos, porque nos protegen de enfermedades, porque los animales nos importan, tengan perro o gato en su casa, un motivo m\u00e1s para ser felices en esta vida.<\/p>\n","protected":false},"excerpt":{"rendered":"<p>Dr. Enrique Rimbaud Uno de los temas m\u00e1s pol\u00e9micos es acerca de si los pelos de los perros o gatos provocan alergias o problemas respiratorios, sobre todo asma, en los ni\u00f1os. Varias veces hemos tenido que salir a la palestra a defender lo contrario, dado que no son los pelos de los perros y gatos [&hellip;]<\/p>\n","protected":false},"author":1,"featured_media":8460,"comment_status":"open","ping_status":"open","sticky":false,"template":"","format":"standard","meta":{"om_disable_all_campaigns":false,"_monsterinsights_skip_tracking":false,"_monsterinsights_sitenote_active":false,"_monsterinsights_sitenote_note":"","_monsterinsights_sitenote_category":0,"footnotes":""},"categories":[3,12,7],"tags":[],"class_list":["post-8459","post","type-post","status-publish","format-standard","has-post-thumbnail","hentry","category-nacionales","category-blugs","category-salud-y-belleza"],"aioseo_notices":[],"_links":{"self":[{"href":"https:\/\/elcronistadigital.com\/index.php?rest_route=\/wp\/v2\/posts\/8459","targetHints":{"allow":["GET"]}}],"collection":[{"href":"https:\/\/elcronistadigital.com\/index.php?rest_route=\/wp\/v2\/posts"}],"about":[{"href":"https:\/\/elcronistadigital.com\/index.php?rest_route=\/wp\/v2\/types\/post"}],"author":[{"embeddable":true,"href":"https:\/\/elcronistadigital.com\/index.php?rest_route=\/wp\/v2\/users\/1"}],"replies":[{"embeddable":true,"href":"https:\/\/elcronistadigital.com\/index.php?rest_route=%2Fwp%2Fv2%2Fcomments&post=8459"}],"version-history":[{"count":5,"href":"https:\/\/elcronistadigital.com\/index.php?rest_route=\/wp\/v2\/posts\/8459\/revisions"}],"predecessor-version":[{"id":8465,"href":"https:\/\/elcronistadigital.com\/index.php?rest_route=\/wp\/v2\/posts\/8459\/revisions\/8465"}],"wp:featuredmedia":[{"embeddable":true,"href":"https:\/\/elcronistadigital.com\/index.php?rest_route=\/wp\/v2\/media\/8460"}],"wp:attachment":[{"href":"https:\/\/elcronistadigital.com\/index.php?rest_route=%2Fwp%2Fv2%2Fmedia&parent=8459"}],"wp:term":[{"taxonomy":"category","embeddable":true,"href":"https:\/\/elcronistadigital.com\/index.php?rest_route=%2Fwp%2Fv2%2Fcategories&post=8459"},{"taxonomy":"post_tag","embeddable":true,"href":"https:\/\/elcronistadigital.com\/index.php?rest_route=%2Fwp%2Fv2%2Ftags&post=8459"}],"curies":[{"name":"wp","href":"https:\/\/api.w.org\/{rel}","templated":true}]}}